{"id":162708,"date":"2020-05-21T11:59:37","date_gmt":"2020-05-21T14:59:37","guid":{"rendered":"http:\/\/aconteceunovale.com.br\/portal\/?p=162708"},"modified":"2020-05-21T12:00:53","modified_gmt":"2020-05-21T15:00:53","slug":"empresa-tera-que-indenizar-cliente-de-montes-claros-por-negativacao-indevida","status":"publish","type":"post","link":"https:\/\/aconteceunovale.com.br\/portal\/?p=162708","title":{"rendered":"Empresa ter\u00e1 que indenizar cliente de Montes Claros por negativa\u00e7\u00e3o indevida"},"content":{"rendered":"\n<p>A Vivo, marca comercial da Telef\u00f4nica Brasil, ter\u00e1 que indenizar um consumidor em R$ 15mil, por danos morais, por uma negativa\u00e7\u00e3o indevida de dados.\u00a0\u00a0A decis\u00e3o \u00e9 da 9\u00aa C\u00e2mara C\u00edvel do Tribunal de Justi\u00e7a de Minas Gerais (TJMG).<\/p>\n\n\n\n<p>A decis\u00e3o reforma em parte a senten\u00e7a da Comarca de Montes Claros, aumentando o valor da indeniza\u00e7\u00e3o de R$ 3 mil para R$ 15 mil.<\/p>\n\n\n\n<p>O consumidor afirmou que teve seu nome e dados negativados nos \u00f3rg\u00e3os de prote\u00e7\u00e3o ao cr\u00e9dito de forma indevida pois&nbsp;n\u00e3o tinha nenhum d\u00e9bito com a empresa. Disse ainda que o fato desencadeou s\u00e9rios problemas para fazer compras e seguir sua vida normalmente.<\/p>\n\n\n\n<p>A Vivo n\u00e3o apresentou argumentos em defesa.<\/p>\n\n\n\n<p>De acordo com o relator, desembargador M\u00e1rcio Idalmo Santos Miranda, o nome negativado gerou transtornos imensur\u00e1veis na vida consumidor. Portanto, o valor estipulado inicialmente deve ser alterado, pois a repara\u00e7\u00e3o por dano moral tem o dever de reparar a dor sofrida pelo ofendido.<\/p>\n\n\n\n<p>Os desembargadores Amorim Siqueira e Pedro Bernardes seguiram o voto do relator.<\/p>\n\n\n\n<p>Veja o\u00a0<a rel=\"noreferrer noopener\" target=\"_blank\" href=\"https:\/\/webmail.tjmg.jus.br\/service\/home\/~\/?auth=co&amp;loc=pt_BR&amp;id=56583&amp;part=3\">ac\u00f3rd\u00e3o<\/a>\u00a0e acompanhe a\u00a0<a rel=\"noreferrer noopener\" target=\"_blank\" href=\"https:\/\/www4.tjmg.jus.br\/juridico\/sf\/proc_resultado2.jsp?tipoPesquisa2=1&amp;txtProcesso=10000191694033001&amp;nomePessoa=&amp;tipoPessoa=X&amp;naturezaProcesso=0&amp;situacaoParte=X&amp;codigoOAB2=&amp;tipoOAB=N&amp;ufOAB=MG&amp;numero=20&amp;select=1&amp;listaProcessos=10000191694033001&amp;tipoConsulta=1&amp;natureza=0&amp;ativoBaixado=X&amp;comrCodigo=0024\">movimenta\u00e7\u00e3o processual<\/a>.<\/p>\n\n\n\n<p class=\"has-background has-very-light-gray-background-color\">Quer saber as not\u00edcias do <strong>Aconteceu no Vale<\/strong> em primeira m\u00e3o? Siga-nos no Facebook <a rel=\"noreferrer noopener\" href=\"http:\/\/facebook.com\/aconteceunovale\" target=\"_blank\">@aconteceunovale<\/a>, Twitter <a rel=\"noreferrer noopener\" href=\"https:\/\/twitter.com\/noticiadosvales\" target=\"_blank\">@noticiadosvales<\/a> e Instagram <a rel=\"noreferrer noopener\" href=\"https:\/\/www.instagram.com\/aconteceunovale\" target=\"_blank\">@aconteceunovale<\/a>.<\/p>\n","protected":false},"excerpt":{"rendered":"<p>A Vivo, marca comercial da Telef\u00f4nica Brasil, ter\u00e1 que indenizar um consumidor em R$ 15mil, por danos morais, por uma negativa\u00e7\u00e3o indevida de dados.\u00a0\u00a0A decis\u00e3o \u00e9 da 9\u00aa C\u00e2mara C\u00edvel do Tribunal de Justi\u00e7a de Minas Gerais (TJMG). A decis\u00e3o reforma em parte a senten\u00e7a da Comarca de Montes Claros, aumentando o valor da indeniza\u00e7\u00e3o [&hellip;]<\/p>\n","protected":false},"author":1,"featured_media":130890,"comment_status":"open","ping_status":"closed","sticky":false,"template":"","format":"standard","meta":{"amp_status":"","footnotes":""},"categories":[1236],"tags":[222113,222114,222115,140692,210,222112,222111,222116,100890,270,19693],"class_list":["post-162708","post","type-post","status-publish","format-standard","has-post-thumbnail","hentry","category-norte_de_minas","tag-empresa-tera-que-indenizar-cliente-de-montes-claros-em-r-15-mil-por-negativacao-indevida","tag-indenizacao-por-negativacao-indevida","tag-indenizacao-vivo-montes-claros","tag-justica-de-minas-gerais","tag-montes-claros","tag-processo-contra-a-vivo","tag-processo-contra-a-vivo-em-montes-claros","tag-processo-por-negativacao-indevida","tag-telefonica-brasil","tag-tjmg","tag-vivo"],"_links":{"self":[{"href":"https:\/\/aconteceunovale.com.br\/portal\/index.php?rest_route=\/wp\/v2\/posts\/162708","targetHints":{"allow":["GET"]}}],"collection":[{"href":"https:\/\/aconteceunovale.com.br\/portal\/index.php?rest_route=\/wp\/v2\/posts"}],"about":[{"href":"https:\/\/aconteceunovale.com.br\/portal\/index.php?rest_route=\/wp\/v2\/types\/post"}],"author":[{"embeddable":true,"href":"https:\/\/aconteceunovale.com.br\/portal\/index.php?rest_route=\/wp\/v2\/users\/1"}],"replies":[{"embeddable":true,"href":"https:\/\/aconteceunovale.com.br\/portal\/index.php?rest_route=%2Fwp%2Fv2%2Fcomments&post=162708"}],"version-history":[{"count":1,"href":"https:\/\/aconteceunovale.com.br\/portal\/index.php?rest_route=\/wp\/v2\/posts\/162708\/revisions"}],"predecessor-version":[{"id":162709,"href":"https:\/\/aconteceunovale.com.br\/portal\/index.php?rest_route=\/wp\/v2\/posts\/162708\/revisions\/162709"}],"wp:featuredmedia":[{"embeddable":true,"href":"https:\/\/aconteceunovale.com.br\/portal\/index.php?rest_route=\/wp\/v2\/media\/130890"}],"wp:attachment":[{"href":"https:\/\/aconteceunovale.com.br\/portal\/index.php?rest_route=%2Fwp%2Fv2%2Fmedia&parent=162708"}],"wp:term":[{"taxonomy":"category","embeddable":true,"href":"https:\/\/aconteceunovale.com.br\/portal\/index.php?rest_route=%2Fwp%2Fv2%2Fcategories&post=162708"},{"taxonomy":"post_tag","embeddable":true,"href":"https:\/\/aconteceunovale.com.br\/portal\/index.php?rest_route=%2Fwp%2Fv2%2Ftags&post=162708"}],"curies":[{"name":"wp","href":"https:\/\/api.w.org\/{rel}","templated":true}]}}