{"id":162660,"date":"2020-05-20T12:48:21","date_gmt":"2020-05-20T15:48:21","guid":{"rendered":"http:\/\/aconteceunovale.com.br\/portal\/?p=162660"},"modified":"2020-05-20T12:48:56","modified_gmt":"2020-05-20T15:48:56","slug":"regina-duarte-deixa-secretaria-de-cultura","status":"publish","type":"post","link":"https:\/\/aconteceunovale.com.br\/portal\/?p=162660","title":{"rendered":"Regina Duarte deixa Secretaria de Cultura"},"content":{"rendered":"\n<p>A atriz Regina Duarte deixar\u00e1 a Secretaria Especial de Cultura do governo. O an\u00fancio foi feito nesta quarta-feira (20\/5\/2020) pelo presidente Jair Bolsonaro, depois de uma reuni\u00e3o pela manh\u00e3 com a secret\u00e1ria.<\/p>\n\n\n\n<p>\u201cRegina Duarte relatou que sente falta de sua fam\u00edlia, mas para que ela possa continuar contribuindo com o governo e a cultura brasileira, assumir\u00e1, em alguns dias, a Cinemateca em SP. Nos pr\u00f3ximos dias, durante a transi\u00e7\u00e3o, ser\u00e1 mostrado o trabalho j\u00e1 realizado nos \u00faltimos 60 dias\u201d, anunciou o presidente pelo Twitter.<\/p>\n\n\n\n<p>Na mesma publica\u00e7\u00e3o, Regina Duarte aparece em um v\u00eddeo ao lado do presidente comemorando a mudan\u00e7a. \u201cAcabo de ganhar um presente, que \u00e9 o sonho de toda pessoa de comunica\u00e7\u00e3o, de audiovisual, de cinema, de teatro. Um convite para fazer Cinemateca, que \u00e9 um bra\u00e7o da cultura que funciona em S\u00e3o Paulo. \u00c9 um museu de toda filmografia brasileira. [Vou] ficar ali secretariando o governo, dentro da Cultura na Cinemateca. Pode ter presente melhor que esse? Obrigada, presidente!\u201d, ressaltou a atriz, acrescentando que sente falta da vida na capital paulista com seus filhos e netos.<\/p>\n\n\n\n<p>Ainda no v\u00eddeo, em tom de brincadeira, Regina pergunta ao presidente se ela estaria sendo \u00a8fritada\u00a8 por ele, como afirmam v\u00e1rios ve\u00edculos de imprensa. \u201cToda semana tem um ou dois ministros que, segundo a m\u00eddia, est\u00e3o sendo fritados. O objetivo \u00e9 desestabilizar a gente e tentar jogar o governo no ch\u00e3o. Jamais vou fritar voc\u00ea\u201d, respondeu, bem-humorado, Bolsonaro.<\/p>\n\n\n\n<p>O nome do indicado a ocupar a Secretaria Especial de Cultura ainda n\u00e3o foi anunciado.<\/p>\n\n\n\n<figure class=\"wp-block-gallery columns-1 is-cropped wp-block-gallery-1 is-layout-flex wp-block-gallery-is-layout-flex\"><ul class=\"blocks-gallery-grid\"><li class=\"blocks-gallery-item\"><figure><img loading=\"lazy\" decoding=\"async\" width=\"678\" height=\"406\" src=\"http:\/\/aconteceunovale.com.br\/portal\/wp-content\/uploads\/2020\/05\/regina_duarte.jpg\" alt=\"\" data-id=\"162661\" data-full-url=\"http:\/\/aconteceunovale.com.br\/portal\/wp-content\/uploads\/2020\/05\/regina_duarte.jpg\" data-link=\"http:\/\/aconteceunovale.com.br\/portal\/?attachment_id=162661\" class=\"wp-image-162661\" srcset=\"https:\/\/aconteceunovale.com.br\/portal\/wp-content\/uploads\/2020\/05\/regina_duarte.jpg 678w, https:\/\/aconteceunovale.com.br\/portal\/wp-content\/uploads\/2020\/05\/regina_duarte-300x180.jpg 300w\" sizes=\"auto, (max-width: 678px) 100vw, 678px\" \/><figcaption class=\"blocks-gallery-item__caption\"><em>Foto: Antonio Cruz \/ Ag\u00eancia Brasil<\/em><\/figcaption><\/figure><\/li><\/ul><\/figure>\n\n\n\n<p class=\"has-background has-very-light-gray-background-color\">Quer saber as not\u00edcias do <strong>Aconteceu no Vale<\/strong> em primeira m\u00e3o? Siga-nos no Facebook <a rel=\"noreferrer noopener\" href=\"http:\/\/facebook.com\/aconteceunovale\" target=\"_blank\">@aconteceunovale<\/a>, Twitter <a rel=\"noreferrer noopener\" href=\"https:\/\/twitter.com\/noticiadosvales\" target=\"_blank\">@noticiadosvales<\/a> e Instagram <a rel=\"noreferrer noopener\" href=\"https:\/\/www.instagram.com\/aconteceunovale\" target=\"_blank\">@aconteceunovale<\/a>.<\/p>\n","protected":false},"excerpt":{"rendered":"<p>A atriz Regina Duarte deixar\u00e1 a Secretaria Especial de Cultura do governo. O an\u00fancio foi feito nesta quarta-feira (20\/5\/2020) pelo presidente Jair Bolsonaro, depois de uma reuni\u00e3o pela manh\u00e3 com a secret\u00e1ria. \u201cRegina Duarte relatou que sente falta de sua fam\u00edlia, mas para que ela possa continuar contribuindo com o governo e a cultura brasileira, [&hellip;]<\/p>\n","protected":false},"author":1,"featured_media":162661,"comment_status":"open","ping_status":"closed","sticky":false,"template":"","format":"standard","meta":{"amp_status":"","footnotes":""},"categories":[6,40240],"tags":[100375,215103,222076,215098,26436,215102,215101,215099,215662,222075,222074,167769,215100],"class_list":["post-162660","post","type-post","status-publish","format-standard","has-post-thumbnail","hentry","category-br","category-politica-2","tag-bolsonaro","tag-bolsonaro-convida-regina-duarte-para-pasta-da-cultura","tag-cinemateca","tag-conversa-entre-bolsonaro-e-regina-duarte","tag-jair-bolsonaro","tag-marcello-crivella","tag-ministerio-da-cultura-regina-duarte","tag-regina-duarte","tag-regina-duarte-aceita-convite-para-ser-secretaria-de-cultura","tag-regina-duarte-assumira-cinemateca-em-sao-paulo","tag-regina-duarte-deixa-secretaria-de-cultura","tag-roberto-alvim","tag-secretaria-de-cultura-regina-duarte"],"_links":{"self":[{"href":"https:\/\/aconteceunovale.com.br\/portal\/index.php?rest_route=\/wp\/v2\/posts\/162660","targetHints":{"allow":["GET"]}}],"collection":[{"href":"https:\/\/aconteceunovale.com.br\/portal\/index.php?rest_route=\/wp\/v2\/posts"}],"about":[{"href":"https:\/\/aconteceunovale.com.br\/portal\/index.php?rest_route=\/wp\/v2\/types\/post"}],"author":[{"embeddable":true,"href":"https:\/\/aconteceunovale.com.br\/portal\/index.php?rest_route=\/wp\/v2\/users\/1"}],"replies":[{"embeddable":true,"href":"https:\/\/aconteceunovale.com.br\/portal\/index.php?rest_route=%2Fwp%2Fv2%2Fcomments&post=162660"}],"version-history":[{"count":1,"href":"https:\/\/aconteceunovale.com.br\/portal\/index.php?rest_route=\/wp\/v2\/posts\/162660\/revisions"}],"predecessor-version":[{"id":162662,"href":"https:\/\/aconteceunovale.com.br\/portal\/index.php?rest_route=\/wp\/v2\/posts\/162660\/revisions\/162662"}],"wp:featuredmedia":[{"embeddable":true,"href":"https:\/\/aconteceunovale.com.br\/portal\/index.php?rest_route=\/wp\/v2\/media\/162661"}],"wp:attachment":[{"href":"https:\/\/aconteceunovale.com.br\/portal\/index.php?rest_route=%2Fwp%2Fv2%2Fmedia&parent=162660"}],"wp:term":[{"taxonomy":"category","embeddable":true,"href":"https:\/\/aconteceunovale.com.br\/portal\/index.php?rest_route=%2Fwp%2Fv2%2Fcategories&post=162660"},{"taxonomy":"post_tag","embeddable":true,"href":"https:\/\/aconteceunovale.com.br\/portal\/index.php?rest_route=%2Fwp%2Fv2%2Ftags&post=162660"}],"curies":[{"name":"wp","href":"https:\/\/api.w.org\/{rel}","templated":true}]}}