{"id":162504,"date":"2020-05-17T16:51:25","date_gmt":"2020-05-17T19:51:25","guid":{"rendered":"http:\/\/aconteceunovale.com.br\/portal\/?p=162504"},"modified":"2020-05-17T22:45:17","modified_gmt":"2020-05-18T01:45:17","slug":"colisao-entre-carro-e-carreta-deixa-dois-mortos-na-br-116","status":"publish","type":"post","link":"https:\/\/aconteceunovale.com.br\/portal\/?p=162504","title":{"rendered":"Colis\u00e3o entre carro e carreta deixa dois mortos na BR-116"},"content":{"rendered":"\n<p>Dois irm\u00e3os morreram em um grav\u00edssimo acidente na BR-116, pr\u00f3ximo a Cara\u00ed (MG), na madrugada deste domingo (17\/05\/2020). A colis\u00e3o entre um autom\u00f3vel Chevrolet Cruze e uma carreta aconteceu por pr\u00f3ximo ao quil\u00f4metro 201.<\/p>\n\n\n\n<p>Segundo informa\u00e7\u00f5es do Corpo de Bombeiros, o condutor do Cruze, que seguia de Salvador para S\u00e3o Paulo, relatou ter perdido o controle do ve\u00edculo e invadido a contram\u00e3o de dire\u00e7\u00e3o. A motorista de uma carreta, que transitava no sentido contr\u00e1rio, n\u00e3o conseguiu evitar a colis\u00e3o.<\/p>\n\n\n\n<p>Edmilson Ribeiro, de 48 anos, passageiro que estava no banco traseiro do carro, n\u00e3o resistiu aos ferimentos e morreu preso \u00e0s ferragens. O passageiro do banco da frente, Everaldo Ribeiro, foi socorrido por uma equipe do SAMU (Servi\u00e7o de Atendimento M\u00f3vel de Urg\u00eancia), mas n\u00e3o resistiu e veio a \u00f3bito a caminho do hospital.<\/p>\n\n\n\n<p>Segundo o motorista do ve\u00edculo, ele e os dois irm\u00e3os seguiam para a capital paulista e iriam trabalhar nesta segunda-feira. O condutor e a motorista da carreta n\u00e3o tiveram ferimentos.<\/p>\n\n\n\n<p>Os corpos de Edmilson e Everaldo foram encaminhados ao Instituto M\u00e9dico Legal (IML) de Te\u00f3filo Otoni. As causas do acidente ser\u00e3o investigadas pela Pol\u00edcia Civil.<\/p>\n\n\n\n<figure class=\"wp-block-gallery columns-1 is-cropped wp-block-gallery-1 is-layout-flex wp-block-gallery-is-layout-flex\"><ul class=\"blocks-gallery-grid\"><li class=\"blocks-gallery-item\"><figure><img loading=\"lazy\" decoding=\"async\" width=\"678\" height=\"423\" src=\"http:\/\/aconteceunovale.com.br\/portal\/wp-content\/uploads\/2020\/05\/acidente_116_1.jpg\" alt=\"\" data-id=\"162505\" data-full-url=\"http:\/\/aconteceunovale.com.br\/portal\/wp-content\/uploads\/2020\/05\/acidente_116_1.jpg\" data-link=\"http:\/\/aconteceunovale.com.br\/portal\/?attachment_id=162505\" class=\"wp-image-162505\" srcset=\"https:\/\/aconteceunovale.com.br\/portal\/wp-content\/uploads\/2020\/05\/acidente_116_1.jpg 678w, https:\/\/aconteceunovale.com.br\/portal\/wp-content\/uploads\/2020\/05\/acidente_116_1-300x187.jpg 300w, https:\/\/aconteceunovale.com.br\/portal\/wp-content\/uploads\/2020\/05\/acidente_116_1-673x420.jpg 673w\" sizes=\"auto, (max-width: 678px) 100vw, 678px\" \/><figcaption class=\"blocks-gallery-item__caption\"><em>Cr\u00e9dito: Leandro Silva e Francisco Couy<\/em><\/figcaption><\/figure><\/li><li class=\"blocks-gallery-item\"><figure><img loading=\"lazy\" decoding=\"async\" width=\"678\" height=\"416\" src=\"http:\/\/aconteceunovale.com.br\/portal\/wp-content\/uploads\/2020\/05\/acidente_116_2.jpg\" alt=\"\" data-id=\"162506\" data-full-url=\"http:\/\/aconteceunovale.com.br\/portal\/wp-content\/uploads\/2020\/05\/acidente_116_2.jpg\" data-link=\"http:\/\/aconteceunovale.com.br\/portal\/?attachment_id=162506\" class=\"wp-image-162506\" srcset=\"https:\/\/aconteceunovale.com.br\/portal\/wp-content\/uploads\/2020\/05\/acidente_116_2.jpg 678w, https:\/\/aconteceunovale.com.br\/portal\/wp-content\/uploads\/2020\/05\/acidente_116_2-300x184.jpg 300w\" sizes=\"auto, (max-width: 678px) 100vw, 678px\" \/><figcaption class=\"blocks-gallery-item__caption\"><em>Cr\u00e9dito: Leandro Silva e Francisco Couy<\/em><\/figcaption><\/figure><\/li><li class=\"blocks-gallery-item\"><figure><img loading=\"lazy\" decoding=\"async\" width=\"678\" height=\"394\" src=\"http:\/\/aconteceunovale.com.br\/portal\/wp-content\/uploads\/2020\/05\/acidente_116_3.jpg\" alt=\"\" data-id=\"162507\" data-full-url=\"http:\/\/aconteceunovale.com.br\/portal\/wp-content\/uploads\/2020\/05\/acidente_116_3.jpg\" data-link=\"http:\/\/aconteceunovale.com.br\/portal\/?attachment_id=162507\" class=\"wp-image-162507\" srcset=\"https:\/\/aconteceunovale.com.br\/portal\/wp-content\/uploads\/2020\/05\/acidente_116_3.jpg 678w, https:\/\/aconteceunovale.com.br\/portal\/wp-content\/uploads\/2020\/05\/acidente_116_3-300x174.jpg 300w\" sizes=\"auto, (max-width: 678px) 100vw, 678px\" \/><figcaption class=\"blocks-gallery-item__caption\"><em>Cr\u00e9dito: Leandro Silva e Francisco Couy<\/em><\/figcaption><\/figure><\/li><li class=\"blocks-gallery-item\"><figure><img loading=\"lazy\" decoding=\"async\" width=\"678\" height=\"381\" src=\"http:\/\/aconteceunovale.com.br\/portal\/wp-content\/uploads\/2020\/05\/acidente_116_4.jpg\" alt=\"\" data-id=\"162508\" data-full-url=\"http:\/\/aconteceunovale.com.br\/portal\/wp-content\/uploads\/2020\/05\/acidente_116_4.jpg\" data-link=\"http:\/\/aconteceunovale.com.br\/portal\/?attachment_id=162508\" class=\"wp-image-162508\" srcset=\"https:\/\/aconteceunovale.com.br\/portal\/wp-content\/uploads\/2020\/05\/acidente_116_4.jpg 678w, https:\/\/aconteceunovale.com.br\/portal\/wp-content\/uploads\/2020\/05\/acidente_116_4-300x169.jpg 300w\" sizes=\"auto, (max-width: 678px) 100vw, 678px\" \/><figcaption class=\"blocks-gallery-item__caption\"><em>Cr\u00e9dito: Leandro Silva e Francisco Couy<\/em><\/figcaption><\/figure><\/li><li class=\"blocks-gallery-item\"><figure><img loading=\"lazy\" decoding=\"async\" width=\"678\" height=\"381\" src=\"http:\/\/aconteceunovale.com.br\/portal\/wp-content\/uploads\/2020\/05\/acidente_116_5.jpg\" alt=\"\" data-id=\"162509\" data-full-url=\"http:\/\/aconteceunovale.com.br\/portal\/wp-content\/uploads\/2020\/05\/acidente_116_5.jpg\" data-link=\"http:\/\/aconteceunovale.com.br\/portal\/?attachment_id=162509\" class=\"wp-image-162509\" srcset=\"https:\/\/aconteceunovale.com.br\/portal\/wp-content\/uploads\/2020\/05\/acidente_116_5.jpg 678w, https:\/\/aconteceunovale.com.br\/portal\/wp-content\/uploads\/2020\/05\/acidente_116_5-300x169.jpg 300w\" sizes=\"auto, (max-width: 678px) 100vw, 678px\" \/><figcaption class=\"blocks-gallery-item__caption\"><em>Cr\u00e9dito: Leandro Silva e Francisco Couy<\/em><\/figcaption><\/figure><\/li><li class=\"blocks-gallery-item\"><figure><img loading=\"lazy\" decoding=\"async\" width=\"678\" height=\"381\" src=\"http:\/\/aconteceunovale.com.br\/portal\/wp-content\/uploads\/2020\/05\/acidente_116_6.jpg\" alt=\"\" data-id=\"162510\" data-full-url=\"http:\/\/aconteceunovale.com.br\/portal\/wp-content\/uploads\/2020\/05\/acidente_116_6.jpg\" data-link=\"http:\/\/aconteceunovale.com.br\/portal\/?attachment_id=162510\" class=\"wp-image-162510\" srcset=\"https:\/\/aconteceunovale.com.br\/portal\/wp-content\/uploads\/2020\/05\/acidente_116_6.jpg 678w, https:\/\/aconteceunovale.com.br\/portal\/wp-content\/uploads\/2020\/05\/acidente_116_6-300x169.jpg 300w\" sizes=\"auto, (max-width: 678px) 100vw, 678px\" \/><figcaption class=\"blocks-gallery-item__caption\"><em>Cr\u00e9dito: Leandro Silva e Francisco Couy<\/em><\/figcaption><\/figure><\/li><li class=\"blocks-gallery-item\"><figure><img loading=\"lazy\" decoding=\"async\" width=\"678\" height=\"381\" src=\"http:\/\/aconteceunovale.com.br\/portal\/wp-content\/uploads\/2020\/05\/acidente_116_7.jpg\" alt=\"\" data-id=\"162511\" data-full-url=\"http:\/\/aconteceunovale.com.br\/portal\/wp-content\/uploads\/2020\/05\/acidente_116_7.jpg\" data-link=\"http:\/\/aconteceunovale.com.br\/portal\/?attachment_id=162511\" class=\"wp-image-162511\" srcset=\"https:\/\/aconteceunovale.com.br\/portal\/wp-content\/uploads\/2020\/05\/acidente_116_7.jpg 678w, https:\/\/aconteceunovale.com.br\/portal\/wp-content\/uploads\/2020\/05\/acidente_116_7-300x169.jpg 300w\" sizes=\"auto, (max-width: 678px) 100vw, 678px\" \/><figcaption class=\"blocks-gallery-item__caption\"><em>Cr\u00e9dito: Leandro Silva e Francisco Couy<\/em><\/figcaption><\/figure><\/li><li class=\"blocks-gallery-item\"><figure><img loading=\"lazy\" decoding=\"async\" width=\"678\" height=\"429\" src=\"http:\/\/aconteceunovale.com.br\/portal\/wp-content\/uploads\/2020\/05\/acidente_116_8.jpg\" alt=\"\" data-id=\"162512\" data-full-url=\"http:\/\/aconteceunovale.com.br\/portal\/wp-content\/uploads\/2020\/05\/acidente_116_8.jpg\" data-link=\"http:\/\/aconteceunovale.com.br\/portal\/?attachment_id=162512\" class=\"wp-image-162512\" srcset=\"https:\/\/aconteceunovale.com.br\/portal\/wp-content\/uploads\/2020\/05\/acidente_116_8.jpg 678w, https:\/\/aconteceunovale.com.br\/portal\/wp-content\/uploads\/2020\/05\/acidente_116_8-300x190.jpg 300w, https:\/\/aconteceunovale.com.br\/portal\/wp-content\/uploads\/2020\/05\/acidente_116_8-664x420.jpg 664w\" sizes=\"auto, (max-width: 678px) 100vw, 678px\" \/><figcaption class=\"blocks-gallery-item__caption\"><em>Cr\u00e9dito: Leandro Silva e Francisco Couy<\/em><\/figcaption><\/figure><\/li><\/ul><\/figure>\n\n\n\n<p class=\"has-background has-very-light-gray-background-color\">Quer saber as not\u00edcias do <strong>Aconteceu no Vale<\/strong> em primeira m\u00e3o? Siga-nos no Facebook <a rel=\"noreferrer noopener\" href=\"http:\/\/facebook.com\/aconteceunovale\" target=\"_blank\">@aconteceunovale<\/a>, Twitter <a rel=\"noreferrer noopener\" href=\"https:\/\/twitter.com\/noticiadosvales\" target=\"_blank\">@noticiadosvales<\/a> e Instagram <a rel=\"noreferrer noopener\" href=\"https:\/\/www.instagram.com\/aconteceunovale\" target=\"_blank\">@aconteceunovale<\/a>.<\/p>\n","protected":false},"excerpt":{"rendered":"<p>Dois irm\u00e3os morreram em um grav\u00edssimo acidente na BR-116, pr\u00f3ximo a Cara\u00ed (MG), na madrugada deste domingo (17\/05\/2020). A colis\u00e3o entre um autom\u00f3vel Chevrolet Cruze e uma carreta aconteceu por pr\u00f3ximo ao quil\u00f4metro 201. Segundo informa\u00e7\u00f5es do Corpo de Bombeiros, o condutor do Cruze, que seguia de Salvador para S\u00e3o Paulo, relatou ter perdido o [&hellip;]<\/p>\n","protected":false},"author":1,"featured_media":162511,"comment_status":"open","ping_status":"closed","sticky":false,"template":"","format":"standard","meta":{"amp_status":"","footnotes":""},"categories":[120,122],"tags":[160895,221834,221835,71213,221831,216574,3945,94457,182,490,221830,1018,221833,221832,6531,2382,164],"class_list":["post-162504","post","type-post","status-publish","format-standard","has-post-thumbnail","hentry","category-jequi","category-mucuri","tag-acidente-com-carro-que-seguia-de-salvador-para-sao-paulo","tag-acidente-com-cruze-que-seguia-para-sao-paulo","tag-acidente-com-irmaos-de-salvador","tag-acidente-em-carai","tag-acidente-entre-carro-e-carreta-em-carai","tag-acidente-entre-carro-e-carreta-na-br-116-2","tag-acidente-na-br-116","tag-acidente-na-br-116-em-carai","tag-br-116","tag-carai","tag-colisao-entre-carro-e-carreta-deixa-dois-mortos-na-br-116","tag-destaque","tag-edmilson-ribeiro","tag-everaldo-ribeiro","tag-salvador","tag-sao-paulo","tag-teofilo-otoni"],"_links":{"self":[{"href":"https:\/\/aconteceunovale.com.br\/portal\/index.php?rest_route=\/wp\/v2\/posts\/162504","targetHints":{"allow":["GET"]}}],"collection":[{"href":"https:\/\/aconteceunovale.com.br\/portal\/index.php?rest_route=\/wp\/v2\/posts"}],"about":[{"href":"https:\/\/aconteceunovale.com.br\/portal\/index.php?rest_route=\/wp\/v2\/types\/post"}],"author":[{"embeddable":true,"href":"https:\/\/aconteceunovale.com.br\/portal\/index.php?rest_route=\/wp\/v2\/users\/1"}],"replies":[{"embeddable":true,"href":"https:\/\/aconteceunovale.com.br\/portal\/index.php?rest_route=%2Fwp%2Fv2%2Fcomments&post=162504"}],"version-history":[{"count":4,"href":"https:\/\/aconteceunovale.com.br\/portal\/index.php?rest_route=\/wp\/v2\/posts\/162504\/revisions"}],"predecessor-version":[{"id":162523,"href":"https:\/\/aconteceunovale.com.br\/portal\/index.php?rest_route=\/wp\/v2\/posts\/162504\/revisions\/162523"}],"wp:featuredmedia":[{"embeddable":true,"href":"https:\/\/aconteceunovale.com.br\/portal\/index.php?rest_route=\/wp\/v2\/media\/162511"}],"wp:attachment":[{"href":"https:\/\/aconteceunovale.com.br\/portal\/index.php?rest_route=%2Fwp%2Fv2%2Fmedia&parent=162504"}],"wp:term":[{"taxonomy":"category","embeddable":true,"href":"https:\/\/aconteceunovale.com.br\/portal\/index.php?rest_route=%2Fwp%2Fv2%2Fcategories&post=162504"},{"taxonomy":"post_tag","embeddable":true,"href":"https:\/\/aconteceunovale.com.br\/portal\/index.php?rest_route=%2Fwp%2Fv2%2Ftags&post=162504"}],"curies":[{"name":"wp","href":"https:\/\/api.w.org\/{rel}","templated":true}]}}