{"id":162450,"date":"2020-05-15T19:56:36","date_gmt":"2020-05-15T22:56:36","guid":{"rendered":"http:\/\/aconteceunovale.com.br\/portal\/?p=162450"},"modified":"2020-05-15T19:57:58","modified_gmt":"2020-05-15T22:57:58","slug":"numero-de-infectados-por-covid-19-em-teofilo-otoni-sobe-para-50","status":"publish","type":"post","link":"https:\/\/aconteceunovale.com.br\/portal\/?p=162450","title":{"rendered":"N\u00famero de infectados por Covid-19 em Te\u00f3filo Otoni sobe para 50"},"content":{"rendered":"\n<p>A Prefeitura de Te\u00f3filo Otoni (MG) confirmou dois novos casos de Covid-19. Segundo informa\u00e7\u00f5es do boletim epidemiol\u00f3gico, atualizado na noite desta sexta-feira (15\/05\/2020), 50 pessoas j\u00e1 foram infectadas pelo coronav\u00edrus no munic\u00edpio.<\/p>\n\n\n\n<p>De acordo com a prefeitura, seis pacientes est\u00e3o internados, sendo que um est\u00e1 na UTI, e 24 em isolamento domiciliar. Dentro das estat\u00edsticas de confirmados, Te\u00f3filo Otoni tem 18 recuperados e dois \u00f3bitos.<\/p>\n\n\n\n<p>Ainda segundo o boletim epidemiol\u00f3gico, 328 pessoas est\u00e3o classificadas como suspeitas de terem contra\u00eddo a doen\u00e7a. Dessas, 317 est\u00e3o em isolamento domiciliar e 11 internadas (duas em UTI).<\/p>\n\n\n\n<p>At\u00e9 esta sexta-feira, conforme o boletim, 162 casos foram descartados por exames laboratoriais e 178 conclu\u00edram o monitoramento por crit\u00e9rio cl\u00ednico.<\/p>\n\n\n\n<p><strong>Confira o boletim epidemiol\u00f3gico de 15\/05\/2020:<\/strong><\/p>\n\n\n\n<figure class=\"wp-block-gallery columns-1 is-cropped wp-block-gallery-1 is-layout-flex wp-block-gallery-is-layout-flex\"><ul class=\"blocks-gallery-grid\"><li class=\"blocks-gallery-item\"><figure><img loading=\"lazy\" decoding=\"async\" width=\"678\" height=\"383\" src=\"http:\/\/aconteceunovale.com.br\/portal\/wp-content\/uploads\/2020\/05\/boletim_corona_teo_15maio.jpg\" alt=\"\" data-id=\"162451\" data-full-url=\"http:\/\/aconteceunovale.com.br\/portal\/wp-content\/uploads\/2020\/05\/boletim_corona_teo_15maio.jpg\" data-link=\"http:\/\/aconteceunovale.com.br\/portal\/?attachment_id=162451\" class=\"wp-image-162451\" srcset=\"https:\/\/aconteceunovale.com.br\/portal\/wp-content\/uploads\/2020\/05\/boletim_corona_teo_15maio.jpg 678w, https:\/\/aconteceunovale.com.br\/portal\/wp-content\/uploads\/2020\/05\/boletim_corona_teo_15maio-300x169.jpg 300w\" sizes=\"auto, (max-width: 678px) 100vw, 678px\" \/><\/figure><\/li><\/ul><\/figure>\n\n\n\n<p class=\"has-background has-very-light-gray-background-color\">Quer saber as not\u00edcias do <strong>Aconteceu no Vale<\/strong> em primeira m\u00e3o? Siga-nos no Facebook <a rel=\"noreferrer noopener\" href=\"http:\/\/facebook.com\/aconteceunovale\" target=\"_blank\">@aconteceunovale<\/a>, Twitter <a rel=\"noreferrer noopener\" href=\"https:\/\/twitter.com\/noticiadosvales\" target=\"_blank\">@noticiadosvales<\/a> e Instagram <a rel=\"noreferrer noopener\" href=\"https:\/\/www.instagram.com\/aconteceunovale\" target=\"_blank\">@aconteceunovale<\/a>.<\/p>\n","protected":false},"excerpt":{"rendered":"<p>A Prefeitura de Te\u00f3filo Otoni (MG) confirmou dois novos casos de Covid-19. Segundo informa\u00e7\u00f5es do boletim epidemiol\u00f3gico, atualizado na noite desta sexta-feira (15\/05\/2020), 50 pessoas j\u00e1 foram infectadas pelo coronav\u00edrus no munic\u00edpio. De acordo com a prefeitura, seis pacientes est\u00e3o internados, sendo que um est\u00e1 na UTI, e 24 em isolamento domiciliar. Dentro das estat\u00edsticas [&hellip;]<\/p>\n","protected":false},"author":1,"featured_media":162451,"comment_status":"open","ping_status":"closed","sticky":false,"template":"","format":"standard","meta":{"amp_status":"","footnotes":""},"categories":[40242,122],"tags":[220816,214884,220365,221558,216498,220363,220815,221486,221485,221783,221483,221484,220817,221646,220818,221096,164,220813,221487,220814,220812],"class_list":["post-162450","post","type-post","status-publish","format-standard","has-post-thumbnail","hentry","category-saude-2","category-mucuri","tag-casos-de-coronavirus-em-teofilo-otoni","tag-coronavirus","tag-coronavirus-em-teofilo-otoni","tag-coronavirus-prefeitura-de-teofilo-otoni-confirma-35-casos-e-dois-obitos","tag-covid-19","tag-covid-19-em-teofilo-otoni","tag-infectados-por-coronavirus-em-teofilo-otoni","tag-morte-por-coronavirus-em-teofilo-otoni","tag-morte-por-covid-19-em-teofilo-otoni","tag-numero-de-infectados-por-covid-19-em-teofilo-otoni-sobe-para-50","tag-obito-por-coronavirus-em-teofilo-otoni","tag-obito-por-covid-19-em-teofilo-otoni","tag-pacientes-de-coronavirus-em-teofilo-otoni","tag-prefeitura-de-teofilo-otoni-confirma-mais-sete-casos-de-covid-19","tag-profissionais-de-saude-infectados-com-coronavirus-em-teofilo-otoni","tag-sobe-para-16-o-numero-de-casos-confirmados-de-coronavirus-em-teofilo-otoni","tag-teofilo-otoni","tag-teofilo-otoni-confirma-oito-casos-de-coronavirus","tag-teofilo-otoni-confirma-primeiro-obito-por-coronavirus","tag-teofilo-otoni-coronavirus","tag-teofilo-otoni-covid-19"],"_links":{"self":[{"href":"https:\/\/aconteceunovale.com.br\/portal\/index.php?rest_route=\/wp\/v2\/posts\/162450","targetHints":{"allow":["GET"]}}],"collection":[{"href":"https:\/\/aconteceunovale.com.br\/portal\/index.php?rest_route=\/wp\/v2\/posts"}],"about":[{"href":"https:\/\/aconteceunovale.com.br\/portal\/index.php?rest_route=\/wp\/v2\/types\/post"}],"author":[{"embeddable":true,"href":"https:\/\/aconteceunovale.com.br\/portal\/index.php?rest_route=\/wp\/v2\/users\/1"}],"replies":[{"embeddable":true,"href":"https:\/\/aconteceunovale.com.br\/portal\/index.php?rest_route=%2Fwp%2Fv2%2Fcomments&post=162450"}],"version-history":[{"count":2,"href":"https:\/\/aconteceunovale.com.br\/portal\/index.php?rest_route=\/wp\/v2\/posts\/162450\/revisions"}],"predecessor-version":[{"id":162453,"href":"https:\/\/aconteceunovale.com.br\/portal\/index.php?rest_route=\/wp\/v2\/posts\/162450\/revisions\/162453"}],"wp:featuredmedia":[{"embeddable":true,"href":"https:\/\/aconteceunovale.com.br\/portal\/index.php?rest_route=\/wp\/v2\/media\/162451"}],"wp:attachment":[{"href":"https:\/\/aconteceunovale.com.br\/portal\/index.php?rest_route=%2Fwp%2Fv2%2Fmedia&parent=162450"}],"wp:term":[{"taxonomy":"category","embeddable":true,"href":"https:\/\/aconteceunovale.com.br\/portal\/index.php?rest_route=%2Fwp%2Fv2%2Fcategories&post=162450"},{"taxonomy":"post_tag","embeddable":true,"href":"https:\/\/aconteceunovale.com.br\/portal\/index.php?rest_route=%2Fwp%2Fv2%2Ftags&post=162450"}],"curies":[{"name":"wp","href":"https:\/\/api.w.org\/{rel}","templated":true}]}}