{"id":162447,"date":"2020-05-15T17:06:21","date_gmt":"2020-05-15T20:06:21","guid":{"rendered":"http:\/\/aconteceunovale.com.br\/portal\/?p=162447"},"modified":"2020-05-15T17:06:25","modified_gmt":"2020-05-15T20:06:25","slug":"nelson-teich-faz-pronunciamento-sobre-saida-do-governo","status":"publish","type":"post","link":"https:\/\/aconteceunovale.com.br\/portal\/?p=162447","title":{"rendered":"Nelson Teich faz pronunciamento sobre sa\u00edda do governo"},"content":{"rendered":"\n<p>O m\u00e9dico Nelson Teich, que\u00a0deixou o cargo de ministro da Sa\u00fade\u00a0hoje\u00a0(15\/05\/2020), fez um pronunciamento de despedida, no qual fez um balan\u00e7o da sua curta atua\u00e7\u00e3o \u00e0 frente da pasta. Ele assumiu h\u00e1 cerca de um m\u00eas, no lugar de Luiz Henrique Mandetta. O substituto ainda n\u00e3o foi anunciado pelo governo federal.<\/p>\n\n\n\n<p>Teich disse que escolheu sair, que \u201cdeu o melhor\u201d de si e que aceitou o convite \u201cn\u00e3o pelo cargo\u201d, mas \u201cporque queria tentar ajudar as pessoas\u201d. Ele n\u00e3o entrou em detalhes sobre as raz\u00f5es da sa\u00edda. Havia diverg\u00eancias entre ele e o presidente Jair Bolsonaro sobre temas como o distanciamento social e o uso da cloroquina para o tratamento da covid-19.<\/p>\n\n\n\n<p>Ele agradeceu \u00e0 sua equipe, que \u201csempre o apoiou\u201d, e destacou a import\u00e2ncia do trabalho conjunto do governo federal com os conselhos de secret\u00e1rios estaduais e municipais de Sa\u00fade, lembrando que o Sistema \u00danico de Sa\u00fade (SUS) \u00e9 \u201ctripartite\u201d. Terminou defendendo o Sistema SUS, observando que \u00e9 \u201ccria do sistema p\u00fablico\u201d.<\/p>\n\n\n\n<p>O agora ex-ministro fez um balan\u00e7o da sua curta gest\u00e3o. Come\u00e7ou destacando que \u201cn\u00e3o \u00e9 simples estar \u00e0 frente de minist\u00e9rio como este num momento dif\u00edcil\u201d. Mas ressaltou as a\u00e7\u00f5es que realizou, como o plano de diretrizes para o distanciamento, o plano de testagem e as medidas de apoios aos locais mais afetados.<\/p>\n\n\n\n<p>\u201cDeixo um plano de trabalho pronto para auxiliar os secret\u00e1rios estaduais e municipais a tentar entender o que est\u00e1 acontecendo e pensar pr\u00f3ximos passos. Quais s\u00e3o os pontos que precisam ser avaliados, os pontos cr\u00edticos para considerar na tomada de decis\u00e3o\u201d, declarou.<\/p>\n\n\n\n<p>Teich elencou tamb\u00e9m o programa de testagem, que est\u00e1 \u201cpronto para ser implementado\u201d. \u201cIsso vai ser importante para entender a situa\u00e7\u00e3o da covid-19, o que \u00e9 fundamental para definir estrat\u00e9gias e a\u00e7\u00f5es\u201d, acrescentou.<\/p>\n\n\n\n<p>O ex-ministro enfatizou a import\u00e2ncia da ida a locais muito afetados pela pandemia. \u201c\u00c9 fundamental estar na ponta, entender o que acontece no dia a dia, ver o que est\u00e1 sendo feito. Este entendimento foi importante para desenho de a\u00e7\u00f5es implementadas em seguida. Cada cidade que a gente vai a gente est\u00e1 melhor preparado para o desafio\u201d, disse.<\/p>\n\n\n\n<p>Ele lembrou que, para al\u00e9m das respostas \u00e0 pandemia, atuou tamb\u00e9m em outros temas. \u201cTra\u00e7amos aqui um plano estrat\u00e9gico. As a\u00e7\u00f5es foram iniciadas e [isso] deve ser seguido. \u00c9 importante lembrar que durante este per\u00edodo temos foco total na covid-19, mas temos um sistema que envolve v\u00e1rias outras doen\u00e7as. Em todo tempo que a gente trabalhou e passou por este momento, todo o sistema \u00e9 pensado em paralelo.&#8221; &nbsp;<\/p>\n\n\n\n<p>Ele terminou agradecendo o presidente Jair Bolsonaro pela oportunidade \u00e0 frente do Minist\u00e9rio da Sa\u00fade e tamb\u00e9m aos profissionais da \u00e1rea. \u201cAgrade\u00e7o os profissionais de sa\u00fade mais uma vez. Quando voc\u00ea v\u00ea o dia a dia das pessoas, voc\u00ea se impressiona. Ao lado dos pacientes, correndo risco\u201d, pontuou.<\/p>\n\n\n\n<h3 class=\"wp-block-heading\"><strong>Entrevista coletiva com Nelson Teich<\/strong><\/h3>\n\n\n\n<figure><iframe loading=\"lazy\" src=\"https:\/\/www.facebook.com\/plugins\/video.php?href=https%3A%2F%2Fwww.facebook.com%2Fminsaude%2Fvideos%2F1951993274936190%2F&amp;show_text=0&amp;width=560\" width=\"100%\" height=\"400\" allowfullscreen=\"true\"><\/iframe><\/figure>\n\n\n\n<p class=\"has-background has-very-light-gray-background-color\">Quer saber as not\u00edcias do <strong>Aconteceu no Vale<\/strong> em primeira m\u00e3o? Siga-nos no Facebook <a rel=\"noreferrer noopener\" href=\"http:\/\/facebook.com\/aconteceunovale\" target=\"_blank\">@aconteceunovale<\/a>, Twitter <a rel=\"noreferrer noopener\" href=\"https:\/\/twitter.com\/noticiadosvales\" target=\"_blank\">@noticiadosvales<\/a> e Instagram <a rel=\"noreferrer noopener\" href=\"https:\/\/www.instagram.com\/aconteceunovale\" target=\"_blank\">@aconteceunovale<\/a>.<\/p>\n","protected":false},"excerpt":{"rendered":"<p>O m\u00e9dico Nelson Teich, que\u00a0deixou o cargo de ministro da Sa\u00fade\u00a0hoje\u00a0(15\/05\/2020), fez um pronunciamento de despedida, no qual fez um balan\u00e7o da sua curta atua\u00e7\u00e3o \u00e0 frente da pasta. Ele assumiu h\u00e1 cerca de um m\u00eas, no lugar de Luiz Henrique Mandetta. O substituto ainda n\u00e3o foi anunciado pelo governo federal. Teich disse que escolheu [&hellip;]<\/p>\n","protected":false},"author":1,"featured_media":162448,"comment_status":"open","ping_status":"closed","sticky":false,"template":"","format":"standard","meta":{"amp_status":"","footnotes":""},"categories":[6,40242],"tags":[100375,221773,221774,221769,221776,221767,184405,184659,26436,19326,221775,219921,221772,221781,221771,221782,221770,221766,221768],"class_list":["post-162447","post","type-post","status-publish","format-standard","has-post-thumbnail","hentry","category-br","category-saude-2","tag-bolsonaro","tag-bolsonaro-demite-nelson-teich","tag-bolsonaro-exonera-nelson-teich","tag-demissao-de-nelson-teich","tag-demissao-do-ministro-da-saude","tag-exoneracao-de-nelson-teich","tag-governo-bolsonaro","tag-governo-jair-bolsonaro","tag-jair-bolsonaro","tag-ministerio-da-saude","tag-ministro-da-saude-do-brasil","tag-nelson-teich","tag-nelson-teich-demitido","tag-nelson-teich-diz-que-deixa-plano-de-trabalho-pronto-para-auxiliar-estados","tag-nelson-teich-exonerado","tag-nelson-teich-faz-pronunciamento-sobre-saida-do-governo","tag-nelson-teich-pede-demissao","tag-nelson-teich-pede-demissao-do-ministerio-da-saude","tag-saida-de-nelson-teich"],"_links":{"self":[{"href":"https:\/\/aconteceunovale.com.br\/portal\/index.php?rest_route=\/wp\/v2\/posts\/162447","targetHints":{"allow":["GET"]}}],"collection":[{"href":"https:\/\/aconteceunovale.com.br\/portal\/index.php?rest_route=\/wp\/v2\/posts"}],"about":[{"href":"https:\/\/aconteceunovale.com.br\/portal\/index.php?rest_route=\/wp\/v2\/types\/post"}],"author":[{"embeddable":true,"href":"https:\/\/aconteceunovale.com.br\/portal\/index.php?rest_route=\/wp\/v2\/users\/1"}],"replies":[{"embeddable":true,"href":"https:\/\/aconteceunovale.com.br\/portal\/index.php?rest_route=%2Fwp%2Fv2%2Fcomments&post=162447"}],"version-history":[{"count":1,"href":"https:\/\/aconteceunovale.com.br\/portal\/index.php?rest_route=\/wp\/v2\/posts\/162447\/revisions"}],"predecessor-version":[{"id":162449,"href":"https:\/\/aconteceunovale.com.br\/portal\/index.php?rest_route=\/wp\/v2\/posts\/162447\/revisions\/162449"}],"wp:featuredmedia":[{"embeddable":true,"href":"https:\/\/aconteceunovale.com.br\/portal\/index.php?rest_route=\/wp\/v2\/media\/162448"}],"wp:attachment":[{"href":"https:\/\/aconteceunovale.com.br\/portal\/index.php?rest_route=%2Fwp%2Fv2%2Fmedia&parent=162447"}],"wp:term":[{"taxonomy":"category","embeddable":true,"href":"https:\/\/aconteceunovale.com.br\/portal\/index.php?rest_route=%2Fwp%2Fv2%2Fcategories&post=162447"},{"taxonomy":"post_tag","embeddable":true,"href":"https:\/\/aconteceunovale.com.br\/portal\/index.php?rest_route=%2Fwp%2Fv2%2Ftags&post=162447"}],"curies":[{"name":"wp","href":"https:\/\/api.w.org\/{rel}","templated":true}]}}