{"id":162440,"date":"2020-05-15T12:53:27","date_gmt":"2020-05-15T15:53:27","guid":{"rendered":"http:\/\/aconteceunovale.com.br\/portal\/?p=162440"},"modified":"2020-05-15T12:53:55","modified_gmt":"2020-05-15T15:53:55","slug":"jair-bolsonaro-sanciona-com-11-vetos-lei-que-altera-auxilio-emergencial","status":"publish","type":"post","link":"https:\/\/aconteceunovale.com.br\/portal\/?p=162440","title":{"rendered":"Jair Bolsonaro sanciona com 11 vetos lei que altera aux\u00edlio emergencial"},"content":{"rendered":"\n<p>O presidente Jair Bolsonaro vetou a inclus\u00e3o de categorias profissionais para o recebimento do aux\u00edlio emergencial de R$ 600, o socorro financeiro pago pelo governo aos trabalhadores informais afetados pelas medidas de combate \u00e0 pandemia de covid-19 no pa\u00eds. A lei com mudan\u00e7as\u00a0no aux\u00edlio emergencial\u00a0foi sancionada com 11 vetos e\u00a0publicada hoje (15\/05\/2020) no\u00a0<a rel=\"noreferrer noopener\" href=\"http:\/\/pesquisa.in.gov.br\/imprensa\/jsp\/visualiza\/index.jsp?data=15\/05\/2020&amp;jornal=515&amp;pagina=2\" target=\"_blank\">Di\u00e1rio Oficial da Uni\u00e3o<\/a>.<\/p>\n\n\n\n<p>A medida\u00a0aprovada pelo Congresso Nacional\u00a0previa a inclus\u00e3o de mais de 20 categorias na lista do benef\u00edcio, entre eles extrativistas, assentados da reforma agr\u00e1ria, artes\u00e3os, profissionais da beleza (como cabeleireiros), ambulantes que comercializem alimentos, diaristas, gar\u00e7ons, guias de turismo, bab\u00e1s, motoristas de aplicativos, taxistas e catadores de recicl\u00e1veis.<\/p>\n\n\n\n<p>Ao vetar o dispositivo, Bolsonaro justifica que, ao especificar determinadas categorias para o recebimento do aux\u00edlio em detrimento de outras, a medida ofende o princ\u00edpio da isonomia ou igualdade material previsto na Constitui\u00e7\u00e3o, al\u00e9m de excluir da lei em vigor, os trabalhadores informais em situa\u00e7\u00e3o de vulnerabilidade social em fun\u00e7\u00e3o da covid-19. Para o presidente, ao ampliar as hip\u00f3teses de benefici\u00e1rios, os parlamentares tamb\u00e9m criaram despesa obrigat\u00f3ria ao Executivo, sem apontar a fonte dos recursos e o impacto or\u00e7ament\u00e1rio da medida.<\/p>\n\n\n\n<p>Entre as mudan\u00e7as feitas pelo Congresso na\u00a0<a rel=\"noreferrer noopener\" href=\"http:\/\/www.planalto.gov.br\/ccivil_03\/_ato2019-2022\/2020\/lei\/L13982.htm\" target=\"_blank\">Lei\u00a013.982\/2020<\/a>, que instituiu o aux\u00edlio emergencial, Bolsonaro manteve o artigo que pro\u00edbe que institui\u00e7\u00f5es financeiras fa\u00e7am descontos ou compensa\u00e7\u00f5es sobre o valor do aux\u00edlio emergencial, mesmo que o benefici\u00e1rio esteja em d\u00e9bito com a Caixa Econ\u00f4mica Federal ou outra institui\u00e7\u00e3o respons\u00e1vel pelo pagamento do aux\u00edlio. Essa medida havia\u00a0sido anunciada pelo governo, mas n\u00e3o estava prevista na lei.<\/p>\n\n\n\n<p>O presidente tamb\u00e9m vetou a amplia\u00e7\u00e3o do pagamento do Benef\u00edcio de Presta\u00e7\u00e3o Continuada (BPC) para fam\u00edlia cuja renda mensal per capita seja igual ou inferior a meio&nbsp; sal\u00e1rio m\u00ednimo. Hoje, de acordo com a lei em vigor, tem direito ao BPC idosos e pessoas com defici\u00eancia cuja renda familiar \u00e9 igual ou inferior a um quarto do sal\u00e1rio m\u00ednimo.<\/p>\n\n\n\n<p>Os artigos vetados e as raz\u00f5es apresentadas pelo presidente tamb\u00e9m foram publicadas no&nbsp;<a href=\"http:\/\/pesquisa.in.gov.br\/imprensa\/jsp\/visualiza\/index.jsp?data=15\/05\/2020&amp;jornal=515&amp;pagina=3&amp;totalArquivos=71\" target=\"_blank\" rel=\"noreferrer noopener\">Di\u00e1rio Oficial da Uni\u00e3o<\/a>&nbsp;e encaminhados ao Congresso Nacional. A partir de agora, os parlamentares tem 30 dias para deliberar sobre os vetos.<\/p>\n\n\n\n<h2 class=\"wp-block-heading\">Pagamento do Fies<\/h2>\n\n\n\n<p>O texto sancionado nesta sexta-feira prev\u00ea a suspens\u00e3o dos pagamentos devidos pelos estudantes ao Fundo de Financiamento Estudantil (Fies). A medida vale para os contratos que estavam em dia antes da decreta\u00e7\u00e3o do estado de calamidade p\u00fablica em raz\u00e3o da pandemia de covid-19.<\/p>\n\n\n\n<p>Est\u00e1\u00a0permitida a suspens\u00e3o de duas parcelas para os contratos em fase de utiliza\u00e7\u00e3o ou car\u00eancia e de quatro parcelas para s contratos em fase de amortiza\u00e7\u00e3o, dos estudantes que j\u00e1 conclu\u00edram seus cursos. De acordo com a lei, o governo federal poder\u00e1 prorrogar esses prazos.<\/p>\n\n\n\n<p class=\"has-background has-very-light-gray-background-color\">Quer saber as not\u00edcias do <strong>Aconteceu no Vale<\/strong> em primeira m\u00e3o? Siga-nos no Facebook <a rel=\"noreferrer noopener\" href=\"http:\/\/facebook.com\/aconteceunovale\" target=\"_blank\">@aconteceunovale<\/a>, Twitter <a rel=\"noreferrer noopener\" href=\"https:\/\/twitter.com\/noticiadosvales\" target=\"_blank\">@noticiadosvales<\/a> e Instagram <a rel=\"noreferrer noopener\" href=\"https:\/\/www.instagram.com\/aconteceunovale\" target=\"_blank\">@aconteceunovale<\/a>.<\/p>\n","protected":false},"excerpt":{"rendered":"<p>O presidente Jair Bolsonaro vetou a inclus\u00e3o de categorias profissionais para o recebimento do aux\u00edlio emergencial de R$ 600, o socorro financeiro pago pelo governo aos trabalhadores informais afetados pelas medidas de combate \u00e0 pandemia de covid-19 no pa\u00eds. A lei com mudan\u00e7as\u00a0no aux\u00edlio emergencial\u00a0foi sancionada com 11 vetos e\u00a0publicada hoje (15\/05\/2020) no\u00a0Di\u00e1rio Oficial da [&hellip;]<\/p>\n","protected":false},"author":1,"featured_media":162062,"comment_status":"open","ping_status":"closed","sticky":false,"template":"","format":"standard","meta":{"amp_status":"","footnotes":""},"categories":[6,40240],"tags":[219405,219383,219292,220707,221651,23072,28214,221188,221317,220708,7872,221298,221649,169298,221299,221765,221780,221652,221650,184434,220706,219822,220206,220705,220704,220703,221758,98546,221648,221647],"class_list":["post-162440","post","type-post","status-publish","format-standard","has-post-thumbnail","hentry","category-br","category-politica-2","tag-auxilio-de-r-600","tag-auxilio-emergencial","tag-auxilio-emergencial-de-r-600","tag-auxilio-emergencial-do-governo-federal","tag-bruno-dantas","tag-caixa","tag-caixa-economica-federal","tag-calendario-da-segunda-parcela-do-auxilio-emergencial","tag-cerca-de-2-milhoes-sem-conta-ainda-nao-resgataram-o-auxilio-emergencial-de-r-600","tag-cerca-de-35-milhoes-de-brasileiros-ja-receberam-a-primeira-parcela-do-auxilio-emergencial","tag-cidadania","tag-consultar-situacao-do-auxilio-emergencial","tag-fraude-no-auxilio-emergencial","tag-governo-do-brasil","tag-governo-federal-disponibiliza-ferramenta-de-consulta-sobre-auxilio-emergencial","tag-governo-federal-divulga-calendario-da-segunda-parcela-do-auxilio-emergencial","tag-jair-bolsonaro-sanciona-com-11-vetos-lei-que-altera-auxilio-emergencial","tag-militares-receberam-auxilio-emergencial-irregularmente","tag-ministro-bruno-dantas","tag-onyx-lorenzoni","tag-pagamento-do-auxilio-de-r-600","tag-pagamento-do-auxilio-emergencial","tag-pagamento-do-auxilio-emergencial-de-r-600","tag-primeira-parcela-do-auxilio-de-r-600","tag-primeira-parcela-do-auxilio-emergencial","tag-primeira-parcela-do-auxilio-emergencial-de-r-600","tag-segunda-parcela-do-auxilio-emergencial-comeca-a-ser-paga-dia-18-de-maio","tag-tcu","tag-tribunal-de-contas-de-uniao","tag-tribunal-de-contas-de-uniao-determina-devolucao-de-auxilio-emergencial-recebido-irregularmente"],"_links":{"self":[{"href":"https:\/\/aconteceunovale.com.br\/portal\/index.php?rest_route=\/wp\/v2\/posts\/162440","targetHints":{"allow":["GET"]}}],"collection":[{"href":"https:\/\/aconteceunovale.com.br\/portal\/index.php?rest_route=\/wp\/v2\/posts"}],"about":[{"href":"https:\/\/aconteceunovale.com.br\/portal\/index.php?rest_route=\/wp\/v2\/types\/post"}],"author":[{"embeddable":true,"href":"https:\/\/aconteceunovale.com.br\/portal\/index.php?rest_route=\/wp\/v2\/users\/1"}],"replies":[{"embeddable":true,"href":"https:\/\/aconteceunovale.com.br\/portal\/index.php?rest_route=%2Fwp%2Fv2%2Fcomments&post=162440"}],"version-history":[{"count":1,"href":"https:\/\/aconteceunovale.com.br\/portal\/index.php?rest_route=\/wp\/v2\/posts\/162440\/revisions"}],"predecessor-version":[{"id":162441,"href":"https:\/\/aconteceunovale.com.br\/portal\/index.php?rest_route=\/wp\/v2\/posts\/162440\/revisions\/162441"}],"wp:featuredmedia":[{"embeddable":true,"href":"https:\/\/aconteceunovale.com.br\/portal\/index.php?rest_route=\/wp\/v2\/media\/162062"}],"wp:attachment":[{"href":"https:\/\/aconteceunovale.com.br\/portal\/index.php?rest_route=%2Fwp%2Fv2%2Fmedia&parent=162440"}],"wp:term":[{"taxonomy":"category","embeddable":true,"href":"https:\/\/aconteceunovale.com.br\/portal\/index.php?rest_route=%2Fwp%2Fv2%2Fcategories&post=162440"},{"taxonomy":"post_tag","embeddable":true,"href":"https:\/\/aconteceunovale.com.br\/portal\/index.php?rest_route=%2Fwp%2Fv2%2Ftags&post=162440"}],"curies":[{"name":"wp","href":"https:\/\/api.w.org\/{rel}","templated":true}]}}