{"id":162434,"date":"2020-05-15T12:18:40","date_gmt":"2020-05-15T15:18:40","guid":{"rendered":"http:\/\/aconteceunovale.com.br\/portal\/?p=162434"},"modified":"2020-05-15T16:22:39","modified_gmt":"2020-05-15T19:22:39","slug":"nelson-teich-pede-demissao-do-ministerio-da-saude","status":"publish","type":"post","link":"https:\/\/aconteceunovale.com.br\/portal\/?p=162434","title":{"rendered":"Nelson Teich pede demiss\u00e3o do Minist\u00e9rio da Sa\u00fade"},"content":{"rendered":"\n<p>O Minist\u00e9rio da Sa\u00fade informou&nbsp;nesta sexta-feira&nbsp;(15\/05\/2020) que o ministro Nelson Teich pediu exonera\u00e7\u00e3o do cargo. Ele&nbsp;assumiu a pasta,&nbsp;em 17 de abril, ap\u00f3s a&nbsp;sa\u00edda de Luiz Henrique Mandetta.<\/p>\n\n\n\n<p>O ex-ministro Mandetta e o presidente Jair Bolsonaro divergiam sobre os caminhos para o combate \u00e0 pandemia do novo coronav\u00edrus no pa\u00eds, como as medidas de isolamento social e o uso da hidroxicloroquina no tratamento de pacientes.<\/p>\n\n\n\n<p>Assim como Mandetta, Nelson Teich tamb\u00e9m apresentou discord\u00e2ncias com o presidente sobre as medidas para combate ao coronav\u00edrus.<\/p>\n\n\n\n<figure class=\"wp-block-gallery columns-1 is-cropped wp-block-gallery-1 is-layout-flex wp-block-gallery-is-layout-flex\"><ul class=\"blocks-gallery-grid\"><li class=\"blocks-gallery-item\"><figure><img loading=\"lazy\" decoding=\"async\" width=\"678\" height=\"406\" src=\"http:\/\/aconteceunovale.com.br\/portal\/wp-content\/uploads\/2020\/05\/nelson_teich.jpg\" alt=\"\" data-id=\"162435\" data-full-url=\"http:\/\/aconteceunovale.com.br\/portal\/wp-content\/uploads\/2020\/05\/nelson_teich.jpg\" data-link=\"http:\/\/aconteceunovale.com.br\/portal\/?attachment_id=162435\" class=\"wp-image-162435\" srcset=\"https:\/\/aconteceunovale.com.br\/portal\/wp-content\/uploads\/2020\/05\/nelson_teich.jpg 678w, https:\/\/aconteceunovale.com.br\/portal\/wp-content\/uploads\/2020\/05\/nelson_teich-300x180.jpg 300w\" sizes=\"auto, (max-width: 678px) 100vw, 678px\" \/><figcaption class=\"blocks-gallery-item__caption\"><em>Nelson Teich &#8211; Foto: Marcello Casal Jr \/ Ag\u00eancia Brasil<\/em><\/figcaption><\/figure><\/li><\/ul><\/figure>\n\n\n\n<p>Nos \u00faltimos dias, o presidente e Teich tiveram desentendimentos sobre:<\/p>\n\n\n\n<ul class=\"wp-block-list\"><li>o uso da cloroquina no tratamento da covid-19 (doen\u00e7a causada pelo v\u00edrus). Bolsonaro quer alterar o protocolo do SUS e permitir a aplica\u00e7\u00e3o do rem\u00e9dio desde o in\u00edcio do tratamento.<\/li><\/ul>\n\n\n\n<ul class=\"wp-block-list\"><li>o decreto de Bolsonaro que ampliou as atividades essenciais no per\u00edodo da pandemia e incluiu sal\u00f5es de beleza, barbearia e academias de gin\u00e1stica<\/li><\/ul>\n\n\n\n<ul class=\"wp-block-list\"><li>detalhes do plano com diretrizes para a sa\u00edda do isolamento. O presidente defende uma flexibiliza\u00e7\u00e3o mais imediata e mais ampla.<\/li><\/ul>\n\n\n\n<h3 class=\"wp-block-heading\"><strong>Entrevista coletiva com Nelson Teich<\/strong><\/h3>\n\n\n\n<figure><iframe loading=\"lazy\" src=\"https:\/\/www.facebook.com\/plugins\/video.php?href=https%3A%2F%2Fwww.facebook.com%2Fminsaude%2Fvideos%2F1951993274936190%2F&amp;show_text=0&amp;width=560\" width=\"100%\" height=\"400\" allowfullscreen=\"true\"><\/iframe><\/figure>\n\n\n\n<p class=\"has-background has-very-light-gray-background-color\">Quer saber as not\u00edcias do <strong>Aconteceu no Vale<\/strong> em primeira m\u00e3o? Siga-nos no Facebook <a rel=\"noreferrer noopener\" href=\"http:\/\/facebook.com\/aconteceunovale\" target=\"_blank\">@aconteceunovale<\/a>, Twitter <a rel=\"noreferrer noopener\" href=\"https:\/\/twitter.com\/noticiadosvales\" target=\"_blank\">@noticiadosvales<\/a> e Instagram <a rel=\"noreferrer noopener\" href=\"https:\/\/www.instagram.com\/aconteceunovale\" target=\"_blank\">@aconteceunovale<\/a>.<\/p>\n","protected":false},"excerpt":{"rendered":"<p>O Minist\u00e9rio da Sa\u00fade informou&nbsp;nesta sexta-feira&nbsp;(15\/05\/2020) que o ministro Nelson Teich pediu exonera\u00e7\u00e3o do cargo. Ele&nbsp;assumiu a pasta,&nbsp;em 17 de abril, ap\u00f3s a&nbsp;sa\u00edda de Luiz Henrique Mandetta. O ex-ministro Mandetta e o presidente Jair Bolsonaro divergiam sobre os caminhos para o combate \u00e0 pandemia do novo coronav\u00edrus no pa\u00eds, como as medidas de isolamento social [&hellip;]<\/p>\n","protected":false},"author":1,"featured_media":162435,"comment_status":"open","ping_status":"closed","sticky":false,"template":"","format":"standard","meta":{"amp_status":"","footnotes":""},"categories":[6,40240,40242],"tags":[100375,221773,221774,221769,221776,1018,221767,184405,184659,26436,19326,221775,219921,221772,221771,221770,221766,221768],"class_list":["post-162434","post","type-post","status-publish","format-standard","has-post-thumbnail","hentry","category-br","category-politica-2","category-saude-2","tag-bolsonaro","tag-bolsonaro-demite-nelson-teich","tag-bolsonaro-exonera-nelson-teich","tag-demissao-de-nelson-teich","tag-demissao-do-ministro-da-saude","tag-destaque","tag-exoneracao-de-nelson-teich","tag-governo-bolsonaro","tag-governo-jair-bolsonaro","tag-jair-bolsonaro","tag-ministerio-da-saude","tag-ministro-da-saude-do-brasil","tag-nelson-teich","tag-nelson-teich-demitido","tag-nelson-teich-exonerado","tag-nelson-teich-pede-demissao","tag-nelson-teich-pede-demissao-do-ministerio-da-saude","tag-saida-de-nelson-teich"],"_links":{"self":[{"href":"https:\/\/aconteceunovale.com.br\/portal\/index.php?rest_route=\/wp\/v2\/posts\/162434","targetHints":{"allow":["GET"]}}],"collection":[{"href":"https:\/\/aconteceunovale.com.br\/portal\/index.php?rest_route=\/wp\/v2\/posts"}],"about":[{"href":"https:\/\/aconteceunovale.com.br\/portal\/index.php?rest_route=\/wp\/v2\/types\/post"}],"author":[{"embeddable":true,"href":"https:\/\/aconteceunovale.com.br\/portal\/index.php?rest_route=\/wp\/v2\/users\/1"}],"replies":[{"embeddable":true,"href":"https:\/\/aconteceunovale.com.br\/portal\/index.php?rest_route=%2Fwp%2Fv2%2Fcomments&post=162434"}],"version-history":[{"count":3,"href":"https:\/\/aconteceunovale.com.br\/portal\/index.php?rest_route=\/wp\/v2\/posts\/162434\/revisions"}],"predecessor-version":[{"id":162446,"href":"https:\/\/aconteceunovale.com.br\/portal\/index.php?rest_route=\/wp\/v2\/posts\/162434\/revisions\/162446"}],"wp:featuredmedia":[{"embeddable":true,"href":"https:\/\/aconteceunovale.com.br\/portal\/index.php?rest_route=\/wp\/v2\/media\/162435"}],"wp:attachment":[{"href":"https:\/\/aconteceunovale.com.br\/portal\/index.php?rest_route=%2Fwp%2Fv2%2Fmedia&parent=162434"}],"wp:term":[{"taxonomy":"category","embeddable":true,"href":"https:\/\/aconteceunovale.com.br\/portal\/index.php?rest_route=%2Fwp%2Fv2%2Fcategories&post=162434"},{"taxonomy":"post_tag","embeddable":true,"href":"https:\/\/aconteceunovale.com.br\/portal\/index.php?rest_route=%2Fwp%2Fv2%2Ftags&post=162434"}],"curies":[{"name":"wp","href":"https:\/\/api.w.org\/{rel}","templated":true}]}}