{"id":162386,"date":"2020-05-14T11:52:54","date_gmt":"2020-05-14T14:52:54","guid":{"rendered":"http:\/\/aconteceunovale.com.br\/portal\/?p=162386"},"modified":"2020-05-14T11:53:20","modified_gmt":"2020-05-14T14:53:20","slug":"diamantina-tem-primeiro-caso-confirmado-de-coronavirus","status":"publish","type":"post","link":"https:\/\/aconteceunovale.com.br\/portal\/?p=162386","title":{"rendered":"Diamantina tem primeiro caso confirmado de coronav\u00edrus"},"content":{"rendered":"\n<p>Diamantina, no Vale do Jequitinhonha, tem o primeiro caso confirmado de paciente infectado com o novo coronav\u00edrus (que causa da doen\u00e7a Covid-19). Trata-se de um homem, de 29 anos, que passa bem e est\u00e1 em isolamento domiciliar.<\/p>\n\n\n\n<p>A informa\u00e7\u00e3o foi confirmada pela Prefeitura Municipal na manh\u00e3 desta quinta-feira (14\/05\/2020). Os familiares do paciente j\u00e1 foram avisados e s\u00e3o monitorados pela Secretaria de Sa\u00fade do munic\u00edpio.<\/p>\n\n\n\n<p>Confira a \u00edntegra da nota divulgada pela Prefeitura:<\/p>\n\n\n\n<p style=\"background-color:#e6dcdc\" class=\"has-background\"><em>NOTA INFORMATIVA<br><br>O Munic\u00edpio de Diamantina informa que foi CONFIRMADO o primeiro caso de Covid-19 em nossa cidade.<br><br>O an\u00fancio foi oficialmente dado na manh\u00e3 de hoje, 14 de maio de 2020.<br><br>O paciente, homem, de 29 anos, passa bem e est\u00e1 em isolamento domiciliar.<br><br>Refor\u00e7amos a necessidade de comprometimento da popula\u00e7\u00e3o com as medidas sanit\u00e1rias de seguran\u00e7a.<br><br>O momento \u00e9 de redobrar os cuidados e a calma.<br><br>Juntos somos mais fortes!<br><br>PREFEITURA MUNICIPAL DE DIAMANTINA<br>NOSSO MAIOR PATRIM\u00d4NIO \u00c9 VOC\u00ca!<\/em><\/p>\n\n\n\n<p class=\"has-background has-very-light-gray-background-color\">Quer saber as not\u00edcias do <strong>Aconteceu no Vale<\/strong> em primeira m\u00e3o? Siga-nos no Facebook <a rel=\"noreferrer noopener\" href=\"http:\/\/facebook.com\/aconteceunovale\" target=\"_blank\">@aconteceunovale<\/a>, Twitter <a rel=\"noreferrer noopener\" href=\"https:\/\/twitter.com\/noticiadosvales\" target=\"_blank\">@noticiadosvales<\/a> e Instagram <a rel=\"noreferrer noopener\" href=\"https:\/\/www.instagram.com\/aconteceunovale\" target=\"_blank\">@aconteceunovale<\/a>.<\/p>\n","protected":false},"excerpt":{"rendered":"<p>Diamantina, no Vale do Jequitinhonha, tem o primeiro caso confirmado de paciente infectado com o novo coronav\u00edrus (que causa da doen\u00e7a Covid-19). Trata-se de um homem, de 29 anos, que passa bem e est\u00e1 em isolamento domiciliar. A informa\u00e7\u00e3o foi confirmada pela Prefeitura Municipal na manh\u00e3 desta quinta-feira (14\/05\/2020). Os familiares do paciente j\u00e1 foram [&hellip;]<\/p>\n","protected":false},"author":1,"featured_media":162387,"comment_status":"open","ping_status":"closed","sticky":false,"template":"","format":"standard","meta":{"amp_status":"","footnotes":""},"categories":[40242,120],"tags":[221709,221708,221707,221710,221711,198,221712,221713,221716,221714,221715],"class_list":["post-162386","post","type-post","status-publish","format-standard","has-post-thumbnail","hentry","category-saude-2","category-jequi","tag-caso-confirmado-de-coronavirus-em-diamantina","tag-caso-de-coronavirus-em-diamantina","tag-caso-de-covid-19-em-diamantina","tag-confirmado-o-primeiro-caso-de-coronavirus-em-diamantina","tag-coronavirus-em-diamantina","tag-diamantina","tag-diamantina-coronavirus","tag-diamantina-covid-19","tag-diamantina-tem-primeiro-caso-confirmado-de-coronavirus","tag-paciente-com-coronavirus-em-diamantina","tag-prefeitura-de-diamantina-confirma-primeiro-caso-de-coronavirus"],"_links":{"self":[{"href":"https:\/\/aconteceunovale.com.br\/portal\/index.php?rest_route=\/wp\/v2\/posts\/162386","targetHints":{"allow":["GET"]}}],"collection":[{"href":"https:\/\/aconteceunovale.com.br\/portal\/index.php?rest_route=\/wp\/v2\/posts"}],"about":[{"href":"https:\/\/aconteceunovale.com.br\/portal\/index.php?rest_route=\/wp\/v2\/types\/post"}],"author":[{"embeddable":true,"href":"https:\/\/aconteceunovale.com.br\/portal\/index.php?rest_route=\/wp\/v2\/users\/1"}],"replies":[{"embeddable":true,"href":"https:\/\/aconteceunovale.com.br\/portal\/index.php?rest_route=%2Fwp%2Fv2%2Fcomments&post=162386"}],"version-history":[{"count":1,"href":"https:\/\/aconteceunovale.com.br\/portal\/index.php?rest_route=\/wp\/v2\/posts\/162386\/revisions"}],"predecessor-version":[{"id":162388,"href":"https:\/\/aconteceunovale.com.br\/portal\/index.php?rest_route=\/wp\/v2\/posts\/162386\/revisions\/162388"}],"wp:featuredmedia":[{"embeddable":true,"href":"https:\/\/aconteceunovale.com.br\/portal\/index.php?rest_route=\/wp\/v2\/media\/162387"}],"wp:attachment":[{"href":"https:\/\/aconteceunovale.com.br\/portal\/index.php?rest_route=%2Fwp%2Fv2%2Fmedia&parent=162386"}],"wp:term":[{"taxonomy":"category","embeddable":true,"href":"https:\/\/aconteceunovale.com.br\/portal\/index.php?rest_route=%2Fwp%2Fv2%2Fcategories&post=162386"},{"taxonomy":"post_tag","embeddable":true,"href":"https:\/\/aconteceunovale.com.br\/portal\/index.php?rest_route=%2Fwp%2Fv2%2Ftags&post=162386"}],"curies":[{"name":"wp","href":"https:\/\/api.w.org\/{rel}","templated":true}]}}