{"id":162383,"date":"2020-05-14T11:29:18","date_gmt":"2020-05-14T14:29:18","guid":{"rendered":"http:\/\/aconteceunovale.com.br\/portal\/?p=162383"},"modified":"2020-05-14T12:26:48","modified_gmt":"2020-05-14T15:26:48","slug":"prefeitura-de-aracuai-confirma-primeiro-caso-de-coronavirus","status":"publish","type":"post","link":"https:\/\/aconteceunovale.com.br\/portal\/?p=162383","title":{"rendered":"Prefeitura de Ara\u00e7ua\u00ed confirma primeiro caso de coronav\u00edrus"},"content":{"rendered":"\n<p>Ara\u00e7ua\u00ed, no Vale do Jequitinhonha, tem o primeiro caso confirmado de paciente infectado com o novo coronav\u00edrus (que causa a doen\u00e7a Covid-19). &nbsp;A informa\u00e7\u00e3o foi divulgada na manh\u00e3 desta quinta-feira (14\/05\/2020), atrav\u00e9s de um boletim epidemiol\u00f3gico extraordin\u00e1rio,&nbsp;gravado pela vice-prefeita e secret\u00e1ria municipal de Sa\u00fade, a m\u00e9dica Dra. Rita de C\u00e1ssia Silva Capdeville.<\/p>\n\n\n\n<p>Segundo a secret\u00e1ria, trata-se de uma crian\u00e7a, moradora da zona rural do munic\u00edpio, que n\u00e3o apresenta nenhum fator de risco. <em>\u201cEla est\u00e1 est\u00e1vel e em\u00a0isolamento na ala do Covid-19 do Hospital S\u00e3o Vicente de Paulo\u201d<\/em>, afirmou Capdeville.\u00a0\u00a0<\/p>\n\n\n\n<p>O caso ainda n\u00e3o entrou na estat\u00edstica da Secretaria de Estado de Sa\u00fade. <em>\u201cEla est\u00e1 muito\u00a0bem, sem nenhuma complica\u00e7\u00e3o. A partir de agora vamos fazer o monitoramento e tomar as provid\u00eancias necess\u00e1rias\u201d<\/em>, garantiu a secret\u00e1ria.<\/p>\n\n\n\n<p>O diretor do Hospital S\u00e3o Vicente de Paulo, Geraldo Silva, informou que a crian\u00e7a tem seis meses de idade e foi internada, h\u00e1 oito dias, com sintomas do coronav\u00edrus. <em>&#8220;O hospital tomou todas as precau\u00e7\u00f5es recomendadas pela Organiza\u00e7\u00e3o Mundial de Sa\u00fade. A crian\u00e7a foi imediatamente internada em ala de isolamento&#8221;<\/em>, garantiu.<\/p>\n\n\n\n<p>Diante do caso, a secret\u00e1ria&nbsp;reafirmou que a popula\u00e7\u00e3o deve fazer com mais rigor o uso de m\u00e1scara, lavar frequentemente as m\u00e3os com \u00e1gua e sab\u00e3o e\/ou higienizar com \u00e1lcool gel e adotar o distanciamento social.<\/p>\n\n\n\n<p>Confira o boletim epidemiol\u00f3gico:<\/p>\n\n\n\n<figure><iframe loading=\"lazy\" width=\"100%\" height=\"400\" src=\"https:\/\/www.youtube.com\/embed\/3GYNJOuM1p0\" allowfullscreen=\"\"><\/iframe><\/figure>\n\n\n\n<p class=\"has-background has-very-light-gray-background-color\">Quer saber as not\u00edcias do <strong>Aconteceu no Vale<\/strong> em primeira m\u00e3o? Siga-nos no Facebook <a rel=\"noreferrer noopener\" href=\"http:\/\/facebook.com\/aconteceunovale\" target=\"_blank\">@aconteceunovale<\/a>, Twitter <a rel=\"noreferrer noopener\" href=\"https:\/\/twitter.com\/noticiadosvales\" target=\"_blank\">@noticiadosvales<\/a> e Instagram <a rel=\"noreferrer noopener\" href=\"https:\/\/www.instagram.com\/aconteceunovale\" target=\"_blank\">@aconteceunovale<\/a>.<\/p>\n","protected":false},"excerpt":{"rendered":"<p>Ara\u00e7ua\u00ed, no Vale do Jequitinhonha, tem o primeiro caso confirmado de paciente infectado com o novo coronav\u00edrus (que causa a doen\u00e7a Covid-19). &nbsp;A informa\u00e7\u00e3o foi divulgada na manh\u00e3 desta quinta-feira (14\/05\/2020), atrav\u00e9s de um boletim epidemiol\u00f3gico extraordin\u00e1rio,&nbsp;gravado pela vice-prefeita e secret\u00e1ria municipal de Sa\u00fade, a m\u00e9dica Dra. Rita de C\u00e1ssia Silva Capdeville. Segundo a secret\u00e1ria, [&hellip;]<\/p>\n","protected":false},"author":1,"featured_media":159588,"comment_status":"open","ping_status":"closed","sticky":false,"template":"","format":"standard","meta":{"amp_status":"","footnotes":""},"categories":[40242,120],"tags":[186,221706,221704,221698,221701,221699,221702,221700,221705,221703],"class_list":["post-162383","post","type-post","status-publish","format-standard","has-post-thumbnail","hentry","category-saude-2","category-jequi","tag-aracuai","tag-aracuai-coronavirus","tag-aracuai-covid-19","tag-caso-confirmado-de-coronavirus-em-aracuai","tag-caso-de-coronavirus-em-aracuai","tag-caso-de-covid-19-em-aracuai","tag-confirmado-o-primeiro-caso-de-coronavirus-em-aracuai","tag-coronavirus-em-aracuai","tag-paciente-com-coronavirus-em-aracuai","tag-prefeitura-de-aracuai-confirma-primeiro-caso-de-coronavirus"],"_links":{"self":[{"href":"https:\/\/aconteceunovale.com.br\/portal\/index.php?rest_route=\/wp\/v2\/posts\/162383","targetHints":{"allow":["GET"]}}],"collection":[{"href":"https:\/\/aconteceunovale.com.br\/portal\/index.php?rest_route=\/wp\/v2\/posts"}],"about":[{"href":"https:\/\/aconteceunovale.com.br\/portal\/index.php?rest_route=\/wp\/v2\/types\/post"}],"author":[{"embeddable":true,"href":"https:\/\/aconteceunovale.com.br\/portal\/index.php?rest_route=\/wp\/v2\/users\/1"}],"replies":[{"embeddable":true,"href":"https:\/\/aconteceunovale.com.br\/portal\/index.php?rest_route=%2Fwp%2Fv2%2Fcomments&post=162383"}],"version-history":[{"count":3,"href":"https:\/\/aconteceunovale.com.br\/portal\/index.php?rest_route=\/wp\/v2\/posts\/162383\/revisions"}],"predecessor-version":[{"id":162389,"href":"https:\/\/aconteceunovale.com.br\/portal\/index.php?rest_route=\/wp\/v2\/posts\/162383\/revisions\/162389"}],"wp:featuredmedia":[{"embeddable":true,"href":"https:\/\/aconteceunovale.com.br\/portal\/index.php?rest_route=\/wp\/v2\/media\/159588"}],"wp:attachment":[{"href":"https:\/\/aconteceunovale.com.br\/portal\/index.php?rest_route=%2Fwp%2Fv2%2Fmedia&parent=162383"}],"wp:term":[{"taxonomy":"category","embeddable":true,"href":"https:\/\/aconteceunovale.com.br\/portal\/index.php?rest_route=%2Fwp%2Fv2%2Fcategories&post=162383"},{"taxonomy":"post_tag","embeddable":true,"href":"https:\/\/aconteceunovale.com.br\/portal\/index.php?rest_route=%2Fwp%2Fv2%2Ftags&post=162383"}],"curies":[{"name":"wp","href":"https:\/\/api.w.org\/{rel}","templated":true}]}}