{"id":162378,"date":"2020-05-14T10:07:47","date_gmt":"2020-05-14T13:07:47","guid":{"rendered":"http:\/\/aconteceunovale.com.br\/portal\/?p=162378"},"modified":"2020-05-14T10:08:18","modified_gmt":"2020-05-14T13:08:18","slug":"economia-de-minas-gerais-perde-mais-sem-isolamento-social-diz-estudo-da-ufmg","status":"publish","type":"post","link":"https:\/\/aconteceunovale.com.br\/portal\/?p=162378","title":{"rendered":"Economia de Minas Gerais perde mais sem isolamento social, diz estudo da UFMG"},"content":{"rendered":"\n<p>Estudo assinado por dez economistas do Centro de Desenvolvimento e Planejamento Regional (Cedeplar), da Faculdade de Ci\u00eancias Econ\u00f4micas da Universidade Federal de Minas Gerais, UFMG, assinala que sem as medidas&nbsp;de isolamento&nbsp;social para evitar a propaga\u00e7\u00e3o do novo coronav\u00edrus a economia mineira pode perder quatro vezes mais.<\/p>\n\n\n\n<p>\u201cDe acordo com nossos resultados, o cen\u00e1rio de \u2018distanciamento estendido\u2019 implicaria uma queda de -1% no PIB de Minas Gerais. O cen\u00e1rio \u201csem distanciamento\u201d resultaria em uma queda total no PIB do estado da ordem de -4,0%\u201d, descreve a<a href=\"https:\/\/www.cedeplar.ufmg.br\/noticias\/1243-nota-tecnica-cenarios-de-isolamento-social-da-covid19-e-impactos-economicos-em-minas-gerais\" target=\"_blank\" rel=\"noreferrer noopener\">&nbsp;an\u00e1lise dispon\u00edvel na internet<\/a>.<\/p>\n\n\n\n<p>Em valores monet\u00e1rios, os economistas calculam que \u201cacabar com o isolamento eleva a perda na economia de Minas Gerais em cerca de R$ 50 bilh\u00f5es de reais. O cen\u00e1rio de \u2018distanciamento estendido\u2019 equivaleria a uma perda de R$ 19 bilh\u00f5es no PIB de Minas Gerais, enquanto que para o cen\u00e1rio \u2018sem distanciamento\u2019 essa perda seria de R$69 bilh\u00f5es.\u201d<\/p>\n\n\n\n<p>Para os autores do estudo, \u201co cen\u00e1rio sem isolamento, dada a maior taxa de fatalidades e adoecimento, \u00e9 o que promove a maior queda na produtividade\u201d. Os setores mais impactados seriam de ind\u00fastria e servi\u00e7os.<\/p>\n\n\n\n<p>A an\u00e1lise conclui que o maior isolamento social tem benef\u00edcios econ\u00f4micos. \u201cPoupar vidas e a capacidade de atendimento do sistema de sa\u00fade para a maioria da popula\u00e7\u00e3o \u00e9 um ganho econ\u00f4mico relevante\u201d. Os economistas, no entanto, consideram que \u201ca sociedade parece&nbsp;ter&nbsp;dificuldade em avaliar os benef\u00edcios que as estrat\u00e9gias de isolamento trazem\u201d para evitar a prolifera\u00e7\u00e3o da covid-19.<\/p>\n\n\n\n<p>\u201cA preserva\u00e7\u00e3o de vidas \u00e9, do ponto de vista econ\u00f4mico, essencial, tanto pela preserva\u00e7\u00e3o de capacidade de trabalho e de consumo, como de conhecimentos e de redes de relacionamentos sociais\u201d, aponta o estudo que pondera que \u201cas mensagens distintas sobre o distanciamento vindas de diferentes esferas de governo (especialmente do governo federal) limitaram o entendimento e a ado\u00e7\u00e3o do distanciamento pela popula\u00e7\u00e3o.\u201d<\/p>\n\n\n\n<h2 class=\"wp-block-heading\">Faculdade de Medicina<\/h2>\n\n\n\n<p>O estudo dos economistas \u00e9 a&nbsp;segunda&nbsp;publica\u00e7\u00e3o cient\u00edfica da UFMG que defende o distanciamento social por causa da pandemia causada pelo novo coronav\u00edrus. No final de semana, sete docentes e pesquisadores da Faculdade de Medicina&nbsp;<a href=\"https:\/\/ufmg.br\/storage\/a\/6\/3\/e\/a63e11d40c886d9415662777cf356c39_15891239710095_768519415.pdf\" target=\"_blank\" rel=\"noreferrer noopener\">divulgaram texto&nbsp;assinalando nove motivos para a manuten\u00e7\u00e3o da medida em Minas Gerais<\/a>.<\/p>\n\n\n\n<p>Na publica\u00e7\u00e3o, os professores lembram que a transmiss\u00e3o do v\u00edrus ainda n\u00e3o est\u00e1 controlada no pa\u00eds e que o sistema de sa\u00fade n\u00e3o conseguiu detectar todas as pessoas contaminadas com a covid-19 no estado, problema chamado de subnotifica\u00e7\u00e3o.<\/p>\n\n\n\n<p>O estudo lembra que ainda n\u00e3o h\u00e1 \u201cplanejamento para a realiza\u00e7\u00e3o de testes em amostra representativa da popula\u00e7\u00e3o\u201d, e pede mais \u201csistematiza\u00e7\u00e3o e a transpar\u00eancia das informa\u00e7\u00f5es\u201d quanto \u00e0 distribui\u00e7\u00e3o de profissionais, disponibilidade de leitos, insumos de prote\u00e7\u00e3o individual (EPI), e de respiradores.<\/p>\n\n\n\n<p>Na avalia\u00e7\u00e3o dos professores de medicina da UFMG, \u201cos protocolos com as medidas preventivas e de controle em ambientes de trabalho, espa\u00e7os p\u00fablicos e escolas ainda n\u00e3o foram amplamente divulgados e debatidos nos diversos setores da sociedade.\u201d<\/p>\n\n\n\n<p>Os especialistas consideram \u201cinsuficiente\u201d o investimento em campanhas que promovam o engajamento da popula\u00e7\u00e3o e conscientiza\u00e7\u00e3o para ades\u00e3o \u00e0s medidas preventivas, e pedem mais esclarecimento ao p\u00fablico sobre a vigil\u00e2ncia e o controle de poss\u00edveis novos casos importados de outras cidades e estados. A publica\u00e7\u00e3o sublinha a falta de alinhamento quanto \u00e0 pol\u00edtica de preven\u00e7\u00e3o entre os governos federal e estadual.<\/p>\n\n\n\n<p>O documento ainda pondera que pode&nbsp;ter&nbsp;um custo social e humano alto se as autoridades tiverem como estrat\u00e9gia sanit\u00e1ria aguardar o fim da transmiss\u00e3o da covid-19 por causa do efeito da auto imuniza\u00e7\u00e3o adquirida por parte da popula\u00e7\u00e3o, ap\u00f3s entrarem em contato com o novo coronav\u00edrus &#8211; o que os infectologistas chamam de \u201cimunidade de grupo ou efeito rebanho\u201d.<\/p>\n\n\n\n<p>Os professores da Faculdade de Medicina da UFMG alertam que\u00a0esse efeito pode demorar. \u201cN\u00e3o h\u00e1 evid\u00eancia, at\u00e9 o momento, de que a exist\u00eancia de anticorpos no sangue para a covid-19 seja uma garantia duradoura contra a infec\u00e7\u00e3o.\u201d<\/p>\n\n\n\n<p class=\"has-background has-very-light-gray-background-color\">Quer saber as not\u00edcias do <strong>Aconteceu no Vale<\/strong> em primeira m\u00e3o? Siga-nos no Facebook <a rel=\"noreferrer noopener\" href=\"http:\/\/facebook.com\/aconteceunovale\" target=\"_blank\">@aconteceunovale<\/a>, Twitter <a rel=\"noreferrer noopener\" href=\"https:\/\/twitter.com\/noticiadosvales\" target=\"_blank\">@noticiadosvales<\/a> e Instagram <a rel=\"noreferrer noopener\" href=\"https:\/\/www.instagram.com\/aconteceunovale\" target=\"_blank\">@aconteceunovale<\/a>.<\/p>\n","protected":false},"excerpt":{"rendered":"<p>Estudo assinado por dez economistas do Centro de Desenvolvimento e Planejamento Regional (Cedeplar), da Faculdade de Ci\u00eancias Econ\u00f4micas da Universidade Federal de Minas Gerais, UFMG, assinala que sem as medidas&nbsp;de isolamento&nbsp;social para evitar a propaga\u00e7\u00e3o do novo coronav\u00edrus a economia mineira pode perder quatro vezes mais. \u201cDe acordo com nossos resultados, o cen\u00e1rio de \u2018distanciamento [&hellip;]<\/p>\n","protected":false},"author":1,"featured_media":162379,"comment_status":"open","ping_status":"closed","sticky":false,"template":"","format":"standard","meta":{"amp_status":"","footnotes":""},"categories":[40239,123],"tags":[202540,202539,217542,217739,1018,37228,221690,221691,221692,218484,219687,218365,116310,874],"class_list":["post-162378","post","type-post","status-publish","format-standard","has-post-thumbnail","hentry","category-economia-2","category-gerais","tag-cedeplar","tag-centro-de-desenvolvimento-e-planejamento-regional","tag-coronavirus-em-minas-gerais","tag-covid-19-em-minas-gerais","tag-destaque","tag-economia-de-minas-gerais","tag-economia-de-minas-gerais-perde-mais-sem-isolamento-social","tag-faculdade-de-ciencias-economicas-da-universidade-federal-de-minas-gerais","tag-faculdade-de-medicina-da-ufmg","tag-isolamento-social-em-minas-gerais","tag-pandemia-da-covid-19","tag-pandemia-do-coronavirus","tag-pib-de-minas-gerais","tag-ufmg"],"_links":{"self":[{"href":"https:\/\/aconteceunovale.com.br\/portal\/index.php?rest_route=\/wp\/v2\/posts\/162378","targetHints":{"allow":["GET"]}}],"collection":[{"href":"https:\/\/aconteceunovale.com.br\/portal\/index.php?rest_route=\/wp\/v2\/posts"}],"about":[{"href":"https:\/\/aconteceunovale.com.br\/portal\/index.php?rest_route=\/wp\/v2\/types\/post"}],"author":[{"embeddable":true,"href":"https:\/\/aconteceunovale.com.br\/portal\/index.php?rest_route=\/wp\/v2\/users\/1"}],"replies":[{"embeddable":true,"href":"https:\/\/aconteceunovale.com.br\/portal\/index.php?rest_route=%2Fwp%2Fv2%2Fcomments&post=162378"}],"version-history":[{"count":1,"href":"https:\/\/aconteceunovale.com.br\/portal\/index.php?rest_route=\/wp\/v2\/posts\/162378\/revisions"}],"predecessor-version":[{"id":162380,"href":"https:\/\/aconteceunovale.com.br\/portal\/index.php?rest_route=\/wp\/v2\/posts\/162378\/revisions\/162380"}],"wp:featuredmedia":[{"embeddable":true,"href":"https:\/\/aconteceunovale.com.br\/portal\/index.php?rest_route=\/wp\/v2\/media\/162379"}],"wp:attachment":[{"href":"https:\/\/aconteceunovale.com.br\/portal\/index.php?rest_route=%2Fwp%2Fv2%2Fmedia&parent=162378"}],"wp:term":[{"taxonomy":"category","embeddable":true,"href":"https:\/\/aconteceunovale.com.br\/portal\/index.php?rest_route=%2Fwp%2Fv2%2Fcategories&post=162378"},{"taxonomy":"post_tag","embeddable":true,"href":"https:\/\/aconteceunovale.com.br\/portal\/index.php?rest_route=%2Fwp%2Fv2%2Ftags&post=162378"}],"curies":[{"name":"wp","href":"https:\/\/api.w.org\/{rel}","templated":true}]}}