{"id":162372,"date":"2020-05-14T00:26:59","date_gmt":"2020-05-14T03:26:59","guid":{"rendered":"http:\/\/aconteceunovale.com.br\/portal\/?p=162372"},"modified":"2020-05-14T00:27:23","modified_gmt":"2020-05-14T03:27:23","slug":"exportacao-do-agronegocio-contribui-com-quase-50-do-saldo-da-balanca-comercial-de-minas-gerais","status":"publish","type":"post","link":"https:\/\/aconteceunovale.com.br\/portal\/?p=162372","title":{"rendered":"Exporta\u00e7\u00e3o do agroneg\u00f3cio contribui com quase 50% do saldo da balan\u00e7a comercial de Minas Gerais"},"content":{"rendered":"\n<p>O agroneg\u00f3cio mineiro fechou o primeiro quadrimestre de 2020 com um super\u00e1vit de US$ 2,18 bilh\u00f5es, valor que corresponde a 48% do saldo de todos os setores no estado. Esse resultado vem atrelado ao desempenho das exporta\u00e7\u00f5es (US$ 2,41 bilh\u00f5es), mesmo durante a crise causada pela pandemia da Covid-19. Os dados integram o Relat\u00f3rio do Com\u00e9rcio Exterior do Agroneg\u00f3cio de Minas Gerais, produzido pela Secretaria de Agricultura, Pecu\u00e1ria e Abastecimento (Seapa).<\/p>\n\n\n\n<p>De acordo com Manoela Teixeira de Oliveira, assessora t\u00e9cnica da Superintend\u00eancia de Inova\u00e7\u00e3o e Economia Agr\u00edcola da Seapa, em janeiro e fevereiro a receita foi menor devido \u00e0 diminui\u00e7\u00e3o das compras de pa\u00edses asi\u00e1ticos e alguns europeus, que se ajustavam no combate ao coronav\u00edrus. \u201cJ\u00e1 em mar\u00e7o e abril, observou-se uma retomada das negocia\u00e7\u00f5es. O desempenho de abril deste ano foi 3% melhor do que o de abril de 2019\u201d, pontua.<\/p>\n\n\n\n<p>Ela destaca que, mesmo no per\u00edodo de quarentena, muitos pa\u00edses demandar\u00e3o alimentos. \u201cMinas Gerais apresenta vantagens comparativas de seus produtos e, por isso, est\u00e1 em uma posi\u00e7\u00e3o estrat\u00e9gica no cen\u00e1rio mundial como importante fornecedor de prote\u00edna animal\u201d, completa a assessora.<\/p>\n\n\n\n<p>O principal produto mineiro de exporta\u00e7\u00e3o, o caf\u00e9, teve redu\u00e7\u00e3o tanto no valor comercializado (-4%) quanto no volume (-8,1%), por\u00e9m, segue sendo respons\u00e1vel por quase 50% do com\u00e9rcio exterior do agroneg\u00f3cio do estado. Ao todo, foram US$ 1,20 bilh\u00e3o e 8,57 milh\u00f5es de sacas, sendo que o caf\u00e9 mineiro representou 70% das vendas desse segmento em todo o pa\u00eds.<\/p>\n\n\n\n<p>O relat\u00f3rio aponta que o pre\u00e7o da commodity negociada no mercado internacional vem subindo, atrelado \u00e0 alta do d\u00f3lar, o que impulsiona as vendas. \u201cNo fim de 2019 e in\u00edcio deste ano, a exporta\u00e7\u00e3o do caf\u00e9 teve ligeira queda. Al\u00e9m de o ano passado ter sido um ano de bienalidade baixa (menor produ\u00e7\u00e3o) e muitos pa\u00edses ajustaram a aquisi\u00e7\u00e3o por conta da pandemia. Por\u00e9m, em abril tivemos um aumento de 11% na receita em compara\u00e7\u00e3o ao mesmo m\u00eas de 2019\u201d, lembra Manoela.<\/p>\n\n\n\n<p>Os principais destinos do caf\u00e9 mineiro foram Alemanha (US$ 252,41 milh\u00f5es), Estados Unidos (US$ 248,22 milh\u00f5es) e It\u00e1lia (US$ 126,34 milh\u00f5es), al\u00e9m de outros 75 pa\u00edses.<\/p>\n\n\n\n<p>J\u00e1 a soja, que \u00e9 o segundo produto agropecu\u00e1rio mais exportado por Minas Gerais (US$ 440,8 milh\u00f5es e 1,27 milh\u00e3o de toneladas), teve aumento de 7,5% no valor e 11,3% no volume de gr\u00e3os comercializados. Isso se deve \u00e0 retomada das compras chinesas (+8,0%) e ao incremento na aquisi\u00e7\u00e3o da R\u00fassia (+156%), al\u00e9m de novas parcerias comerciais firmadas que reverteram o cen\u00e1rio de baixa comercializa\u00e7\u00e3o do gr\u00e3o do in\u00edcio do ano, quando houve o pico da Covid-19 na \u00c1sia.<\/p>\n\n\n\n<p><strong>Carnes<\/strong><\/p>\n\n\n\n<p>Outro setor da agropecu\u00e1ria que teve boa representatividade nas exporta\u00e7\u00f5es neste primeiro quadrimestre foram as carnes, que registraram vendas de US$ 286,29 milh\u00f5es e 84,65 mil toneladas, acr\u00e9scimo de 14,3% e 3,9%, respectivamente.<\/p>\n\n\n\n<p>Ainda de acordo com o Relat\u00f3rio do Com\u00e9rcio Exterior do Agroneg\u00f3cio de Minas Gerais, as vendas de carne bovina j\u00e1 apresentavam bom desempenho desde 2019, devido \u00e0 demanda dos pa\u00edses asi\u00e1ticos, principalmente a China. \u201cCom a pandemia, houve uma ligeira queda nos meses de fevereiro e mar\u00e7o. Por\u00e9m, em abril a China retomou a demanda e contribuiu significativamente para este bom resultado\u201d, completa a assessora t\u00e9cnica Manoela Teixeira de Oliveira.<\/p>\n\n\n\n<p>J\u00e1 o setor do frango, que tamb\u00e9m tem como principal comprador a China, faturou US$ 52,7 milh\u00f5es com a venda de 28 mil toneladas, o que representou acr\u00e9scimo de 7,3% no valor e decr\u00e9scimo de 2,8% no volume.<\/p>\n\n\n\n<p>Entretanto, foi a carne su\u00edna que trouxe os aumentos mais expressivos nas exporta\u00e7\u00f5es, com eleva\u00e7\u00e3o tanto no valor (+170%) quanto no volume (+137%) em rela\u00e7\u00e3o aos quatro primeiros meses do ano passado.<\/p>\n\n\n\n<p>\u201cO aumento das aquisi\u00e7\u00f5es desta prote\u00edna por Hong Kong (+135%) e as novas parcerias firmadas, principalmente nos continentes asi\u00e1tico e africano, foram os motivos que levaram ao bom desempenho do setor. Entre estes novos compradores, destacam-se o Uruguai (+680%), Angola (+630%), Costa do Marfim (+ 148%) e Turquia (+20%)\u201d, finaliza Manoela.<\/p>\n\n\n\n<p class=\"has-background has-very-light-gray-background-color\">Quer saber as not\u00edcias do <strong>Aconteceu no Vale<\/strong> em primeira m\u00e3o? Siga-nos no Facebook <a rel=\"noreferrer noopener\" href=\"http:\/\/facebook.com\/aconteceunovale\" target=\"_blank\">@aconteceunovale<\/a>, Twitter <a rel=\"noreferrer noopener\" href=\"https:\/\/twitter.com\/noticiadosvales\" target=\"_blank\">@noticiadosvales<\/a> e Instagram <a rel=\"noreferrer noopener\" href=\"https:\/\/www.instagram.com\/aconteceunovale\" target=\"_blank\">@aconteceunovale<\/a>.<\/p>\n","protected":false},"excerpt":{"rendered":"<p>O agroneg\u00f3cio mineiro fechou o primeiro quadrimestre de 2020 com um super\u00e1vit de US$ 2,18 bilh\u00f5es, valor que corresponde a 48% do saldo de todos os setores no estado. Esse resultado vem atrelado ao desempenho das exporta\u00e7\u00f5es (US$ 2,41 bilh\u00f5es), mesmo durante a crise causada pela pandemia da Covid-19. Os dados integram o Relat\u00f3rio do [&hellip;]<\/p>\n","protected":false},"author":1,"featured_media":162373,"comment_status":"open","ping_status":"closed","sticky":false,"template":"","format":"standard","meta":{"amp_status":"","footnotes":""},"categories":[123,28848],"tags":[91836,26381,44519,47812,25775,221682,221683,221684,138983,214588],"class_list":["post-162372","post","type-post","status-publish","format-standard","has-post-thumbnail","hentry","category-gerais","category-mundo","tag-agronegocio-de-minas-gerais","tag-agronegocio-mineiro","tag-balanca-comercial-de-minas-gerais","tag-balanca-comercial-mineira","tag-emater-mg","tag-exportacao-do-agronegocio-contribui-com-quase-50-do-saldo-da-balanca-comercial-de-minas-gerais","tag-exportacao-do-agronegocio-de-minas-gerais","tag-exportacao-do-agronegocio-mineiro","tag-manoela-teixeira-de-oliveira","tag-seapa-mg"],"_links":{"self":[{"href":"https:\/\/aconteceunovale.com.br\/portal\/index.php?rest_route=\/wp\/v2\/posts\/162372","targetHints":{"allow":["GET"]}}],"collection":[{"href":"https:\/\/aconteceunovale.com.br\/portal\/index.php?rest_route=\/wp\/v2\/posts"}],"about":[{"href":"https:\/\/aconteceunovale.com.br\/portal\/index.php?rest_route=\/wp\/v2\/types\/post"}],"author":[{"embeddable":true,"href":"https:\/\/aconteceunovale.com.br\/portal\/index.php?rest_route=\/wp\/v2\/users\/1"}],"replies":[{"embeddable":true,"href":"https:\/\/aconteceunovale.com.br\/portal\/index.php?rest_route=%2Fwp%2Fv2%2Fcomments&post=162372"}],"version-history":[{"count":1,"href":"https:\/\/aconteceunovale.com.br\/portal\/index.php?rest_route=\/wp\/v2\/posts\/162372\/revisions"}],"predecessor-version":[{"id":162374,"href":"https:\/\/aconteceunovale.com.br\/portal\/index.php?rest_route=\/wp\/v2\/posts\/162372\/revisions\/162374"}],"wp:featuredmedia":[{"embeddable":true,"href":"https:\/\/aconteceunovale.com.br\/portal\/index.php?rest_route=\/wp\/v2\/media\/162373"}],"wp:attachment":[{"href":"https:\/\/aconteceunovale.com.br\/portal\/index.php?rest_route=%2Fwp%2Fv2%2Fmedia&parent=162372"}],"wp:term":[{"taxonomy":"category","embeddable":true,"href":"https:\/\/aconteceunovale.com.br\/portal\/index.php?rest_route=%2Fwp%2Fv2%2Fcategories&post=162372"},{"taxonomy":"post_tag","embeddable":true,"href":"https:\/\/aconteceunovale.com.br\/portal\/index.php?rest_route=%2Fwp%2Fv2%2Ftags&post=162372"}],"curies":[{"name":"wp","href":"https:\/\/api.w.org\/{rel}","templated":true}]}}