{"id":162369,"date":"2020-05-14T00:20:31","date_gmt":"2020-05-14T03:20:31","guid":{"rendered":"http:\/\/aconteceunovale.com.br\/portal\/?p=162369"},"modified":"2020-05-14T00:20:54","modified_gmt":"2020-05-14T03:20:54","slug":"agricultores-familiares-colhem-safra-de-arroz-em-aimores-no-vale-do-rio-doce","status":"publish","type":"post","link":"https:\/\/aconteceunovale.com.br\/portal\/?p=162369","title":{"rendered":"Agricultores familiares colhem safra de arroz em Aimor\u00e9s, no Vale do Rio Doce"},"content":{"rendered":"\n<p>A colheita de arroz est\u00e1 em andamento nos munic\u00edpios produtores de Minas Gerais. De acordo com o \u00faltimo levantamento da Companhia Nacional de Abastecimento (Conab), a safra estadual do gr\u00e3o em 2020 deve ser de aproximadamente nove mil toneladas, incluindo o arroz de sequeiro e irrigado.&nbsp;<\/p>\n\n\n\n<p>A \u00e1rea ocupada com arroz em Minas Gerais \u00e9 de aproximadamente 3,5 mil hectares. O Sul de Minas lidera o ranking estadual de produ\u00e7\u00e3o do gr\u00e3o, seguido do Vale do Rio Doce, onde est\u00e1 localizado o munic\u00edpio de Aimor\u00e9s. &nbsp;<\/p>\n\n\n\n<p>A safra em Aimor\u00e9s este ano deve ser de 370 toneladas. A produ\u00e7\u00e3o \u00e9 toda em baixadas \u00famidas e em v\u00e1rzeas irrigadas. \u201cS\u00e3o mais de 40 produtores de arroz, que vivem basicamente da agricultura familiar\u201d, explica o t\u00e9cnico da Emater-MG no munic\u00edpio, Wagner de Lima Mendes.&nbsp;<\/p>\n\n\n\n<p>Ele conta que o arroz j\u00e1 foi o carro-chefe da produ\u00e7\u00e3o agr\u00edcola do munic\u00edpio, principalmente nos anos 70 e 80 do s\u00e9culo passado. A cultura se fortaleceu na regi\u00e3o gra\u00e7as \u00e0s pol\u00edticas de cr\u00e9dito do governo federal, al\u00e9m de chuvas bem distribu\u00eddas que garantiam a boa oferta de \u00e1gua. &nbsp;<\/p>\n\n\n\n<p>Com o aumento do custo de produ\u00e7\u00e3o e falta de regularidade das chuvas, &nbsp;o plantio do arroz irrigado diminuiu bastante em Aimor\u00e9s. &nbsp;Hoje, o forte da produ\u00e7\u00e3o agropecu\u00e1ria do munic\u00edpio \u00e9 a cria\u00e7\u00e3o de gado leiteiro e os plantios de caf\u00e9, tomate, banana, quiabo e coco. Mesmo assim, produtores est\u00e3o conseguindo um bom pre\u00e7o pelo arroz cultivado em \u00e1reas remanescentes e vendido na regi\u00e3o. A comercializa\u00e7\u00e3o \u00e9 feita em pequenos mercados ou diretamente nas propriedades.<\/p>\n\n\n\n<p>\u201cAlguns produtores ainda plantam uma cultivar antiga, &nbsp;que n\u00e3o tem mais a semente vendida comercialmente no mercado. E este arroz \u00e9 muito valorizado aqui na regi\u00e3o pelo paladar e, em muitos casos, \u00e9 vendido a granel. &nbsp;\u00c9 uma tradi\u00e7\u00e3o\u201d, explica Wagner Mendes.&nbsp;<\/p>\n\n\n\n<p>\u00c9 o caso do produtor Nemias de Oliveira. Ele planta uma \u00e1rea de quatro hectares, com a ajuda da esposa. \u201cEste arroz que planto \u00e9 um arroz diferenciado, mais macio e cheiroso. Ele produz menos que outras variedades, mas \u00e9 mais caro. Ele sai da minha propriedade a R$ 4,50 o quilo\u201d, afirma.&nbsp;<\/p>\n\n\n\n<p>O produtor conta com assist\u00eancia da Emater-MG. Al\u00e9m de uma colheitadeira, ele tamb\u00e9m tem uma m\u00e1quina para pilar o arroz, o que facilita a comercializa\u00e7\u00e3o.\u00a0<\/p>\n\n\n\n<figure class=\"wp-block-gallery columns-1 is-cropped wp-block-gallery-1 is-layout-flex wp-block-gallery-is-layout-flex\"><ul class=\"blocks-gallery-grid\"><li class=\"blocks-gallery-item\"><figure><img loading=\"lazy\" decoding=\"async\" width=\"678\" height=\"381\" src=\"http:\/\/aconteceunovale.com.br\/portal\/wp-content\/uploads\/2020\/05\/arroz_aimores.jpg\" alt=\"\" data-id=\"162370\" data-full-url=\"http:\/\/aconteceunovale.com.br\/portal\/wp-content\/uploads\/2020\/05\/arroz_aimores.jpg\" data-link=\"http:\/\/aconteceunovale.com.br\/portal\/?attachment_id=162370\" class=\"wp-image-162370\" srcset=\"https:\/\/aconteceunovale.com.br\/portal\/wp-content\/uploads\/2020\/05\/arroz_aimores.jpg 678w, https:\/\/aconteceunovale.com.br\/portal\/wp-content\/uploads\/2020\/05\/arroz_aimores-300x169.jpg 300w\" sizes=\"auto, (max-width: 678px) 100vw, 678px\" \/><figcaption class=\"blocks-gallery-item__caption\"><em>Foto: Divulga\u00e7\u00e3o \/ Emater-MG<\/em><\/figcaption><\/figure><\/li><\/ul><\/figure>\n\n\n\n<p class=\"has-background has-very-light-gray-background-color\">Quer saber as not\u00edcias do <strong>Aconteceu no Vale<\/strong> em primeira m\u00e3o? Siga-nos no Facebook <a rel=\"noreferrer noopener\" href=\"http:\/\/facebook.com\/aconteceunovale\" target=\"_blank\">@aconteceunovale<\/a>, Twitter <a rel=\"noreferrer noopener\" href=\"https:\/\/twitter.com\/noticiadosvales\" target=\"_blank\">@noticiadosvales<\/a> e Instagram <a rel=\"noreferrer noopener\" href=\"https:\/\/www.instagram.com\/aconteceunovale\" target=\"_blank\">@aconteceunovale<\/a>.<\/p>\n","protected":false},"excerpt":{"rendered":"<p>A colheita de arroz est\u00e1 em andamento nos munic\u00edpios produtores de Minas Gerais. De acordo com o \u00faltimo levantamento da Companhia Nacional de Abastecimento (Conab), a safra estadual do gr\u00e3o em 2020 deve ser de aproximadamente nove mil toneladas, incluindo o arroz de sequeiro e irrigado.&nbsp; A \u00e1rea ocupada com arroz em Minas Gerais \u00e9 [&hellip;]<\/p>\n","protected":false},"author":1,"featured_media":162370,"comment_status":"open","ping_status":"closed","sticky":false,"template":"","format":"standard","meta":{"amp_status":"","footnotes":""},"categories":[121],"tags":[221678,273,221677,25775,221681,221676,221679,221680],"class_list":["post-162369","post","type-post","status-publish","format-standard","has-post-thumbnail","hentry","category-leste","tag-agricultores-familiares-colhem-safra-de-arroz-em-aimores","tag-aimores","tag-colheita-de-arroz-em-aimores","tag-emater-mg","tag-nemias-de-oliveira","tag-producao-de-arroz-em-aimores","tag-safra-de-arroz-em-aimores","tag-wagner-de-lima-mendes"],"_links":{"self":[{"href":"https:\/\/aconteceunovale.com.br\/portal\/index.php?rest_route=\/wp\/v2\/posts\/162369","targetHints":{"allow":["GET"]}}],"collection":[{"href":"https:\/\/aconteceunovale.com.br\/portal\/index.php?rest_route=\/wp\/v2\/posts"}],"about":[{"href":"https:\/\/aconteceunovale.com.br\/portal\/index.php?rest_route=\/wp\/v2\/types\/post"}],"author":[{"embeddable":true,"href":"https:\/\/aconteceunovale.com.br\/portal\/index.php?rest_route=\/wp\/v2\/users\/1"}],"replies":[{"embeddable":true,"href":"https:\/\/aconteceunovale.com.br\/portal\/index.php?rest_route=%2Fwp%2Fv2%2Fcomments&post=162369"}],"version-history":[{"count":1,"href":"https:\/\/aconteceunovale.com.br\/portal\/index.php?rest_route=\/wp\/v2\/posts\/162369\/revisions"}],"predecessor-version":[{"id":162371,"href":"https:\/\/aconteceunovale.com.br\/portal\/index.php?rest_route=\/wp\/v2\/posts\/162369\/revisions\/162371"}],"wp:featuredmedia":[{"embeddable":true,"href":"https:\/\/aconteceunovale.com.br\/portal\/index.php?rest_route=\/wp\/v2\/media\/162370"}],"wp:attachment":[{"href":"https:\/\/aconteceunovale.com.br\/portal\/index.php?rest_route=%2Fwp%2Fv2%2Fmedia&parent=162369"}],"wp:term":[{"taxonomy":"category","embeddable":true,"href":"https:\/\/aconteceunovale.com.br\/portal\/index.php?rest_route=%2Fwp%2Fv2%2Fcategories&post=162369"},{"taxonomy":"post_tag","embeddable":true,"href":"https:\/\/aconteceunovale.com.br\/portal\/index.php?rest_route=%2Fwp%2Fv2%2Ftags&post=162369"}],"curies":[{"name":"wp","href":"https:\/\/api.w.org\/{rel}","templated":true}]}}