{"id":162316,"date":"2020-05-12T17:07:35","date_gmt":"2020-05-12T20:07:35","guid":{"rendered":"http:\/\/aconteceunovale.com.br\/portal\/?p=162316"},"modified":"2020-05-12T17:08:06","modified_gmt":"2020-05-12T20:08:06","slug":"levantamento-aponta-morte-de-98-enfermeiros-por-covid-19-em-um-mes","status":"publish","type":"post","link":"https:\/\/aconteceunovale.com.br\/portal\/?p=162316","title":{"rendered":"Levantamento aponta morte de 98 enfermeiros por Covid-19 em um m\u00eas"},"content":{"rendered":"\n<p>Levantamento do Conselho Federal de Enfermagem (Cofen) revela que, entre&nbsp;5 de abril&nbsp;e&nbsp;5 de maio,&nbsp;o n\u00famero de enfermeiros afastados do trabalho pelo novo coronav\u00edrus aumentou 48 vezes, saltando de&nbsp;230 casos suspeitos e confirmados para 11 mil. O relat\u00f3rio&nbsp;aponta ainda&nbsp;que as mortes&nbsp;triplicaram no per\u00edodo, passando de&nbsp;30 para 98&nbsp;\u00f3bitos em um m\u00eas. Os estados de S\u00e3o Paulo e Rio&nbsp;de Janeiro&nbsp;lideram o ranking.<\/p>\n\n\n\n<p>A categoria&nbsp;somava 12 mil afastamentos at\u00e9 o \u00faltimo domingo,&nbsp;10 de maio. Mulheres s\u00e3o as mais afetadas: elas totalizam 10 mil afastamentos&nbsp;e respondem por 60 das 98 mortes notificadas.<\/p>\n\n\n\n<h2 class=\"wp-block-heading\">\u00d3culos de prote\u00e7\u00e3o<\/h2>\n\n\n\n<p>A r\u00e1pida progress\u00e3o da covid-19 entre os enfermeiros fez o oftalmologista&nbsp;Le\u00f4ncio Queiroz Neto, do Instituto Penido Burnier,&nbsp;buscar mais recursos para a campanha que distribui&nbsp;\u00f3culos de prote\u00e7\u00e3o aos profissionais de sa\u00fade que atuem em hospitais e a entidades de classe.<\/p>\n\n\n\n<p>A falta de prote\u00e7\u00e3o ocular representa um risco para a sa\u00fade p\u00fablica, afirma o oftalmologista. Um estudo da Academia Americana de Oftalmologia (AAO) alerta que os olhos e o nariz est\u00e3o interligados pelo ducto lacrimal que pode levar o coronav\u00edrus a todo sistema respirat\u00f3rio.<\/p>\n\n\n\n<p>Al\u00e9m disso, outro recente estudo italiano, divulgado pelo Instituto Spallanzani, revela que o Sar-Cov-2 \u00e9 ativo na l\u00e1grima de uma pessoa contaminada que apresente conjuntivite. Queiroz Neto ressalta que a conjuntivite n\u00e3o \u00e9 comum na covid-19, mas o resultado desses estudos explica o motivo de&nbsp;a Organiza\u00e7\u00e3o Mundial da Sa\u00fade (OMS) recomendar o uso de&nbsp;\u00f3culos de prote\u00e7\u00e3o durante o atendimento de casos suspeitos ou confirmados do novo coronav\u00edrus.<\/p>\n\n\n\n<p>Recentemente, os patrocinadores da campanha&nbsp;(Funda\u00e7\u00e3o Abi\u00f3ptica, Essilor Brasil e Allprot) aumentaram de 5 mil para 12 mil o total de \u00f3culos prote\u00e7\u00e3o doados. Com isso, foram distribu\u00eddos 8,35 mil equipamentos de prote\u00e7\u00e3o individual (EPIs) aos enfermeiros &#8211; inicialmente eram&nbsp;1,35 mil.<\/p>\n\n\n\n<p>Na \u00faltima semana o Instituto Penido Burnier entregou mais 7 mil unidades na sede do Sindicato dos Trabalhadores da Sa\u00fade de Campinas e Regi\u00e3o (Sinsaude) \u00e0 presidente em exerc\u00edcio, Sofia Rodrigues do Nascimento, e ao presidente da Federa\u00e7\u00e3o Paulista da Sa\u00fade, Edison La\u00e9rcio de Oliveira.\u00a0Na mesma semana, foram doados 550 \u00f3culos de prote\u00e7\u00e3o ao Hospital das Cl\u00ednicas da Unicamp, 300 ao hospital da PUC-Campinas, 300 ao Hospital S\u00e3o Vicente de Jundia\u00ed e 300 ao Hospital S\u00e3o Francisco de Bragan\u00e7a.<\/p>\n\n\n\n<p class=\"has-background has-very-light-gray-background-color\">Quer saber as not\u00edcias do <strong>Aconteceu no Vale<\/strong> em primeira m\u00e3o? Siga-nos no Facebook <a rel=\"noreferrer noopener\" href=\"http:\/\/facebook.com\/aconteceunovale\" target=\"_blank\">@aconteceunovale<\/a>, Twitter <a rel=\"noreferrer noopener\" href=\"https:\/\/twitter.com\/noticiadosvales\" target=\"_blank\">@noticiadosvales<\/a> e Instagram <a rel=\"noreferrer noopener\" href=\"https:\/\/www.instagram.com\/aconteceunovale\" target=\"_blank\">@aconteceunovale<\/a>.<\/p>\n","protected":false},"excerpt":{"rendered":"<p>Levantamento do Conselho Federal de Enfermagem (Cofen) revela que, entre&nbsp;5 de abril&nbsp;e&nbsp;5 de maio,&nbsp;o n\u00famero de enfermeiros afastados do trabalho pelo novo coronav\u00edrus aumentou 48 vezes, saltando de&nbsp;230 casos suspeitos e confirmados para 11 mil. O relat\u00f3rio&nbsp;aponta ainda&nbsp;que as mortes&nbsp;triplicaram no per\u00edodo, passando de&nbsp;30 para 98&nbsp;\u00f3bitos em um m\u00eas. Os estados de S\u00e3o Paulo e [&hellip;]<\/p>\n","protected":false},"author":1,"featured_media":160141,"comment_status":"open","ping_status":"closed","sticky":false,"template":"","format":"standard","meta":{"amp_status":"","footnotes":""},"categories":[6,40242],"tags":[221600,221598,221601,221593,221597,214884,216498,221605,221602,221603,129004,129003,221596,221595,221594,23476,219687,218365,221599,221604],"class_list":["post-162316","post","type-post","status-publish","format-standard","has-post-thumbnail","hentry","category-br","category-saude-2","tag-aao","tag-academia-americana-de-oftalmologia","tag-allprot","tag-cofen","tag-conselho-federal-de-enfermagem","tag-coronavirus","tag-covid-19","tag-edison-laercio-de-oliveira","tag-essilor-brasil","tag-fundacao-abioptica","tag-instituto-penido-burnier","tag-leoncio-queiroz-neto","tag-levantamento-do-cofen-aponta-morte-de-98-enfermeiros-por-covid-19-em-um-mes","tag-morte-de-enfermeiros","tag-morte-de-enfermeiros-por-covid-19","tag-oms","tag-pandemia-da-covid-19","tag-pandemia-do-coronavirus","tag-sar-cov-2","tag-sofia-rodrigues-do-nascimento"],"_links":{"self":[{"href":"https:\/\/aconteceunovale.com.br\/portal\/index.php?rest_route=\/wp\/v2\/posts\/162316","targetHints":{"allow":["GET"]}}],"collection":[{"href":"https:\/\/aconteceunovale.com.br\/portal\/index.php?rest_route=\/wp\/v2\/posts"}],"about":[{"href":"https:\/\/aconteceunovale.com.br\/portal\/index.php?rest_route=\/wp\/v2\/types\/post"}],"author":[{"embeddable":true,"href":"https:\/\/aconteceunovale.com.br\/portal\/index.php?rest_route=\/wp\/v2\/users\/1"}],"replies":[{"embeddable":true,"href":"https:\/\/aconteceunovale.com.br\/portal\/index.php?rest_route=%2Fwp%2Fv2%2Fcomments&post=162316"}],"version-history":[{"count":1,"href":"https:\/\/aconteceunovale.com.br\/portal\/index.php?rest_route=\/wp\/v2\/posts\/162316\/revisions"}],"predecessor-version":[{"id":162317,"href":"https:\/\/aconteceunovale.com.br\/portal\/index.php?rest_route=\/wp\/v2\/posts\/162316\/revisions\/162317"}],"wp:featuredmedia":[{"embeddable":true,"href":"https:\/\/aconteceunovale.com.br\/portal\/index.php?rest_route=\/wp\/v2\/media\/160141"}],"wp:attachment":[{"href":"https:\/\/aconteceunovale.com.br\/portal\/index.php?rest_route=%2Fwp%2Fv2%2Fmedia&parent=162316"}],"wp:term":[{"taxonomy":"category","embeddable":true,"href":"https:\/\/aconteceunovale.com.br\/portal\/index.php?rest_route=%2Fwp%2Fv2%2Fcategories&post=162316"},{"taxonomy":"post_tag","embeddable":true,"href":"https:\/\/aconteceunovale.com.br\/portal\/index.php?rest_route=%2Fwp%2Fv2%2Ftags&post=162316"}],"curies":[{"name":"wp","href":"https:\/\/api.w.org\/{rel}","templated":true}]}}