{"id":162314,"date":"2020-05-12T16:29:17","date_gmt":"2020-05-12T19:29:17","guid":{"rendered":"http:\/\/aconteceunovale.com.br\/portal\/?p=162314"},"modified":"2020-05-12T16:29:58","modified_gmt":"2020-05-12T19:29:58","slug":"policia-civil-apura-100-dos-homicidios-ocorridos-na-regiao-de-ipanema","status":"publish","type":"post","link":"https:\/\/aconteceunovale.com.br\/portal\/?p=162314","title":{"rendered":"Pol\u00edcia Civil apura 100% dos homic\u00eddios ocorridos na regi\u00e3o de Ipanema"},"content":{"rendered":"\n<p>A Pol\u00edcia Civil de Minas Gerais (PCMG) apurou 100% dos homic\u00eddios ocorridos nos \u00faltimos seis meses na \u00e1rea atendida pela Delegacia de Ipanema, no Leste do Estado, que atende os munic\u00edpios de Ipanema, Pocrane, Taparuba, Concei\u00e7\u00e3o de Ipanema e S\u00e3o Jos\u00e9 de Mantimento, totalizando cerca de 40.000 habitantes.<\/p>\n\n\n\n<p>Entre novembro de 2019 e abril de 2020, foram cometidos tr\u00eas homic\u00eddios consumados e dois tentados na regi\u00e3o. Todos esses crimes j\u00e1 foram investigados pela PCMG e est\u00e3o \u00e0 disposi\u00e7\u00e3o do Poder Judici\u00e1rio para prosseguimento da a\u00e7\u00e3o penal.<\/p>\n\n\n\n<p>Os investigados dos crimes tiveram a pris\u00e3o representada pela PCMG. Dos cinco suspeitos, apenas um est\u00e1 solto por ser idoso e, consequentemente, do grupo de risco da Covid-19, tendo a pris\u00e3o tempor\u00e1ria revogada.<\/p>\n\n\n\n<p>Al\u00e9m disso, houve a redu\u00e7\u00e3o de 58% dos homic\u00eddios comparando os primeiros quatro meses de 2020 e o mesmo per\u00edodo de 2019. De janeiro a abril de 2019, foram registrados sete homic\u00eddios consumados na \u00e1rea da Delegacia de Pol\u00edcia Civil de Minas Gerais em Mantena e, de janeiro a abril deste ano, foram tr\u00eas.<\/p>\n\n\n\n<p class=\"has-background has-very-light-gray-background-color\">Quer saber as not\u00edcias do <strong>Aconteceu no Vale<\/strong> em primeira m\u00e3o? Siga-nos no Facebook <a rel=\"noreferrer noopener\" href=\"http:\/\/facebook.com\/aconteceunovale\" target=\"_blank\">@aconteceunovale<\/a>, Twitter <a rel=\"noreferrer noopener\" href=\"https:\/\/twitter.com\/noticiadosvales\" target=\"_blank\">@noticiadosvales<\/a> e Instagram <a rel=\"noreferrer noopener\" href=\"https:\/\/www.instagram.com\/aconteceunovale\" target=\"_blank\">@aconteceunovale<\/a>.<\/p>\n","protected":false},"excerpt":{"rendered":"<p>A Pol\u00edcia Civil de Minas Gerais (PCMG) apurou 100% dos homic\u00eddios ocorridos nos \u00faltimos seis meses na \u00e1rea atendida pela Delegacia de Ipanema, no Leste do Estado, que atende os munic\u00edpios de Ipanema, Pocrane, Taparuba, Concei\u00e7\u00e3o de Ipanema e S\u00e3o Jos\u00e9 de Mantimento, totalizando cerca de 40.000 habitantes. Entre novembro de 2019 e abril de [&hellip;]<\/p>\n","protected":false},"author":1,"featured_media":151866,"comment_status":"open","ping_status":"closed","sticky":false,"template":"","format":"standard","meta":{"amp_status":"","footnotes":""},"categories":[121],"tags":[2877,221590,221589,221591,1732,604,2147,221588,221587,44644,221592,4314],"class_list":["post-162314","post","type-post","status-publish","format-standard","has-post-thumbnail","hentry","category-leste","tag-conceicao-de-ipanema","tag-delegacia-de-ipanema","tag-delegacia-de-policia-civil-de-ipanema","tag-homicidios-na-regiao-de-ipanema","tag-ipanema","tag-pcmg","tag-pocrane","tag-policia-civil-apura-100-dos-homicidios-ocorridos-nos-ultimos-seis-meses-na-regiao-de-ipanema","tag-policia-civil-de-ipanema","tag-policia-civil-de-minas-gerais","tag-sao-jose-de-mantimento","tag-taparuba"],"_links":{"self":[{"href":"https:\/\/aconteceunovale.com.br\/portal\/index.php?rest_route=\/wp\/v2\/posts\/162314","targetHints":{"allow":["GET"]}}],"collection":[{"href":"https:\/\/aconteceunovale.com.br\/portal\/index.php?rest_route=\/wp\/v2\/posts"}],"about":[{"href":"https:\/\/aconteceunovale.com.br\/portal\/index.php?rest_route=\/wp\/v2\/types\/post"}],"author":[{"embeddable":true,"href":"https:\/\/aconteceunovale.com.br\/portal\/index.php?rest_route=\/wp\/v2\/users\/1"}],"replies":[{"embeddable":true,"href":"https:\/\/aconteceunovale.com.br\/portal\/index.php?rest_route=%2Fwp%2Fv2%2Fcomments&post=162314"}],"version-history":[{"count":1,"href":"https:\/\/aconteceunovale.com.br\/portal\/index.php?rest_route=\/wp\/v2\/posts\/162314\/revisions"}],"predecessor-version":[{"id":162315,"href":"https:\/\/aconteceunovale.com.br\/portal\/index.php?rest_route=\/wp\/v2\/posts\/162314\/revisions\/162315"}],"wp:featuredmedia":[{"embeddable":true,"href":"https:\/\/aconteceunovale.com.br\/portal\/index.php?rest_route=\/wp\/v2\/media\/151866"}],"wp:attachment":[{"href":"https:\/\/aconteceunovale.com.br\/portal\/index.php?rest_route=%2Fwp%2Fv2%2Fmedia&parent=162314"}],"wp:term":[{"taxonomy":"category","embeddable":true,"href":"https:\/\/aconteceunovale.com.br\/portal\/index.php?rest_route=%2Fwp%2Fv2%2Fcategories&post=162314"},{"taxonomy":"post_tag","embeddable":true,"href":"https:\/\/aconteceunovale.com.br\/portal\/index.php?rest_route=%2Fwp%2Fv2%2Ftags&post=162314"}],"curies":[{"name":"wp","href":"https:\/\/api.w.org\/{rel}","templated":true}]}}