{"id":162182,"date":"2020-05-07T23:05:51","date_gmt":"2020-05-08T02:05:51","guid":{"rendered":"http:\/\/aconteceunovale.com.br\/portal\/?p=162182"},"modified":"2020-05-07T23:06:17","modified_gmt":"2020-05-08T02:06:17","slug":"policia-civil-prende-homem-suspeito-de-pedofilia-no-vale-do-rio-doce","status":"publish","type":"post","link":"https:\/\/aconteceunovale.com.br\/portal\/?p=162182","title":{"rendered":"Pol\u00edcia Civil prende homem suspeito de pedofilia no Vale do Rio Doce"},"content":{"rendered":"\n<p>A Pol\u00edcia Civil de Minas Gerais (PCMG) prendeu, na manh\u00e3 dessa quarta-feira (6\/5\/2020), um homem, de 39 anos, durante oitiva no Vale do Rio Doce. O suspeito havia sido intimado para prestar depoimento em rela\u00e7\u00e3o a um inqu\u00e9rito policial em tramita\u00e7\u00e3o junto \u00e0 Delegacia de Pol\u00edcia Civil em Frei Inoc\u00eancio, que apura compartilhamentos de fotos pornogr\u00e1ficas de uma crian\u00e7a de 11 anos de idade.<\/p>\n\n\n\n<p>Durante a oitiva, realizada no munic\u00edpio de Governador Valadares, o suspeito declarou que ainda possu\u00eda, no aparelho celular dele, algumas imagens da referida crian\u00e7a, confessando o crime. Com a autoriza\u00e7\u00e3o do suspeito, os policiais encontraram no celular do homem v\u00e1rias imagens pornogr\u00e1ficas de menores, al\u00e9m das citadas fotos da v\u00edtima. Em raz\u00e3o disso, o homem foi autuado em flagrante delito, com base no artigo 241-B do Estatuto da Crian\u00e7a e do Adolescente (ECA), que prev\u00ea pena de um a quatro anos de pris\u00e3o.<\/p>\n\n\n\n<p>De acordo com o Delegado M\u00e1rdio Bento Costa, que preside o inqu\u00e9rito policial, \u201co pr\u00f3prio armazenamento de fotografia, no aparelho celular, mesmo que a pessoa n\u00e3o tenha feito essa fotografia ou grava\u00e7\u00e3o de adolescente ou crian\u00e7a, \u00e9 considerado crime\u201d. Ainda de acordo com o Delegado, o caso permanece sob investiga\u00e7\u00e3o a fim de identificar outros envolvidos no crime em apura\u00e7\u00e3o, descrito no art. 241- A do Estatuto da Crian\u00e7a e Adolescente, que estabelece pena de tr\u00eas a seis anos de reclus\u00e3o a quem oferece, troca, disponibiliza, transmiti, distribui, publica ou divulga por qualquer meio, inclusive por meio de sistema de inform\u00e1tica ou telem\u00e1tico, fotografia, v\u00eddeo ou outro registro que contenha cena de sexo expl\u00edcito ou pornogr\u00e1fica envolvendo crian\u00e7a ou adolescente.<\/p>\n\n\n\n<p>A pris\u00e3o foi efetuada pelo Delegado M\u00e1rdio Bento Costa, pelo Investigador Rafael Jos\u00e9 Roberto Teodoro e pelo Escriv\u00e3o Franklim Diarcio Domingues.<\/p>\n\n\n\n<figure><iframe loading=\"lazy\" width=\"100%\" height=\"420\" src=\"https:\/\/www.youtube.com\/embed\/LqjWcU9mxRs\" allowfullscreen=\"\"><\/iframe><\/figure>\n\n\n\n<p class=\"has-background has-very-light-gray-background-color\">Quer saber as not\u00edcias do <strong>Aconteceu no Vale<\/strong> em primeira m\u00e3o? Siga-nos no Facebook <a rel=\"noreferrer noopener\" href=\"http:\/\/facebook.com\/aconteceunovale\" target=\"_blank\">@aconteceunovale<\/a>, Twitter <a rel=\"noreferrer noopener\" href=\"https:\/\/twitter.com\/noticiadosvales\" target=\"_blank\">@noticiadosvales<\/a> e Instagram <a rel=\"noreferrer noopener\" href=\"https:\/\/www.instagram.com\/aconteceunovale\" target=\"_blank\">@aconteceunovale<\/a>.<\/p>\n","protected":false},"excerpt":{"rendered":"<p>A Pol\u00edcia Civil de Minas Gerais (PCMG) prendeu, na manh\u00e3 dessa quarta-feira (6\/5\/2020), um homem, de 39 anos, durante oitiva no Vale do Rio Doce. O suspeito havia sido intimado para prestar depoimento em rela\u00e7\u00e3o a um inqu\u00e9rito policial em tramita\u00e7\u00e3o junto \u00e0 Delegacia de Pol\u00edcia Civil em Frei Inoc\u00eancio, que apura compartilhamentos de fotos [&hellip;]<\/p>\n","protected":false},"author":1,"featured_media":102361,"comment_status":"open","ping_status":"closed","sticky":false,"template":"","format":"standard","meta":{"amp_status":"","footnotes":""},"categories":[121],"tags":[221448,221450,247,221449,604,44644,221446,221445,202127,221447,221451],"class_list":["post-162182","post","type-post","status-publish","format-standard","has-post-thumbnail","hentry","category-leste","tag-delegado-mardio-bento-costa","tag-escrivao-franklim-diarcio-domingues","tag-governador-valadares","tag-mardio-bento-costa","tag-pcmg","tag-policia-civil-de-minas-gerais","tag-policia-civil-prende-homem-suspeito-de-pedofilia-em-frei-inocencio","tag-policia-civil-prende-homem-suspeito-de-pedofilia-no-vale-do-rio-doce","tag-preso-em-frei-inocencio","tag-preso-por-pedofilia-em-frei-inocencio","tag-rafael-jose-roberto-teodoro"],"_links":{"self":[{"href":"https:\/\/aconteceunovale.com.br\/portal\/index.php?rest_route=\/wp\/v2\/posts\/162182","targetHints":{"allow":["GET"]}}],"collection":[{"href":"https:\/\/aconteceunovale.com.br\/portal\/index.php?rest_route=\/wp\/v2\/posts"}],"about":[{"href":"https:\/\/aconteceunovale.com.br\/portal\/index.php?rest_route=\/wp\/v2\/types\/post"}],"author":[{"embeddable":true,"href":"https:\/\/aconteceunovale.com.br\/portal\/index.php?rest_route=\/wp\/v2\/users\/1"}],"replies":[{"embeddable":true,"href":"https:\/\/aconteceunovale.com.br\/portal\/index.php?rest_route=%2Fwp%2Fv2%2Fcomments&post=162182"}],"version-history":[{"count":1,"href":"https:\/\/aconteceunovale.com.br\/portal\/index.php?rest_route=\/wp\/v2\/posts\/162182\/revisions"}],"predecessor-version":[{"id":162183,"href":"https:\/\/aconteceunovale.com.br\/portal\/index.php?rest_route=\/wp\/v2\/posts\/162182\/revisions\/162183"}],"wp:featuredmedia":[{"embeddable":true,"href":"https:\/\/aconteceunovale.com.br\/portal\/index.php?rest_route=\/wp\/v2\/media\/102361"}],"wp:attachment":[{"href":"https:\/\/aconteceunovale.com.br\/portal\/index.php?rest_route=%2Fwp%2Fv2%2Fmedia&parent=162182"}],"wp:term":[{"taxonomy":"category","embeddable":true,"href":"https:\/\/aconteceunovale.com.br\/portal\/index.php?rest_route=%2Fwp%2Fv2%2Fcategories&post=162182"},{"taxonomy":"post_tag","embeddable":true,"href":"https:\/\/aconteceunovale.com.br\/portal\/index.php?rest_route=%2Fwp%2Fv2%2Ftags&post=162182"}],"curies":[{"name":"wp","href":"https:\/\/api.w.org\/{rel}","templated":true}]}}