{"id":162179,"date":"2020-05-07T22:58:22","date_gmt":"2020-05-08T01:58:22","guid":{"rendered":"http:\/\/aconteceunovale.com.br\/portal\/?p=162179"},"modified":"2020-05-07T22:58:36","modified_gmt":"2020-05-08T01:58:36","slug":"policia-civil-prende-no-norte-de-minas-empresario-que-praticou-feminicidio-na-bahia","status":"publish","type":"post","link":"https:\/\/aconteceunovale.com.br\/portal\/?p=162179","title":{"rendered":"Pol\u00edcia Civil prende no Norte de Minas empres\u00e1rio que praticou feminic\u00eddio na Bahia"},"content":{"rendered":"\n<p>A Pol\u00edcia Civil de Minas Gerais, em conjunto com a Pol\u00edcia Civil da Bahia, prendeu nessa quarta-feira (6\/5\/2020) um empres\u00e1rio baiano, de 44 anos, suspeito de assassinar a esposa. Ele estava escondido em um s\u00edtio no munic\u00edpio de Verdel\u00e2ndia (MG).<\/p>\n\n\n\n<p>Em setembro de 2019, em Brumado (BA), o suspeito executou a pr\u00f3pria companheira com diversos disparos de arma de fogo e, desde ent\u00e3o, mantinha-se foragido. Antes de fugir, demonstrando frieza e crueldade, o empres\u00e1rio avisou a fam\u00edlia da v\u00edtima sobre o crime que havia praticado.<\/p>\n\n\n\n<p>Ap\u00f3s intensas atividades para a sua localiza\u00e7\u00e3o, constatou-se que ele estava se escondendo em um s\u00edtio localizado em Verdel\u00e2ndia. As equipes da PC mineira e baiana, utilizando-se de drone da PCMG, conseguiram visualizar, ent\u00e3o, a Hillux preta utilizada pelo suspeito, estacionada em frente ao esconderijo, e decidiram efetuar a abordagem imediata, dando-lhe voz de pris\u00e3o em virtude de mandado expedido pela Justi\u00e7a da Bahia.<\/p>\n\n\n\n<p>Ao ser qualificado, o empres\u00e1rio informou nome falso. Ao realizar busca no esconderijo do suspeito, foram localizados v\u00e1rios documentos (certid\u00e3o de nascimento, carteira de identidade, CPF, cart\u00e3o SUS e guia de solicita\u00e7\u00e3o de empr\u00e9stimo banc\u00e1rio), onde constava o nome falso do suspeito e fotografias dele. Assim, o empres\u00e1rio recebeu voz de pris\u00e3o em flagrante delito por pr\u00e1tica de crime de uso de documento falso.<\/p>\n\n\n\n<figure class=\"wp-block-gallery columns-1 is-cropped wp-block-gallery-1 is-layout-flex wp-block-gallery-is-layout-flex\"><ul class=\"blocks-gallery-grid\"><li class=\"blocks-gallery-item\"><figure><img loading=\"lazy\" decoding=\"async\" width=\"660\" height=\"450\" src=\"http:\/\/aconteceunovale.com.br\/portal\/wp-content\/uploads\/2020\/05\/carro_empresario_verdelandia.jpg\" alt=\"\" data-id=\"162180\" data-full-url=\"http:\/\/aconteceunovale.com.br\/portal\/wp-content\/uploads\/2020\/05\/carro_empresario_verdelandia.jpg\" data-link=\"http:\/\/aconteceunovale.com.br\/portal\/?attachment_id=162180\" class=\"wp-image-162180\" srcset=\"https:\/\/aconteceunovale.com.br\/portal\/wp-content\/uploads\/2020\/05\/carro_empresario_verdelandia.jpg 660w, https:\/\/aconteceunovale.com.br\/portal\/wp-content\/uploads\/2020\/05\/carro_empresario_verdelandia-300x205.jpg 300w, https:\/\/aconteceunovale.com.br\/portal\/wp-content\/uploads\/2020\/05\/carro_empresario_verdelandia-218x150.jpg 218w, https:\/\/aconteceunovale.com.br\/portal\/wp-content\/uploads\/2020\/05\/carro_empresario_verdelandia-616x420.jpg 616w\" sizes=\"auto, (max-width: 660px) 100vw, 660px\" \/><figcaption class=\"blocks-gallery-item__caption\"><em>Foto: Divulga\u00e7\u00e3o\/PCMG<\/em><\/figcaption><\/figure><\/li><\/ul><\/figure>\n\n\n\n<p class=\"has-background has-very-light-gray-background-color\">Quer saber as not\u00edcias do <strong>Aconteceu no Vale<\/strong> em primeira m\u00e3o? Siga-nos no Facebook <a rel=\"noreferrer noopener\" href=\"http:\/\/facebook.com\/aconteceunovale\" target=\"_blank\">@aconteceunovale<\/a>, Twitter <a rel=\"noreferrer noopener\" href=\"https:\/\/twitter.com\/noticiadosvales\" target=\"_blank\">@noticiadosvales<\/a> e Instagram <a rel=\"noreferrer noopener\" href=\"https:\/\/www.instagram.com\/aconteceunovale\" target=\"_blank\">@aconteceunovale<\/a>.<\/p>\n","protected":false},"excerpt":{"rendered":"<p>A Pol\u00edcia Civil de Minas Gerais, em conjunto com a Pol\u00edcia Civil da Bahia, prendeu nessa quarta-feira (6\/5\/2020) um empres\u00e1rio baiano, de 44 anos, suspeito de assassinar a esposa. Ele estava escondido em um s\u00edtio no munic\u00edpio de Verdel\u00e2ndia (MG). Em setembro de 2019, em Brumado (BA), o suspeito executou a pr\u00f3pria companheira com diversos [&hellip;]<\/p>\n","protected":false},"author":1,"featured_media":162180,"comment_status":"open","ping_status":"closed","sticky":false,"template":"","format":"standard","meta":{"amp_status":"","footnotes":""},"categories":[6,1236],"tags":[1018,221440,221436,221441,221443,221438,221442,44644,221439,221437,151351,221444,1814],"class_list":["post-162179","post","type-post","status-publish","format-standard","has-post-thumbnail","hentry","category-br","category-norte_de_minas","tag-destaque","tag-empresario-preso-em-verdelandia","tag-feminicidio-em-brumado","tag-foragido-preso-em-verdelandia","tag-mulher-assassinada-em-brumado","tag-mulher-morta-em-brumado","tag-policia-civil-da-bahia","tag-policia-civil-de-minas-gerais","tag-policia-civil-prende-em-verdelandia-empresario-que-praticou-feminicidio-na-bahia","tag-policia-civil-prende-no-norte-de-minas-empresario-que-praticou-feminicidio-na-bahia","tag-preso-em-verdelandia","tag-preso-por-morte-de-mulher-em-brumado","tag-verdelandia"],"_links":{"self":[{"href":"https:\/\/aconteceunovale.com.br\/portal\/index.php?rest_route=\/wp\/v2\/posts\/162179","targetHints":{"allow":["GET"]}}],"collection":[{"href":"https:\/\/aconteceunovale.com.br\/portal\/index.php?rest_route=\/wp\/v2\/posts"}],"about":[{"href":"https:\/\/aconteceunovale.com.br\/portal\/index.php?rest_route=\/wp\/v2\/types\/post"}],"author":[{"embeddable":true,"href":"https:\/\/aconteceunovale.com.br\/portal\/index.php?rest_route=\/wp\/v2\/users\/1"}],"replies":[{"embeddable":true,"href":"https:\/\/aconteceunovale.com.br\/portal\/index.php?rest_route=%2Fwp%2Fv2%2Fcomments&post=162179"}],"version-history":[{"count":1,"href":"https:\/\/aconteceunovale.com.br\/portal\/index.php?rest_route=\/wp\/v2\/posts\/162179\/revisions"}],"predecessor-version":[{"id":162181,"href":"https:\/\/aconteceunovale.com.br\/portal\/index.php?rest_route=\/wp\/v2\/posts\/162179\/revisions\/162181"}],"wp:featuredmedia":[{"embeddable":true,"href":"https:\/\/aconteceunovale.com.br\/portal\/index.php?rest_route=\/wp\/v2\/media\/162180"}],"wp:attachment":[{"href":"https:\/\/aconteceunovale.com.br\/portal\/index.php?rest_route=%2Fwp%2Fv2%2Fmedia&parent=162179"}],"wp:term":[{"taxonomy":"category","embeddable":true,"href":"https:\/\/aconteceunovale.com.br\/portal\/index.php?rest_route=%2Fwp%2Fv2%2Fcategories&post=162179"},{"taxonomy":"post_tag","embeddable":true,"href":"https:\/\/aconteceunovale.com.br\/portal\/index.php?rest_route=%2Fwp%2Fv2%2Ftags&post=162179"}],"curies":[{"name":"wp","href":"https:\/\/api.w.org\/{rel}","templated":true}]}}