{"id":162095,"date":"2020-05-05T22:44:25","date_gmt":"2020-05-06T01:44:25","guid":{"rendered":"http:\/\/aconteceunovale.com.br\/portal\/?p=162095"},"modified":"2020-05-05T22:44:42","modified_gmt":"2020-05-06T01:44:42","slug":"e-falso-que-dirigir-sem-mascara-gera-multa-de-transito-alerta-pcmg","status":"publish","type":"post","link":"https:\/\/aconteceunovale.com.br\/portal\/?p=162095","title":{"rendered":"\u00c9 falso que dirigir sem m\u00e1scara gera multa de tr\u00e2nsito, alerta PCMG"},"content":{"rendered":"\n<p>\u00c9 falso o texto que circula em grupos de mensagens e em outras redes sociais informando que o Departamento de Tr\u00e2nsito de Minas Gerais (Detran-MG) est\u00e1 multando os condutores que n\u00e3o estiverem usando m\u00e1scara dentro do carro, o que valeria para motocicletas tamb\u00e9m.<\/p>\n\n\n\n<p>De acordo com a mensagem, al\u00e9m de multa de R$ 128, o condutor que fosse flagrado sem a m\u00e1scara, poderia perder tr\u00eas pontos em sua Carteira Nacional de Habilita\u00e7\u00e3o (CNH). Em uma vers\u00e3o mais recente da falsa hist\u00f3ria, um \u00e1udio foi produzido com um homem se passando por um locutor de r\u00e1dio, na tentativa de dar credibilidade a informa\u00e7\u00e3o. Muitas pessoas t\u00eam compartilhado a mensagem viral, gerando confus\u00e3o.<\/p>\n\n\n\n<p>Por isso, a Pol\u00edcia Civil de Minas Gerais (PCMG) esclarece que esse tipo de infra\u00e7\u00e3o n\u00e3o est\u00e1 prevista no C\u00f3digo de Tr\u00e2nsito Brasileiro (CTB), n\u00e3o havendo qualquer possibilidade de um agente fazer o auto de infra\u00e7\u00e3o de tr\u00e2nsito.<\/p>\n\n\n\n<p class=\"has-background has-very-light-gray-background-color\">Quer saber as not\u00edcias do <strong>Aconteceu no Vale<\/strong> em primeira m\u00e3o? Siga-nos no Facebook <a rel=\"noreferrer noopener\" href=\"http:\/\/facebook.com\/aconteceunovale\" target=\"_blank\">@aconteceunovale<\/a>, Twitter <a rel=\"noreferrer noopener\" href=\"https:\/\/twitter.com\/noticiadosvales\" target=\"_blank\">@noticiadosvales<\/a> e Instagram <a rel=\"noreferrer noopener\" href=\"https:\/\/www.instagram.com\/aconteceunovale\" target=\"_blank\">@aconteceunovale<\/a>.<\/p>\n","protected":false},"excerpt":{"rendered":"<p>\u00c9 falso o texto que circula em grupos de mensagens e em outras redes sociais informando que o Departamento de Tr\u00e2nsito de Minas Gerais (Detran-MG) est\u00e1 multando os condutores que n\u00e3o estiverem usando m\u00e1scara dentro do carro, o que valeria para motocicletas tamb\u00e9m. De acordo com a mensagem, al\u00e9m de multa de R$ 128, o [&hellip;]<\/p>\n","protected":false},"author":1,"featured_media":162096,"comment_status":"open","ping_status":"closed","sticky":false,"template":"","format":"standard","meta":{"amp_status":"","footnotes":""},"categories":[123],"tags":[221332,1243,221335,221336,221334,604,221333],"class_list":["post-162095","post","type-post","status-publish","format-standard","has-post-thumbnail","hentry","category-gerais","tag-alerta-sobre-noticia-falsa-que-dirigir-sem-mascara-gera-multa-de-transito","tag-detran-mg","tag-e-falso-que-dirigir-sem-mascara-gera-multa-de-transito","tag-multa-de-transito-por-dirigir-sem-mascara","tag-multa-por-dirigir-sem-mascara","tag-pcmg","tag-pcmg-alerta-e-falso-que-dirigir-sem-mascara-gera-multa-de-transito"],"_links":{"self":[{"href":"https:\/\/aconteceunovale.com.br\/portal\/index.php?rest_route=\/wp\/v2\/posts\/162095","targetHints":{"allow":["GET"]}}],"collection":[{"href":"https:\/\/aconteceunovale.com.br\/portal\/index.php?rest_route=\/wp\/v2\/posts"}],"about":[{"href":"https:\/\/aconteceunovale.com.br\/portal\/index.php?rest_route=\/wp\/v2\/types\/post"}],"author":[{"embeddable":true,"href":"https:\/\/aconteceunovale.com.br\/portal\/index.php?rest_route=\/wp\/v2\/users\/1"}],"replies":[{"embeddable":true,"href":"https:\/\/aconteceunovale.com.br\/portal\/index.php?rest_route=%2Fwp%2Fv2%2Fcomments&post=162095"}],"version-history":[{"count":1,"href":"https:\/\/aconteceunovale.com.br\/portal\/index.php?rest_route=\/wp\/v2\/posts\/162095\/revisions"}],"predecessor-version":[{"id":162097,"href":"https:\/\/aconteceunovale.com.br\/portal\/index.php?rest_route=\/wp\/v2\/posts\/162095\/revisions\/162097"}],"wp:featuredmedia":[{"embeddable":true,"href":"https:\/\/aconteceunovale.com.br\/portal\/index.php?rest_route=\/wp\/v2\/media\/162096"}],"wp:attachment":[{"href":"https:\/\/aconteceunovale.com.br\/portal\/index.php?rest_route=%2Fwp%2Fv2%2Fmedia&parent=162095"}],"wp:term":[{"taxonomy":"category","embeddable":true,"href":"https:\/\/aconteceunovale.com.br\/portal\/index.php?rest_route=%2Fwp%2Fv2%2Fcategories&post=162095"},{"taxonomy":"post_tag","embeddable":true,"href":"https:\/\/aconteceunovale.com.br\/portal\/index.php?rest_route=%2Fwp%2Fv2%2Ftags&post=162095"}],"curies":[{"name":"wp","href":"https:\/\/api.w.org\/{rel}","templated":true}]}}