{"id":162093,"date":"2020-05-05T22:35:32","date_gmt":"2020-05-06T01:35:32","guid":{"rendered":"http:\/\/aconteceunovale.com.br\/portal\/?p=162093"},"modified":"2020-05-05T22:36:41","modified_gmt":"2020-05-06T01:36:41","slug":"empreendedores-de-quatro-cidades-da-regiao-do-rio-doce-ganham-ferramenta-para-divulgar-seus-negocios","status":"publish","type":"post","link":"https:\/\/aconteceunovale.com.br\/portal\/?p=162093","title":{"rendered":"Empreendedores de quatro cidades da regi\u00e3o do Rio Doce ganham ferramenta para divulgar seus neg\u00f3cios"},"content":{"rendered":"\n<p>Para tentar contribuir com pequenos e m\u00e9dios empreendedores e criar alternativas para quem quer fazer compras ou contratar servi\u00e7os sem sair de casa nas cidades de Mariana, Ipatinga e Governador Valadares, em Minas, e Linhares, no Esp\u00edrito Santo, a\u00a0<a rel=\"noreferrer noopener\" href=\"http:\/\/www.fundacaorenova.org\/\" target=\"_blank\">Funda\u00e7\u00e3o Renova<\/a>\u00a0e a\u00a0<a rel=\"noreferrer noopener\" href=\"https:\/\/www.calebedesign.com.br\/\" target=\"_blank\">Calebe_<\/a>\u00a0lan\u00e7aram, em parceria, quatro novos mapas colaborativos de<em>\u00a0deliverys<\/em>\u00a0para neg\u00f3cios locais.\u00a0 S\u00e3o eles:\u00a0<\/p>\n\n\n\n<ul class=\"wp-block-list\"><li><a href=\"https:\/\/fiqueemcasamariana.com.br\/\" target=\"_blank\" rel=\"noreferrer noopener\">https:\/\/fiqueemcasamariana.com.br\/<\/a><\/li><li><a href=\"https:\/\/fiqueemcasaipatinga.com.br\/\" target=\"_blank\" rel=\"noreferrer noopener\">https:\/\/fiqueemcasaipatinga.com.br\/<\/a><\/li><li><a href=\"https:\/\/fiqueemcasavaladares.com.br\/\" target=\"_blank\" rel=\"noreferrer noopener\">https:\/\/fiqueemcasavaladares.com.br\/<\/a><\/li><li><a href=\"https:\/\/fiqueemcasalinhares.com.br\/\" target=\"_blank\" rel=\"noreferrer noopener\">https:\/\/fiqueemcasalinhares.com.br\/<\/a><\/li><\/ul>\n\n\n\n<p>O objetivo do projeto \u00e9\u00a0valorizar neg\u00f3cios locais\u00a0neste momento de crise, provocado pela pandemia do coronav\u00edrus, e\u00a0conectar produtores e clientes. \u201cNosso principal foco com essa a\u00e7\u00e3o \u00e9 o fortalecimento e a cria\u00e7\u00e3o de alternativas para os empreendedores das cidades atingidas neste per\u00edodo de isolamento. Muitos ainda n\u00e3o tinham uma estrutura de entrega \u00e0 domic\u00edlio ou mesmo presen\u00e7a online e acredito que este ser\u00e1 um passo que vai perdurar para depois da pandemia.\u201d, acredita a analista de Economia e Inova\u00e7\u00e3o da Funda\u00e7\u00e3o Renova, Andrea Furtado de Almeida.\u00a0\u00a0<\/p>\n\n\n\n<p><strong>Como se cadastrar<\/strong><\/p>\n\n\n\n<p>Os interessados em fazer parte do mapa, sejam propriet\u00e1rios dos neg\u00f3cios ou usu\u00e1rios que queiram fazer indica\u00e7\u00f5es,\u00a0s\u00f3 t\u00eam que acessar o site de sua cidade e preencher um formul\u00e1rio\u00a0informando: nome do neg\u00f3cio, tipo de produto oferecido, endere\u00e7o, telefone e forma de entrega (aplicativos, entrega pr\u00f3pria\u2026).<\/p>\n\n\n\n<p>Os respons\u00e1veis pela iniciativa pedem ao p\u00fablico que\u00a0s\u00f3 adicione informa\u00e7\u00f5es verdadeiras, de neg\u00f3cios que atendam ao perfil para o qual o mapa foi criado. Ou seja, os cadastrados t\u00eam que ser empreendedores locais, de pequeno e m\u00e9dio porte, que fa\u00e7am entregas ou atendam virtualmente. Periodicamente, vai ser feita uma avalia\u00e7\u00e3o dos cadastros e a exclus\u00e3o de perfis que n\u00e3o estejam dentro desses requisitos.<\/p>\n\n\n\n<p>Entre os tipos de neg\u00f3cios que podem ser adicionados, h\u00e1 supermercados, restaurantes, lanchonetes, farm\u00e1cias e profissionais liberais, como psic\u00f3logos ou contadores, entre outros.&nbsp;<\/p>\n\n\n\n<p>O mapa vai funcionar durante todo o per\u00edodo em que as autoridades da \u00e1rea de sa\u00fade continuarem recomendando o\u00a0isolamento social\u00a0e\u00a0restri\u00e7\u00f5es de contato.<\/p>\n\n\n\n<p><strong>A iniciativa<\/strong><\/p>\n\n\n\n<p>O projeto\u00a0<em>#fiqueemcasa<\/em>\u00a0foi criado pela Calebe_ e lan\u00e7ado, em Belo Horizonte, no dia 27 de mar\u00e7o. O site da capital mineira (<a rel=\"noreferrer noopener\" href=\"https:\/\/fiqueemcasabh.com.br\/\" target=\"_blank\">fiqueemcasabh.com.br<\/a>) nasceu com 100 cadastros e rapidamente chegou aos mais de 650 estabelecimentos cadastrados.\u00a0\u00a0<\/p>\n\n\n\n<p>Outras parcerias permitiram ainda que o projeto fosse expandido para mais dois munic\u00edpios, Lagoa Santa, na regi\u00e3o metropolitana de BH, e Itatiba, em S\u00e3o Paulo.<\/p>\n\n\n\n<p class=\"has-background has-very-light-gray-background-color\">Quer saber as not\u00edcias do <strong>Aconteceu no Vale<\/strong> em primeira m\u00e3o? Siga-nos no Facebook <a rel=\"noreferrer noopener\" href=\"http:\/\/facebook.com\/aconteceunovale\" target=\"_blank\">@aconteceunovale<\/a>, Twitter <a rel=\"noreferrer noopener\" href=\"https:\/\/twitter.com\/noticiadosvales\" target=\"_blank\">@noticiadosvales<\/a> e Instagram <a rel=\"noreferrer noopener\" href=\"https:\/\/www.instagram.com\/aconteceunovale\" target=\"_blank\">@aconteceunovale<\/a>.<\/p>\n","protected":false},"excerpt":{"rendered":"<p>Para tentar contribuir com pequenos e m\u00e9dios empreendedores e criar alternativas para quem quer fazer compras ou contratar servi\u00e7os sem sair de casa nas cidades de Mariana, Ipatinga e Governador Valadares, em Minas, e Linhares, no Esp\u00edrito Santo, a\u00a0Funda\u00e7\u00e3o Renova\u00a0e a\u00a0Calebe_\u00a0lan\u00e7aram, em parceria, quatro novos mapas colaborativos de\u00a0deliverys\u00a0para neg\u00f3cios locais.\u00a0 S\u00e3o eles:\u00a0 https:\/\/fiqueemcasamariana.com.br\/ https:\/\/fiqueemcasaipatinga.com.br\/ https:\/\/fiqueemcasavaladares.com.br\/ [&hellip;]<\/p>\n","protected":false},"author":1,"featured_media":47642,"comment_status":"open","ping_status":"closed","sticky":false,"template":"","format":"standard","meta":{"amp_status":"","footnotes":""},"categories":[121],"tags":[221331,221323,221324,221325,221329,221322,221328,221330,122011,247,201,12299,7363,221327,221326],"class_list":["post-162093","post","type-post","status-publish","format-standard","has-post-thumbnail","hentry","category-leste","tag-andrea-furtado-de-almeida","tag-calebe_","tag-delivery-em-governador-valadares","tag-delivery-em-ipatinga","tag-economia-e-inovacao-da-fundacao-renova","tag-empreendedores-de-quatro-cidades-da-regiao-do-rio-doce-ganham-ferramenta-para-divulgar-seus-negocios","tag-entrega-em-casa-em-governador-valadares","tag-entrega-em-casa-em-ipatinga","tag-fundacao-renova","tag-governador-valadares","tag-ipatinga","tag-linhares","tag-mariana","tag-site-de-delivery-em-governador-valadares","tag-site-de-delivery-em-ipatinga"],"_links":{"self":[{"href":"https:\/\/aconteceunovale.com.br\/portal\/index.php?rest_route=\/wp\/v2\/posts\/162093","targetHints":{"allow":["GET"]}}],"collection":[{"href":"https:\/\/aconteceunovale.com.br\/portal\/index.php?rest_route=\/wp\/v2\/posts"}],"about":[{"href":"https:\/\/aconteceunovale.com.br\/portal\/index.php?rest_route=\/wp\/v2\/types\/post"}],"author":[{"embeddable":true,"href":"https:\/\/aconteceunovale.com.br\/portal\/index.php?rest_route=\/wp\/v2\/users\/1"}],"replies":[{"embeddable":true,"href":"https:\/\/aconteceunovale.com.br\/portal\/index.php?rest_route=%2Fwp%2Fv2%2Fcomments&post=162093"}],"version-history":[{"count":1,"href":"https:\/\/aconteceunovale.com.br\/portal\/index.php?rest_route=\/wp\/v2\/posts\/162093\/revisions"}],"predecessor-version":[{"id":162094,"href":"https:\/\/aconteceunovale.com.br\/portal\/index.php?rest_route=\/wp\/v2\/posts\/162093\/revisions\/162094"}],"wp:featuredmedia":[{"embeddable":true,"href":"https:\/\/aconteceunovale.com.br\/portal\/index.php?rest_route=\/wp\/v2\/media\/47642"}],"wp:attachment":[{"href":"https:\/\/aconteceunovale.com.br\/portal\/index.php?rest_route=%2Fwp%2Fv2%2Fmedia&parent=162093"}],"wp:term":[{"taxonomy":"category","embeddable":true,"href":"https:\/\/aconteceunovale.com.br\/portal\/index.php?rest_route=%2Fwp%2Fv2%2Fcategories&post=162093"},{"taxonomy":"post_tag","embeddable":true,"href":"https:\/\/aconteceunovale.com.br\/portal\/index.php?rest_route=%2Fwp%2Fv2%2Ftags&post=162093"}],"curies":[{"name":"wp","href":"https:\/\/api.w.org\/{rel}","templated":true}]}}