{"id":162041,"date":"2020-05-04T23:31:16","date_gmt":"2020-05-05T02:31:16","guid":{"rendered":"http:\/\/aconteceunovale.com.br\/portal\/?p=162041"},"modified":"2020-05-04T23:31:33","modified_gmt":"2020-05-05T02:31:33","slug":"novos-radares-entram-em-operacao-em-rodovias-de-minas-gerais","status":"publish","type":"post","link":"https:\/\/aconteceunovale.com.br\/portal\/?p=162041","title":{"rendered":"Novos radares entram em opera\u00e7\u00e3o em rodovias de Minas Gerais"},"content":{"rendered":"\n<p>Seis novos radares, instalados em rodovias estaduais das regi\u00f5es Central, Noroeste e Sul pelo\u00a0Departamento de Edifica\u00e7\u00f5es e Estradas de Rodagem de Minas Gerais (DER-MG), come\u00e7am a operar no dia 12 de maio.\u00a0<\/p>\n\n\n\n<p>Os aparelhos est\u00e3o funcionando em car\u00e1ter educativo at\u00e9 o dia 11\/5\/2020, para que os motoristas se familiarizem com a nova fiscaliza\u00e7\u00e3o.<\/p>\n\n\n\n<p>Confira os trechos que passam a ser fiscalizados: \u00a0<\/p>\n\n\n\n<ul class=\"wp-block-list\"><li>AMG-0150, no km 3,1, em Raposos<\/li><li>LMG-807, Km 11,5, em Jequitib\u00e1<\/li><li>MG-448, \u00a0km 25,2, pr\u00f3ximo a Barbacena<\/li><li>MGC-367, km 571, na \u00e1rea de influ\u00eancia de Diamantina<\/li><li>MGC-354, km 81, no munic\u00edpio de Vazante<\/li><li>MG-179, km 46,2 , em Po\u00e7o Fundo<\/li><\/ul>\n\n\n\n<p><strong>Excesso de velocidade<\/strong><\/p>\n\n\n\n<p>A partir da opera\u00e7\u00e3o oficial, os ve\u00edculos que excederem os limites estabelecidos ser\u00e3o autuados. Todos os trechos foram sinalizados com placas de velocidade m\u00e1xima permitida, variando entre 40 e 60 km\/h.\u00a0<\/p>\n\n\n\n<p>Consulte\u00a0<a rel=\"noreferrer noopener\" href=\"http:\/\/www.deer.mg.gov.br\/transportes\/localizacao-de-radares\" target=\"_blank\">aqui<\/a>\u00a0a rela\u00e7\u00e3o completa de radares fixos do DER-MG em opera\u00e7\u00e3o, incluindo a localiza\u00e7\u00e3o e a velocidade m\u00e1xima permitida.\u00a0<\/p>\n\n\n\n<p class=\"has-background has-very-light-gray-background-color\">Quer saber as not\u00edcias do <strong>Aconteceu no Vale<\/strong> em primeira m\u00e3o? Siga-nos no Facebook <a rel=\"noreferrer noopener\" href=\"http:\/\/facebook.com\/aconteceunovale\" target=\"_blank\">@aconteceunovale<\/a>, Twitter <a rel=\"noreferrer noopener\" href=\"https:\/\/twitter.com\/noticiadosvales\" target=\"_blank\">@noticiadosvales<\/a> e Instagram <a rel=\"noreferrer noopener\" href=\"https:\/\/www.instagram.com\/aconteceunovale\" target=\"_blank\">@aconteceunovale<\/a>.<\/p>\n","protected":false},"excerpt":{"rendered":"<p>Seis novos radares, instalados em rodovias estaduais das regi\u00f5es Central, Noroeste e Sul pelo\u00a0Departamento de Edifica\u00e7\u00f5es e Estradas de Rodagem de Minas Gerais (DER-MG), come\u00e7am a operar no dia 12 de maio.\u00a0 Os aparelhos est\u00e3o funcionando em car\u00e1ter educativo at\u00e9 o dia 11\/5\/2020, para que os motoristas se familiarizem com a nova fiscaliza\u00e7\u00e3o. Confira os [&hellip;]<\/p>\n","protected":false},"author":1,"featured_media":150332,"comment_status":"open","ping_status":"closed","sticky":false,"template":"","format":"standard","meta":{"amp_status":"","footnotes":""},"categories":[123],"tags":[221275,193,121429,215389,198,3690,221276,221278,75754,221277,206483,143474,221273,24494,155409,221274,18764,1539],"class_list":["post-162041","post","type-post","status-publish","format-standard","has-post-thumbnail","hentry","category-gerais","tag-amg-0150","tag-barbacena","tag-departamento-de-edificacoes-e-estradas-de-rodagem-de-minas-gerais","tag-der-mg-2","tag-diamantina","tag-jequitiba","tag-lmg-807","tag-mg-179","tag-mg-448","tag-mgc-354","tag-mgc-367-2","tag-novos-radares-em-rodovias-de-minas-gerais","tag-novos-radares-entram-em-operacao-em-rodovias-de-minas-gerais","tag-poco-fundo","tag-radares-ativos-em-minas-gerais","tag-radares-em-minas-gerais","tag-raposos","tag-vazante"],"_links":{"self":[{"href":"https:\/\/aconteceunovale.com.br\/portal\/index.php?rest_route=\/wp\/v2\/posts\/162041","targetHints":{"allow":["GET"]}}],"collection":[{"href":"https:\/\/aconteceunovale.com.br\/portal\/index.php?rest_route=\/wp\/v2\/posts"}],"about":[{"href":"https:\/\/aconteceunovale.com.br\/portal\/index.php?rest_route=\/wp\/v2\/types\/post"}],"author":[{"embeddable":true,"href":"https:\/\/aconteceunovale.com.br\/portal\/index.php?rest_route=\/wp\/v2\/users\/1"}],"replies":[{"embeddable":true,"href":"https:\/\/aconteceunovale.com.br\/portal\/index.php?rest_route=%2Fwp%2Fv2%2Fcomments&post=162041"}],"version-history":[{"count":1,"href":"https:\/\/aconteceunovale.com.br\/portal\/index.php?rest_route=\/wp\/v2\/posts\/162041\/revisions"}],"predecessor-version":[{"id":162042,"href":"https:\/\/aconteceunovale.com.br\/portal\/index.php?rest_route=\/wp\/v2\/posts\/162041\/revisions\/162042"}],"wp:featuredmedia":[{"embeddable":true,"href":"https:\/\/aconteceunovale.com.br\/portal\/index.php?rest_route=\/wp\/v2\/media\/150332"}],"wp:attachment":[{"href":"https:\/\/aconteceunovale.com.br\/portal\/index.php?rest_route=%2Fwp%2Fv2%2Fmedia&parent=162041"}],"wp:term":[{"taxonomy":"category","embeddable":true,"href":"https:\/\/aconteceunovale.com.br\/portal\/index.php?rest_route=%2Fwp%2Fv2%2Fcategories&post=162041"},{"taxonomy":"post_tag","embeddable":true,"href":"https:\/\/aconteceunovale.com.br\/portal\/index.php?rest_route=%2Fwp%2Fv2%2Ftags&post=162041"}],"curies":[{"name":"wp","href":"https:\/\/api.w.org\/{rel}","templated":true}]}}