{"id":162038,"date":"2020-05-04T23:17:56","date_gmt":"2020-05-05T02:17:56","guid":{"rendered":"http:\/\/aconteceunovale.com.br\/portal\/?p=162038"},"modified":"2020-05-04T23:19:23","modified_gmt":"2020-05-05T02:19:23","slug":"secretario-de-saude-de-minas-gerais-reforca-importancia-de-medidas-de-isolamento","status":"publish","type":"post","link":"https:\/\/aconteceunovale.com.br\/portal\/?p=162038","title":{"rendered":"Secret\u00e1rio de Sa\u00fade de Minas Gerais refor\u00e7a import\u00e2ncia de medidas de isolamento"},"content":{"rendered":"\n<p>O secret\u00e1rio de Estado de\u00a0Sa\u00fade, Carlos Eduardo Amaral, apresentou nesta segunda-feira (4\/5\/2020), em coletiva virtual, o cen\u00e1rio epidemiol\u00f3gico da Covid-19 no estado e enfatizou a import\u00e2ncia das medidas de isolamento para adiar o pico da doen\u00e7a e impedir o esgotamento dos sistemas de Sa\u00fade. Ele destacou que os munic\u00edpios que aderirem ao programa Minas Consciente, para abertura progressiva de servi\u00e7os, devem planejar as a\u00e7\u00f5es em conjunto com o Governo de Minas.\u00a0<\/p>\n\n\n\n<p>\u201cPercebemos uma tend\u00eancia de diminui\u00e7\u00e3o do isolamento. Minas conseguiu, at\u00e9 o momento, manter a curva de transmiss\u00e3o dentro do aceit\u00e1vel, gra\u00e7as a um trabalho coordenado do Estado e \u00e0 ades\u00e3o da popula\u00e7\u00e3o. Por isso, os munic\u00edpios que querem aderir ao plano devem nos sinalizar a inten\u00e7\u00e3o para que possamos manter os bons resultados de Sa\u00fade que alcan\u00e7amos at\u00e9 o momento\u201d, refor\u00e7ou.<\/p>\n\n\n\n<p>Os dados do boletim epidemiol\u00f3gico do coronav\u00edrus apontam 2.347 casos confirmados, incluindo 90 \u00f3bitos. Hoje, Minas tem 86 mortes em investiga\u00e7\u00e3o e outras 466 descartadas. Segundo o secret\u00e1rio, os dados permitem fazer uma avalia\u00e7\u00e3o consistente do cen\u00e1rio epidemiol\u00f3gico e d\u00e3o sinais sobre o comportamento e a taxa de transmiss\u00e3o da doen\u00e7a.<\/p>\n\n\n\n<p>\u201cMesmo n\u00e3o realizando exames em 100% dos casos notificados, a Secretaria de Estado de Sa\u00fade (SES-MG) possui mecanismos de controle capazes de avaliar o real cen\u00e1rio da doen\u00e7a. Um destes \u00e9 o acompanhamento di\u00e1rio das notifica\u00e7\u00f5es de casos. Cada pessoa notificada por s\u00edndrome gripal, mesmo sem diagn\u00f3stico laboratorial, permite aos t\u00e9cnicos inferir que est\u00e1 acontecendo\u201d, disse.<\/p>\n\n\n\n<p>Outro mecanismo que permite avaliar o cen\u00e1rio da doen\u00e7a s\u00e3o as notifica\u00e7\u00f5es de \u00f3bitos, que s\u00e3o compuls\u00f3rias. \u201cHoje, temos 90 \u00f3bitos confirmados e 86 em investiga\u00e7\u00e3o, ou seja, mesmo se tiv\u00e9ssemos todos essas mortes em investiga\u00e7\u00e3o confirmadas, n\u00e3o chegar\u00edamos a 200. Isto demonstra o padr\u00e3o de comportamento da Covid-19 no estado e sinaliza para onde estamos indo\u201d, observou o secret\u00e1rio.<\/p>\n\n\n\n<figure class=\"wp-block-gallery columns-1 is-cropped wp-block-gallery-1 is-layout-flex wp-block-gallery-is-layout-flex\"><ul class=\"blocks-gallery-grid\"><li class=\"blocks-gallery-item\"><figure><img loading=\"lazy\" decoding=\"async\" width=\"675\" height=\"450\" src=\"http:\/\/aconteceunovale.com.br\/portal\/wp-content\/uploads\/2020\/05\/coletiva_mg.jpg\" alt=\"\" data-id=\"162039\" data-full-url=\"http:\/\/aconteceunovale.com.br\/portal\/wp-content\/uploads\/2020\/05\/coletiva_mg.jpg\" data-link=\"http:\/\/aconteceunovale.com.br\/portal\/?attachment_id=162039\" class=\"wp-image-162039\" srcset=\"https:\/\/aconteceunovale.com.br\/portal\/wp-content\/uploads\/2020\/05\/coletiva_mg.jpg 675w, https:\/\/aconteceunovale.com.br\/portal\/wp-content\/uploads\/2020\/05\/coletiva_mg-300x200.jpg 300w, https:\/\/aconteceunovale.com.br\/portal\/wp-content\/uploads\/2020\/05\/coletiva_mg-630x420.jpg 630w\" sizes=\"auto, (max-width: 675px) 100vw, 675px\" \/><figcaption class=\"blocks-gallery-item__caption\"><em>Foto: Gil Leonardi \/ Imprensa MG<\/em><\/figcaption><\/figure><\/li><\/ul><\/figure>\n\n\n\n<p><strong>Interioriza\u00e7\u00e3o<\/strong><\/p>\n\n\n\n<p>Na coletiva, Amaral tamb\u00e9m afirmou que era de se esperar uma interioriza\u00e7\u00e3o da doen\u00e7a em Minas Gerais, devido \u00e0 circula\u00e7\u00e3o de pessoas dentro do estado. Para evitar que o pico ocorra em diversas cidades ao mesmo tempo s\u00e3o importantes as a\u00e7\u00f5es regionalizadas feitas pela SES-MG. \u201cPensando nisso, a secretaria criou os comit\u00eas regionalizados, que avaliam quais as melhores medidas a serem tomadas por regi\u00e3o de Sa\u00fade. O que gostar\u00edamos \u00e9 que o pico da doen\u00e7a acontecesse em tempos diferentes em cada \u00e1rea, facilitando os cuidados e a estrutura\u00e7\u00e3o da Sa\u00fade, e esta parece ser a tend\u00eancia dentro do estado\u201d, avaliou.&nbsp;<\/p>\n\n\n\n<p><strong>Isolamento<\/strong><\/p>\n\n\n\n<p>O secret\u00e1rio adjunto de Sa\u00fade, Marcelo Cabral, destacou mais uma vez que os protocolos do programa Minas Consciente t\u00eam por fun\u00e7\u00e3o realizar um retorno \u00e0s atividades que est\u00e3o paralisadas de maneira coordenada e segura. Segundo ele, \u00e9 importante manter as medidas de seguran\u00e7a em qualquer circunst\u00e2ncia.<\/p>\n\n\n\n<p>\u201cOs estudos da SES-MG s\u00e3o feitos por meio de dados, exames, planos regionais e com di\u00e1logo constante com munic\u00edpios e entidades de controle, como o Minist\u00e9rio P\u00fablico. Os protocolos do Estado s\u00e3o para estabelecer dire\u00e7\u00f5es, possibilitando que os munic\u00edpios tomem iniciativas de acordo com suas particularidades locais e respeitando suas compet\u00eancias legais\u201d, explicou Cabral.<\/p>\n\n\n\n<p class=\"has-background has-very-light-gray-background-color\">Quer saber as not\u00edcias do <strong>Aconteceu no Vale<\/strong> em primeira m\u00e3o? Siga-nos no Facebook <a rel=\"noreferrer noopener\" href=\"http:\/\/facebook.com\/aconteceunovale\" target=\"_blank\">@aconteceunovale<\/a>, Twitter <a rel=\"noreferrer noopener\" href=\"https:\/\/twitter.com\/noticiadosvales\" target=\"_blank\">@noticiadosvales<\/a> e Instagram <a rel=\"noreferrer noopener\" href=\"https:\/\/www.instagram.com\/aconteceunovale\" target=\"_blank\">@aconteceunovale<\/a>.<\/p>\n","protected":false},"excerpt":{"rendered":"<p>O secret\u00e1rio de Estado de\u00a0Sa\u00fade, Carlos Eduardo Amaral, apresentou nesta segunda-feira (4\/5\/2020), em coletiva virtual, o cen\u00e1rio epidemiol\u00f3gico da Covid-19 no estado e enfatizou a import\u00e2ncia das medidas de isolamento para adiar o pico da doen\u00e7a e impedir o esgotamento dos sistemas de Sa\u00fade. Ele destacou que os munic\u00edpios que aderirem ao programa Minas Consciente, [&hellip;]<\/p>\n","protected":false},"author":1,"featured_media":162039,"comment_status":"open","ping_status":"closed","sticky":false,"template":"","format":"standard","meta":{"amp_status":"","footnotes":""},"categories":[123,40242],"tags":[217799,219851,219853,214884,216498,219855,215653,219854,219852,217692,220285,220287,221272,220286],"class_list":["post-162038","post","type-post","status-publish","format-standard","has-post-thumbnail","hentry","category-gerais","category-saude-2","tag-casos-de-coronavirus-em-minas-gerais","tag-casos-de-covid-19-em-minas-gerais","tag-cidades-com-casos-de-coronavirus-em-minas-gerais","tag-coronavirus","tag-covid-19","tag-mortes-por-coronavirus-em-minas-gerais","tag-novo-coronavirus","tag-numeros-do-coronavirus-em-minas-gerais","tag-obitos-por-coronavirus-em-minas-gerias","tag-pandemia-de-coronavirus","tag-secretaria-de-saude-atualiza-numeros-do-coronavirus-em-minas-gerais","tag-secretaria-de-saude-de-minas-gerais-atualiza-numeros-do-coronavirus","tag-secretario-de-saude-de-minas-gerais-reforca-importancia-de-medidas-de-isolamento","tag-ses-mg-atualiza-numeros-do-coronavirus"],"_links":{"self":[{"href":"https:\/\/aconteceunovale.com.br\/portal\/index.php?rest_route=\/wp\/v2\/posts\/162038","targetHints":{"allow":["GET"]}}],"collection":[{"href":"https:\/\/aconteceunovale.com.br\/portal\/index.php?rest_route=\/wp\/v2\/posts"}],"about":[{"href":"https:\/\/aconteceunovale.com.br\/portal\/index.php?rest_route=\/wp\/v2\/types\/post"}],"author":[{"embeddable":true,"href":"https:\/\/aconteceunovale.com.br\/portal\/index.php?rest_route=\/wp\/v2\/users\/1"}],"replies":[{"embeddable":true,"href":"https:\/\/aconteceunovale.com.br\/portal\/index.php?rest_route=%2Fwp%2Fv2%2Fcomments&post=162038"}],"version-history":[{"count":1,"href":"https:\/\/aconteceunovale.com.br\/portal\/index.php?rest_route=\/wp\/v2\/posts\/162038\/revisions"}],"predecessor-version":[{"id":162040,"href":"https:\/\/aconteceunovale.com.br\/portal\/index.php?rest_route=\/wp\/v2\/posts\/162038\/revisions\/162040"}],"wp:featuredmedia":[{"embeddable":true,"href":"https:\/\/aconteceunovale.com.br\/portal\/index.php?rest_route=\/wp\/v2\/media\/162039"}],"wp:attachment":[{"href":"https:\/\/aconteceunovale.com.br\/portal\/index.php?rest_route=%2Fwp%2Fv2%2Fmedia&parent=162038"}],"wp:term":[{"taxonomy":"category","embeddable":true,"href":"https:\/\/aconteceunovale.com.br\/portal\/index.php?rest_route=%2Fwp%2Fv2%2Fcategories&post=162038"},{"taxonomy":"post_tag","embeddable":true,"href":"https:\/\/aconteceunovale.com.br\/portal\/index.php?rest_route=%2Fwp%2Fv2%2Ftags&post=162038"}],"curies":[{"name":"wp","href":"https:\/\/api.w.org\/{rel}","templated":true}]}}