{"id":162028,"date":"2020-05-04T11:09:47","date_gmt":"2020-05-04T14:09:47","guid":{"rendered":"http:\/\/aconteceunovale.com.br\/portal\/?p=162028"},"modified":"2020-05-04T11:10:43","modified_gmt":"2020-05-04T14:10:43","slug":"jair-bolsonaro-nomeia-rolando-alexandre-de-souza-para-a-policia-federal","status":"publish","type":"post","link":"https:\/\/aconteceunovale.com.br\/portal\/?p=162028","title":{"rendered":"Jair Bolsonaro nomeia Rolando Alexandre de Souza para a Pol\u00edcia Federal"},"content":{"rendered":"\n<p>O presidente Jair Bolsonaro nomeou o delegado Rolando Alexandre de Souza para o cargo de diretor-geral da Pol\u00edcia Federal (PF). O decreto foi publicado em\u00a0<a rel=\"noreferrer noopener\" href=\"http:\/\/www.in.gov.br\/web\/dou\/-\/decreto-de-4-de-maio-de-2020-254995907\" target=\"_blank\">edi\u00e7\u00e3o extra do Di\u00e1rio Oficial da Uni\u00e3o<\/a>\u00a0na manh\u00e3 desta segunda-feira (04\/05\/2020).<\/p>\n\n\n\n<p>Souza ocupava a Secretaria de Planejamento e Gest\u00e3o da Ag\u00eancia Brasileira de Intelig\u00eancia (Abin).<\/p>\n\n\n\n<p>A nomea\u00e7\u00e3o do delegado\u00a0ocorre ap\u00f3s o Supremo Tribunal Federal (STF) suspender a nomea\u00e7\u00e3o e a posse de Alexandre Ramagem\u00a0para a diretoria-geral da PF. Na decis\u00e3o, o ministro Alexandre de Moraes, do STF, citou declara\u00e7\u00f5es do ex-ministro da Justi\u00e7a Sergio Moro que, ao deixar o cargo, acusou o presidente Bolsonaro de tentar interferir politicamente no \u00f3rg\u00e3o.<\/p>\n\n\n\n<p>Ap\u00f3s a decis\u00e3o de Moraes,\u00a0o pr\u00f3prio presidente tornou sem efeito a nomea\u00e7\u00e3o do delegado\u00a0e manteve Ramagem como diretor-geral da Abin, cargo que ocupa desde o in\u00edcio do governo.<\/p>\n\n\n\n<figure class=\"wp-block-gallery columns-1 is-cropped wp-block-gallery-1 is-layout-flex wp-block-gallery-is-layout-flex\"><ul class=\"blocks-gallery-grid\"><li class=\"blocks-gallery-item\"><figure><img loading=\"lazy\" decoding=\"async\" width=\"678\" height=\"406\" src=\"http:\/\/aconteceunovale.com.br\/portal\/wp-content\/uploads\/2020\/05\/rolando_pf_bolsonaro.jpg\" alt=\"\" data-id=\"162029\" data-full-url=\"http:\/\/aconteceunovale.com.br\/portal\/wp-content\/uploads\/2020\/05\/rolando_pf_bolsonaro.jpg\" data-link=\"http:\/\/aconteceunovale.com.br\/portal\/?attachment_id=162029\" class=\"wp-image-162029\" srcset=\"https:\/\/aconteceunovale.com.br\/portal\/wp-content\/uploads\/2020\/05\/rolando_pf_bolsonaro.jpg 678w, https:\/\/aconteceunovale.com.br\/portal\/wp-content\/uploads\/2020\/05\/rolando_pf_bolsonaro-300x180.jpg 300w\" sizes=\"auto, (max-width: 678px) 100vw, 678px\" \/><figcaption class=\"blocks-gallery-item__caption\"><em>Rolando Alexandre &#8211; Foto: Marcio Ferreira \/ Governo de Alagoas<\/em><\/figcaption><\/figure><\/li><\/ul><\/figure>\n\n\n\n<p class=\"has-background has-very-light-gray-background-color\">Quer saber as not\u00edcias do <strong>Aconteceu no Vale<\/strong> em primeira m\u00e3o? Siga-nos no Facebook <a rel=\"noreferrer noopener\" href=\"http:\/\/facebook.com\/aconteceunovale\" target=\"_blank\">@aconteceunovale<\/a>, Twitter <a rel=\"noreferrer noopener\" href=\"https:\/\/twitter.com\/noticiadosvales\" target=\"_blank\">@noticiadosvales<\/a> e Instagram <a rel=\"noreferrer noopener\" href=\"https:\/\/www.instagram.com\/aconteceunovale\" target=\"_blank\">@aconteceunovale<\/a>.<\/p>\n","protected":false},"excerpt":{"rendered":"<p>O presidente Jair Bolsonaro nomeou o delegado Rolando Alexandre de Souza para o cargo de diretor-geral da Pol\u00edcia Federal (PF). O decreto foi publicado em\u00a0edi\u00e7\u00e3o extra do Di\u00e1rio Oficial da Uni\u00e3o\u00a0na manh\u00e3 desta segunda-feira (04\/05\/2020). Souza ocupava a Secretaria de Planejamento e Gest\u00e3o da Ag\u00eancia Brasileira de Intelig\u00eancia (Abin). A nomea\u00e7\u00e3o do delegado\u00a0ocorre ap\u00f3s o [&hellip;]<\/p>\n","protected":false},"author":1,"featured_media":162029,"comment_status":"open","ping_status":"closed","sticky":false,"template":"","format":"standard","meta":{"amp_status":"","footnotes":""},"categories":[6,40240],"tags":[220888,220896,220895,220898,186901,220887,220897,220899,221266,1018,221264,150851,220986,220889,220890,220892,220893,220894,220891,20966,772,221265],"class_list":["post-162028","post","type-post","status-publish","format-standard","has-post-thumbnail","hentry","category-br","category-politica-2","tag-alexandre-ramagem","tag-alexandre-ramagem-e-nomeado-diretor-geral-da-pf","tag-alexandre-ramagem-e-nomeado-diretor-geral-da-policia-federal","tag-alexandre-ramagem-rodrigues","tag-andre-luiz-de-almeida-mendonca","tag-andre-mendonca","tag-andre-mendonca-e-nomeado-ministro-da-justica","tag-bolsonaro-nomeia-andre-mendonca-para-o-ministerio-da-justica-e-alexandre-ramagem-para-a-policia-federal","tag-delegado-rolando-alexandre-de-souza","tag-destaque","tag-jair-bolsonaro-nomeia-rolando-alexandre-de-souza-para-a-policia-federal","tag-ministerio-da-justica-e-seguranca-publica","tag-moraes-suspende-nomeacao-de-ramagem","tag-nomeacao-de-alexandre-ramagem","tag-nomeacao-de-andre-mendonca","tag-novo-chefe-da-pf","tag-novo-chefe-da-policia-federal","tag-novo-comandante-da-pf","tag-novo-ministro-da-justica","tag-pf","tag-policia-federal","tag-rolando-alexandre-de-souza"],"_links":{"self":[{"href":"https:\/\/aconteceunovale.com.br\/portal\/index.php?rest_route=\/wp\/v2\/posts\/162028","targetHints":{"allow":["GET"]}}],"collection":[{"href":"https:\/\/aconteceunovale.com.br\/portal\/index.php?rest_route=\/wp\/v2\/posts"}],"about":[{"href":"https:\/\/aconteceunovale.com.br\/portal\/index.php?rest_route=\/wp\/v2\/types\/post"}],"author":[{"embeddable":true,"href":"https:\/\/aconteceunovale.com.br\/portal\/index.php?rest_route=\/wp\/v2\/users\/1"}],"replies":[{"embeddable":true,"href":"https:\/\/aconteceunovale.com.br\/portal\/index.php?rest_route=%2Fwp%2Fv2%2Fcomments&post=162028"}],"version-history":[{"count":1,"href":"https:\/\/aconteceunovale.com.br\/portal\/index.php?rest_route=\/wp\/v2\/posts\/162028\/revisions"}],"predecessor-version":[{"id":162030,"href":"https:\/\/aconteceunovale.com.br\/portal\/index.php?rest_route=\/wp\/v2\/posts\/162028\/revisions\/162030"}],"wp:featuredmedia":[{"embeddable":true,"href":"https:\/\/aconteceunovale.com.br\/portal\/index.php?rest_route=\/wp\/v2\/media\/162029"}],"wp:attachment":[{"href":"https:\/\/aconteceunovale.com.br\/portal\/index.php?rest_route=%2Fwp%2Fv2%2Fmedia&parent=162028"}],"wp:term":[{"taxonomy":"category","embeddable":true,"href":"https:\/\/aconteceunovale.com.br\/portal\/index.php?rest_route=%2Fwp%2Fv2%2Fcategories&post=162028"},{"taxonomy":"post_tag","embeddable":true,"href":"https:\/\/aconteceunovale.com.br\/portal\/index.php?rest_route=%2Fwp%2Fv2%2Ftags&post=162028"}],"curies":[{"name":"wp","href":"https:\/\/api.w.org\/{rel}","templated":true}]}}