{"id":162008,"date":"2020-05-03T22:08:46","date_gmt":"2020-05-04T01:08:46","guid":{"rendered":"http:\/\/aconteceunovale.com.br\/portal\/?p=162008"},"modified":"2020-05-03T22:09:34","modified_gmt":"2020-05-04T01:09:34","slug":"coronel-fabriciano-atinge-100-de-cura-em-casos-confirmados-de-coronavirus","status":"publish","type":"post","link":"https:\/\/aconteceunovale.com.br\/portal\/?p=162008","title":{"rendered":"Coronel Fabriciano atinge 100% de cura em casos confirmados de Coronav\u00edrus"},"content":{"rendered":"\n<p>A Prefeitura de Coronel Fabriciano, no Vale do A\u00e7o, informou por meio do boletim epidemiol\u00f3gico deste domingo (03\/05\/2020), que todos os pacientes da cidade que contra\u00edram Covid-19 (Novo Coronav\u00edrus), e tiveram a doen\u00e7a confirmada por meio de exames, est\u00e3o curados. Todos cumpriram o isolamento domiciliar e j\u00e1 retomaram suas rotinas.<\/p>\n\n\n\n<p>Segundo a Prefeitura, a informa\u00e7\u00e3o reflete o trabalho desenvolvido pelas equipes da Secretaria de Governan\u00e7a da Sa\u00fade envolvidas na abordagem, diagn\u00f3stico, orienta\u00e7\u00e3o e preven\u00e7\u00e3o ao coronav\u00edrus. Desde o momento em que a doen\u00e7a surgiu na China e come\u00e7ou a disseminar, o munic\u00edpio se organizou e preparou para a possibilidade de o v\u00edrus chegar, instalando uma comiss\u00e3o que teve sua primeira reuni\u00e3o antes do carnaval.<\/p>\n\n\n\n<p>Formada por profissionais da secretaria de sa\u00fade, unidades b\u00e1sicas de sa\u00fade e do hospital Dr. Jos\u00e9 Maria Morais, a comiss\u00e3o liderada pela m\u00e9dica infectologista Carmelinda Lobato, buscou informa\u00e7\u00f5es sobre o v\u00edrus e realizou uma s\u00e9rie de capacita\u00e7\u00f5es de servidores da \u00e1rea, se preparando para a pandemia que ainda estava por vir.<\/p>\n\n\n\n<p><em>\u201cIsso foi essencial na orienta\u00e7\u00e3o ao prefeito e aos integrantes do Comit\u00ea de Crise, instalado posteriormente, e que resultou em medidas eficazes e definitivas no controle da Covid-19. Uma das medidas consideradas mais eficientes foi a instala\u00e7\u00e3o de uma unidade refer\u00eancia coronav\u00edrus, na rua Alberto Scharlet, 135. Profissionais capacitados e equipados come\u00e7aram a atender os casos sob hip\u00f3tese, fornecendo informa\u00e7\u00f5es para o rastreio das notifica\u00e7\u00f5es, dando suporte aos pacientes e \u00e0s fam\u00edlias no cumprimento ao isolamento domiciliar, mesmo sem a comprova\u00e7\u00e3o do diagn\u00f3stico, mas seguindo os protocolos corretos.\u201d<\/em>, informou a prefeitura.<\/p>\n\n\n\n<figure class=\"wp-block-gallery columns-1 is-cropped wp-block-gallery-1 is-layout-flex wp-block-gallery-is-layout-flex\"><ul class=\"blocks-gallery-grid\"><li class=\"blocks-gallery-item\"><figure><img loading=\"lazy\" decoding=\"async\" width=\"675\" height=\"450\" src=\"http:\/\/aconteceunovale.com.br\/portal\/wp-content\/uploads\/2020\/05\/corona_fabriciano.jpeg\" alt=\"\" data-id=\"162009\" data-full-url=\"http:\/\/aconteceunovale.com.br\/portal\/wp-content\/uploads\/2020\/05\/corona_fabriciano.jpeg\" data-link=\"http:\/\/aconteceunovale.com.br\/portal\/?attachment_id=162009\" class=\"wp-image-162009\" srcset=\"https:\/\/aconteceunovale.com.br\/portal\/wp-content\/uploads\/2020\/05\/corona_fabriciano.jpeg 675w, https:\/\/aconteceunovale.com.br\/portal\/wp-content\/uploads\/2020\/05\/corona_fabriciano-300x200.jpeg 300w, https:\/\/aconteceunovale.com.br\/portal\/wp-content\/uploads\/2020\/05\/corona_fabriciano-630x420.jpeg 630w\" sizes=\"auto, (max-width: 675px) 100vw, 675px\" \/><figcaption class=\"blocks-gallery-item__caption\"><em>Fabriciano atinge 100% de cura em casos confirmados de Coronav\u00edrus &#8211; Foto: Divulga\u00e7\u00e3o<\/em><\/figcaption><\/figure><\/li><\/ul><\/figure>\n\n\n\n<p><em>\u201cHora nenhuma n\u00f3s subestimamos a doen\u00e7a que \u00e9 virulenta e letal quando n\u00e3o s\u00e3o adotadas as medidas corretas. A gente sabia do ocorrido do outro lado do mundo e n\u00e3o podia vacilar. Hoje estamos satisfeitos com os resultados e a nossa curva est\u00e1 sob controle. Vamos manter o foco e trabalhar com responsabilidade\u201d<\/em>, disse o prefeito Dr. Marcos Vinicius.<\/p>\n\n\n\n<p>Al\u00e9m do rastreio e acompanhamento eficazes dos casos suspeitos, o munic\u00edpio investiu na separa\u00e7\u00e3o de leitos e na prepara\u00e7\u00e3o da unidade hospitalar como forma preventiva. O espa\u00e7o para abertura de mais 59 leitos foi disponibilizado ao Estado para qualquer emerg\u00eancia e devem ser equipados em breve conforme promessa do governador Romeu Zema em encontro com o prefeito.<\/p>\n\n\n\n<p><strong>CASOS NEGATIVOS PARA COVID-19<\/strong><\/p>\n\n\n\n<p>Coronel Fabriciano tamb\u00e9m tem investido na elucida\u00e7\u00e3o dos casos, atingindo atualmente 74,60% de descarte nas notifica\u00e7\u00f5es. S\u00e3o 382 casos descartados dos 512 notificados. <em>\u201cEstes n\u00fameros nos d\u00e3o confian\u00e7a para continuar nas medidas de flexibiliza\u00e7\u00e3o dentro da seguran\u00e7a necess\u00e1ria para controlar a doen\u00e7a e n\u00e3o deixar nossa economia morrer\u201d<\/em>, concluiu Dr. Marcos.<\/p>\n\n\n\n<h4 class=\"wp-block-heading\"><strong>Boletim epidemiol\u00f3gico \u2013 03\/05\/2020<\/strong><\/h4>\n\n\n\n<figure class=\"wp-block-image size-large\"><img loading=\"lazy\" decoding=\"async\" width=\"450\" height=\"450\" src=\"http:\/\/aconteceunovale.com.br\/portal\/wp-content\/uploads\/2020\/05\/boletim_fabriciano_3maio.jpg\" alt=\"\" class=\"wp-image-162010\" srcset=\"https:\/\/aconteceunovale.com.br\/portal\/wp-content\/uploads\/2020\/05\/boletim_fabriciano_3maio.jpg 450w, https:\/\/aconteceunovale.com.br\/portal\/wp-content\/uploads\/2020\/05\/boletim_fabriciano_3maio-300x300.jpg 300w, https:\/\/aconteceunovale.com.br\/portal\/wp-content\/uploads\/2020\/05\/boletim_fabriciano_3maio-150x150.jpg 150w, https:\/\/aconteceunovale.com.br\/portal\/wp-content\/uploads\/2020\/05\/boletim_fabriciano_3maio-420x420.jpg 420w\" sizes=\"auto, (max-width: 450px) 100vw, 450px\" \/><\/figure>\n\n\n\n<p class=\"has-background has-very-light-gray-background-color\">Quer saber as not\u00edcias do <strong>Aconteceu no Vale<\/strong> em primeira m\u00e3o? Siga-nos no Facebook <a rel=\"noreferrer noopener\" href=\"http:\/\/facebook.com\/aconteceunovale\" target=\"_blank\">@aconteceunovale<\/a>, Twitter <a rel=\"noreferrer noopener\" href=\"https:\/\/twitter.com\/noticiadosvales\" target=\"_blank\">@noticiadosvales<\/a> e Instagram <a rel=\"noreferrer noopener\" href=\"https:\/\/www.instagram.com\/aconteceunovale\" target=\"_blank\">@aconteceunovale<\/a>.<\/p>\n","protected":false},"excerpt":{"rendered":"<p>A Prefeitura de Coronel Fabriciano, no Vale do A\u00e7o, informou por meio do boletim epidemiol\u00f3gico deste domingo (03\/05\/2020), que todos os pacientes da cidade que contra\u00edram Covid-19 (Novo Coronav\u00edrus), e tiveram a doen\u00e7a confirmada por meio de exames, est\u00e3o curados. Todos cumpriram o isolamento domiciliar e j\u00e1 retomaram suas rotinas. Segundo a Prefeitura, a informa\u00e7\u00e3o [&hellip;]<\/p>\n","protected":false},"author":1,"featured_media":162009,"comment_status":"open","ping_status":"closed","sticky":false,"template":"","format":"standard","meta":{"amp_status":"","footnotes":""},"categories":[121,40242],"tags":[204532,214884,217870,1524,221248,217944,217943,216498,217942,214060,221247,221246,212955,137210],"class_list":["post-162008","post","type-post","status-publish","format-standard","has-post-thumbnail","hentry","category-leste","category-saude-2","tag-carmelinda-lobato","tag-coronavirus","tag-coronavirus-em-coronel-fabriciano","tag-coronel-fabriciano","tag-coronel-fabriciano-atinge-100-de-cura-em-casos-confirmados-de-coronavirus","tag-coronel-fabriciano-coronavirus","tag-coronel-fabriciano-covid-19","tag-covid-19","tag-covid-19-em-coronel-fabriciano","tag-dr-marcos-vinicius","tag-dr-marcos-vinicius-coronel-fabriciano","tag-infectologista-carmelinda-lobato","tag-prefeito-dr-marcos-vinicius","tag-prefeitura-de-coronel-fabriciano"],"_links":{"self":[{"href":"https:\/\/aconteceunovale.com.br\/portal\/index.php?rest_route=\/wp\/v2\/posts\/162008","targetHints":{"allow":["GET"]}}],"collection":[{"href":"https:\/\/aconteceunovale.com.br\/portal\/index.php?rest_route=\/wp\/v2\/posts"}],"about":[{"href":"https:\/\/aconteceunovale.com.br\/portal\/index.php?rest_route=\/wp\/v2\/types\/post"}],"author":[{"embeddable":true,"href":"https:\/\/aconteceunovale.com.br\/portal\/index.php?rest_route=\/wp\/v2\/users\/1"}],"replies":[{"embeddable":true,"href":"https:\/\/aconteceunovale.com.br\/portal\/index.php?rest_route=%2Fwp%2Fv2%2Fcomments&post=162008"}],"version-history":[{"count":1,"href":"https:\/\/aconteceunovale.com.br\/portal\/index.php?rest_route=\/wp\/v2\/posts\/162008\/revisions"}],"predecessor-version":[{"id":162011,"href":"https:\/\/aconteceunovale.com.br\/portal\/index.php?rest_route=\/wp\/v2\/posts\/162008\/revisions\/162011"}],"wp:featuredmedia":[{"embeddable":true,"href":"https:\/\/aconteceunovale.com.br\/portal\/index.php?rest_route=\/wp\/v2\/media\/162009"}],"wp:attachment":[{"href":"https:\/\/aconteceunovale.com.br\/portal\/index.php?rest_route=%2Fwp%2Fv2%2Fmedia&parent=162008"}],"wp:term":[{"taxonomy":"category","embeddable":true,"href":"https:\/\/aconteceunovale.com.br\/portal\/index.php?rest_route=%2Fwp%2Fv2%2Fcategories&post=162008"},{"taxonomy":"post_tag","embeddable":true,"href":"https:\/\/aconteceunovale.com.br\/portal\/index.php?rest_route=%2Fwp%2Fv2%2Ftags&post=162008"}],"curies":[{"name":"wp","href":"https:\/\/api.w.org\/{rel}","templated":true}]}}