{"id":161997,"date":"2020-05-03T16:52:33","date_gmt":"2020-05-03T19:52:33","guid":{"rendered":"http:\/\/aconteceunovale.com.br\/portal\/?p=161997"},"modified":"2020-05-03T16:53:38","modified_gmt":"2020-05-03T19:53:38","slug":"prefeito-de-sete-lagoas-testa-positivo-para-covid-19","status":"publish","type":"post","link":"https:\/\/aconteceunovale.com.br\/portal\/?p=161997","title":{"rendered":"Prefeito de Sete Lagoas testa positivo para Covid-19"},"content":{"rendered":"\n<p>O prefeito de Sete Lagoas (MG), Du\u00edlio de Castro (Patriota), testou positivo para Covid-19 (Novo Coronav\u00edrus). Por orienta\u00e7\u00e3o de seu m\u00e9dico, ele foi internado em um hospital particular da cidade na madrugada deste domingo (03\/05\/2020).<\/p>\n\n\n\n<p>Segundo a prefeitura, Castro, de 56 anos, foi submetido ao teste de coronav\u00edrus assim que surgiram os primeiros sintomas. &#8220;O prefeito, at\u00e9 ent\u00e3o, estava trabalhando sem interrup\u00e7\u00f5es, na linha de frente de combate \u00e0 pandemia, mas tanto ele quanto seus assessores mais pr\u00f3ximos estavam cumprindo com as recomenda\u00e7\u00f5es das autoridades sanit\u00e1rias de usar m\u00e1scara, higienizar frequentemente as m\u00e3os e manter dist\u00e2ncia m\u00ednima&#8221;, informou.<\/p>\n\n\n\n<p>Ainda de acordo com o Poder Executivo, o exame foi colhido no novo laborat\u00f3rio montado pela prefeitura e pelo&nbsp;Centro Universit\u00e1rio de Sete Lagoas (UNIFEMM). Para ter certeza do resultado, foi realizada uma contraprova, que tamb\u00e9m deu positivo para Covid-19.<\/p>\n\n\n\n<p>A prefeitura informou que a op\u00e7\u00e3o pela interna\u00e7\u00e3o em um hospital particular foi para n\u00e3o comprometer os leitos do sistema p\u00fablico, destinados \u00e0 popula\u00e7\u00e3o em geral.<\/p>\n\n\n\n<p>&#8220;Du\u00edlio de Castro est\u00e1 sendo acompanhado por uma equipe m\u00e9dica, passa bem e dever\u00e1, a partir de agora, cumprir quarentena de pelo menos 14 dias&#8221;, completou.<\/p>\n\n\n\n<p>Segundo o \u00faltimo boletim epidemiol\u00f3gico municipal, Sete Lagoas t\u00eam sete casos confirmados de coronav\u00edrus. Com o diagn\u00f3stico do prefeito, esse n\u00famero sobe para oito.<\/p>\n\n\n\n<figure class=\"wp-block-gallery columns-1 is-cropped wp-block-gallery-1 is-layout-flex wp-block-gallery-is-layout-flex\"><ul class=\"blocks-gallery-grid\"><li class=\"blocks-gallery-item\"><figure><img loading=\"lazy\" decoding=\"async\" width=\"777\" height=\"518\" src=\"http:\/\/aconteceunovale.com.br\/portal\/wp-content\/uploads\/2020\/05\/duilio_de_castro.jpg\" alt=\"\" data-id=\"161998\" data-full-url=\"http:\/\/aconteceunovale.com.br\/portal\/wp-content\/uploads\/2020\/05\/duilio_de_castro.jpg\" data-link=\"http:\/\/aconteceunovale.com.br\/portal\/?attachment_id=161998\" class=\"wp-image-161998\" srcset=\"https:\/\/aconteceunovale.com.br\/portal\/wp-content\/uploads\/2020\/05\/duilio_de_castro.jpg 777w, https:\/\/aconteceunovale.com.br\/portal\/wp-content\/uploads\/2020\/05\/duilio_de_castro-300x200.jpg 300w, https:\/\/aconteceunovale.com.br\/portal\/wp-content\/uploads\/2020\/05\/duilio_de_castro-768x512.jpg 768w, https:\/\/aconteceunovale.com.br\/portal\/wp-content\/uploads\/2020\/05\/duilio_de_castro-696x464.jpg 696w, https:\/\/aconteceunovale.com.br\/portal\/wp-content\/uploads\/2020\/05\/duilio_de_castro-630x420.jpg 630w\" sizes=\"auto, (max-width: 777px) 100vw, 777px\" \/><figcaption class=\"blocks-gallery-item__caption\"><em>Du\u00edlio de Castro &#8211; Foto: Facebook \/ Divulga\u00e7\u00e3o<\/em><\/figcaption><\/figure><\/li><\/ul><\/figure>\n\n\n\n<h4 class=\"wp-block-heading\"><strong>Nota da Prefeitura de Sete Lagoas<\/strong><\/h4>\n\n\n\n<p class=\"has-background has-very-light-gray-background-color\"><em>A Prefeitura de Sete Lagoas informa que o prefeito Du\u00edlio de Castro foi testado positivo para Covid-19 neste s\u00e1bado, 2 de maio. O teste foi feito assim que surgiram os primeiros sintomas. O prefeito, at\u00e9 ent\u00e3o, estava trabalhando sem interrup\u00e7\u00f5es, na linha de frente de combate \u00e0 pandemia, mas tanto ele quanto seus assessores mais pr\u00f3ximos estavam cumprindo com as recomenda\u00e7\u00f5es das autoridades sanit\u00e1rias de usar m\u00e1scara, higienizar frequentemente as m\u00e3os e manter dist\u00e2ncia m\u00ednima.<\/em><br><br><em>O exame foi colhido e processado no novo laborat\u00f3rio montado pela Prefeitura e pelo Unifemm. Por seguran\u00e7a, uma contraprova foi realizada durante o dia. J\u00e1 no fim da noite, o resultado foi comprovado pelo segundo exame.\u00a0<br><\/em><br><em>Nesta madrugada, o chefe do Executivo, por orienta\u00e7\u00e3o de seu m\u00e9dico, foi admitido no hospital Libertae. A op\u00e7\u00e3o pelo hospital particular foi do m\u00e9dico, como forma de n\u00e3o comprometer leitos do sistema p\u00fablico, uma vez que a recomenda\u00e7\u00e3o das autoridades \u00e9 de que pacientes que possuem planos de sa\u00fade devem ser encaminhados para a rede suplementar.\u00a0<br><\/em><br><em>Du\u00edlio de Castro est\u00e1 sendo acompanhado por uma equipe m\u00e9dica, passa bem e dever\u00e1, a partir de agora, cumprir quarentena de pelo menos 14 dias. Mais informa\u00e7\u00f5es no boletim do Gabinete de Gest\u00e3o de Crise desta segunda-feira, 4 de maio.<\/em><\/p>\n\n\n\n<p class=\"has-background has-very-light-gray-background-color\">Quer saber as not\u00edcias do <strong>Aconteceu no Vale<\/strong> em primeira m\u00e3o? Siga-nos no Facebook <a rel=\"noreferrer noopener\" href=\"http:\/\/facebook.com\/aconteceunovale\" target=\"_blank\">@aconteceunovale<\/a>, Twitter <a rel=\"noreferrer noopener\" href=\"https:\/\/twitter.com\/noticiadosvales\" target=\"_blank\">@noticiadosvales<\/a> e Instagram <a rel=\"noreferrer noopener\" href=\"https:\/\/www.instagram.com\/aconteceunovale\" target=\"_blank\">@aconteceunovale<\/a>.<\/p>\n","protected":false},"excerpt":{"rendered":"<p>O prefeito de Sete Lagoas (MG), Du\u00edlio de Castro (Patriota), testou positivo para Covid-19 (Novo Coronav\u00edrus). Por orienta\u00e7\u00e3o de seu m\u00e9dico, ele foi internado em um hospital particular da cidade na madrugada deste domingo (03\/05\/2020). Segundo a prefeitura, Castro, de 56 anos, foi submetido ao teste de coronav\u00edrus assim que surgiram os primeiros sintomas. &#8220;O [&hellip;]<\/p>\n","protected":false},"author":1,"featured_media":161998,"comment_status":"open","ping_status":"closed","sticky":false,"template":"","format":"standard","meta":{"amp_status":"","footnotes":""},"categories":[123,40240],"tags":[214884,221235,216498,221238,204491,202724,221237,221236,221239,1532],"class_list":["post-161997","post","type-post","status-publish","format-standard","has-post-thumbnail","hentry","category-gerais","category-politica-2","tag-coronavirus","tag-coronavirus-prefeito-de-sete-lagoas","tag-covid-19","tag-covid-19-prefeito-de-sete-lagoas","tag-duilio-de-castro","tag-prefeito-de-sete-lagoas","tag-prefeito-de-sete-lagoas-coronavirus","tag-prefeito-de-sete-lagoas-covid-19","tag-prefeito-de-sete-lagoas-testa-positivo-para-covid-19","tag-sete-lagoas"],"_links":{"self":[{"href":"https:\/\/aconteceunovale.com.br\/portal\/index.php?rest_route=\/wp\/v2\/posts\/161997","targetHints":{"allow":["GET"]}}],"collection":[{"href":"https:\/\/aconteceunovale.com.br\/portal\/index.php?rest_route=\/wp\/v2\/posts"}],"about":[{"href":"https:\/\/aconteceunovale.com.br\/portal\/index.php?rest_route=\/wp\/v2\/types\/post"}],"author":[{"embeddable":true,"href":"https:\/\/aconteceunovale.com.br\/portal\/index.php?rest_route=\/wp\/v2\/users\/1"}],"replies":[{"embeddable":true,"href":"https:\/\/aconteceunovale.com.br\/portal\/index.php?rest_route=%2Fwp%2Fv2%2Fcomments&post=161997"}],"version-history":[{"count":1,"href":"https:\/\/aconteceunovale.com.br\/portal\/index.php?rest_route=\/wp\/v2\/posts\/161997\/revisions"}],"predecessor-version":[{"id":161999,"href":"https:\/\/aconteceunovale.com.br\/portal\/index.php?rest_route=\/wp\/v2\/posts\/161997\/revisions\/161999"}],"wp:featuredmedia":[{"embeddable":true,"href":"https:\/\/aconteceunovale.com.br\/portal\/index.php?rest_route=\/wp\/v2\/media\/161998"}],"wp:attachment":[{"href":"https:\/\/aconteceunovale.com.br\/portal\/index.php?rest_route=%2Fwp%2Fv2%2Fmedia&parent=161997"}],"wp:term":[{"taxonomy":"category","embeddable":true,"href":"https:\/\/aconteceunovale.com.br\/portal\/index.php?rest_route=%2Fwp%2Fv2%2Fcategories&post=161997"},{"taxonomy":"post_tag","embeddable":true,"href":"https:\/\/aconteceunovale.com.br\/portal\/index.php?rest_route=%2Fwp%2Fv2%2Ftags&post=161997"}],"curies":[{"name":"wp","href":"https:\/\/api.w.org\/{rel}","templated":true}]}}