{"id":161992,"date":"2020-05-03T16:13:07","date_gmt":"2020-05-03T19:13:07","guid":{"rendered":"http:\/\/aconteceunovale.com.br\/portal\/?p=161992"},"modified":"2020-05-03T16:13:34","modified_gmt":"2020-05-03T19:13:34","slug":"presidente-diz-que-nomeia-amanha-novo-diretor-da-policia-federal","status":"publish","type":"post","link":"https:\/\/aconteceunovale.com.br\/portal\/?p=161992","title":{"rendered":"Presidente diz que nomeia amanh\u00e3 novo diretor da Pol\u00edcia Federal"},"content":{"rendered":"\n<p>O presidente Jair Bolsonaro disse que deve nomear amanh\u00e3 (4) o novo diretor-geral da Pol\u00edcia Federal (PF). O an\u00fancio foi feito ap\u00f3s o presidente&nbsp;cumprimentar apoiadores&nbsp;em&nbsp;ato em&nbsp;frente ao Pal\u00e1cio do Planalto, na manh\u00e3 deste domingo (3).&nbsp;<\/p>\n\n\n\n<p>Ao final da transmiss\u00e3o do ato, Bolsonaro disse a Constitui\u00e7\u00e3o deve ser cumprida&nbsp;a \u201cqualquer pre\u00e7o\u201d e que ela tem \u201cdupla m\u00e3o\u201d.&nbsp;<\/p>\n\n\n\n<p>\u201cO Poder Executivo est\u00e1 unido para tirar o Brasil da onde se encontra. Voc\u00eas sabem que povo est\u00e1 conosco. As For\u00e7as Armadas, ao lado da lei e da ordem, da democracia e da liberdade, tamb\u00e9m est\u00e3o do nosso lado. Deus acima de tudo. Vamos tocar o barco. Pe\u00e7o a Deus que n\u00e3o tenhamos problemas nesta semana porque chegamos no limite, n\u00e3o tem mais conversa. Daqui para a frente, n\u00e3o s\u00f3 exigiremos, como faremos cumprir a Constitui\u00e7\u00e3o. Ela ser\u00e1 cumprida a qualquer pre\u00e7o e ela tem dupla m\u00e3o, n\u00e3o \u00e9 uma m\u00e3o de um lado s\u00f3 n\u00e3o. Amanh\u00e3, nomeamos o novo diretor da PF, e o Brasil segue seu rumo.<\/p>\n\n\n\n<p><strong>Confira o v\u00eddeo:<\/strong><\/p>\n\n\n\n<figure><iframe loading=\"lazy\" width=\"100%\" height=\"420\" src=\"https:\/\/www.youtube.com\/embed\/MnyHZ9CXFfg\" allowfullscreen=\"\"><\/iframe><\/figure>\n\n\n\n<p>Desde a demiss\u00e3o de Maur\u00edcio Valeixo, a corpora\u00e7\u00e3o est\u00e1 sendo comandada interinamente pelo delegado Disney Rossetti. A sa\u00edda de Valeixo tamb\u00e9m&nbsp;provocou a exonera\u00e7\u00e3o do ex-ministro&nbsp;da Justi\u00e7a e da Seguran\u00e7a P\u00fablica Sergio Moro.&nbsp;<\/p>\n\n\n\n<p>Ontem (2), o ex-ministro&nbsp;prestou depoimento&nbsp;no inqu\u00e9rito aberto pelo Supremo Tribunal Federal (STF) para apurar suposta tentativa de Bolsonaro de interferir na PF ou crime de denuncia\u00e7\u00e3o caluniosa por parte de Moro.&nbsp;<\/p>\n\n\n\n<p>Na sexta-feira (24), durante pronunciamento, Bolsonaro negou que tenha pedido para o ent\u00e3o ministro interferir em investiga\u00e7\u00f5es da PF.<\/p>\n\n\n\n<p class=\"has-background has-very-light-gray-background-color\">Quer saber as not\u00edcias do <strong>Aconteceu no Vale<\/strong> em primeira m\u00e3o? Siga-nos no Facebook <a rel=\"noreferrer noopener\" href=\"http:\/\/facebook.com\/aconteceunovale\" target=\"_blank\">@aconteceunovale<\/a>, Twitter <a rel=\"noreferrer noopener\" href=\"https:\/\/twitter.com\/noticiadosvales\" target=\"_blank\">@noticiadosvales<\/a> e Instagram <a rel=\"noreferrer noopener\" href=\"https:\/\/www.instagram.com\/aconteceunovale\" target=\"_blank\">@aconteceunovale<\/a>.<\/p>\n","protected":false},"excerpt":{"rendered":"<p>O presidente Jair Bolsonaro disse que deve nomear amanh\u00e3 (4) o novo diretor-geral da Pol\u00edcia Federal (PF). O an\u00fancio foi feito ap\u00f3s o presidente&nbsp;cumprimentar apoiadores&nbsp;em&nbsp;ato em&nbsp;frente ao Pal\u00e1cio do Planalto, na manh\u00e3 deste domingo (3).&nbsp; Ao final da transmiss\u00e3o do ato, Bolsonaro disse a Constitui\u00e7\u00e3o deve ser cumprida&nbsp;a \u201cqualquer pre\u00e7o\u201d e que ela tem \u201cdupla [&hellip;]<\/p>\n","protected":false},"author":1,"featured_media":161993,"comment_status":"open","ping_status":"closed","sticky":false,"template":"","format":"standard","meta":{"amp_status":"","footnotes":""},"categories":[6,40240],"tags":[221228,221229,221224,221225,221223,100375,4606,221227,26436,221221,221222,221226,128729,221220,186785,221232,221231,61731,20966,772,221230,35052],"class_list":["post-161992","post","type-post","status-publish","format-standard","has-post-thumbnail","hentry","category-br","category-politica-2","tag-aglomeracao-em-apoio-a-bolsonaro-em-brasilia","tag-aglomeracao-na-esplanada-dos-ministerios","tag-aglomeracao-na-rampa-do-palacio-do-planalto","tag-ato-em-apoio-a-bolsonaro-em-brasilia","tag-ato-em-apoio-a-bolsonaro-na-rampa-do-palacio-do-planalto","tag-bolsonaro","tag-brasilia","tag-carreata-na-esplanada-dos-ministerios","tag-jair-bolsonaro","tag-jair-bolsonaro-encontra-apoiadores-na-rampa-do-palacio-do-planalto","tag-manifestacao-de-apoio-a-bolsonaro-na-rampa-do-palacio-do-planalto","tag-manifestacao-em-apoio-a-bolsonaro-em-brasilia","tag-manifestacao-em-brasilia","tag-manifestacao-na-rampa-do-palacio-do-planalto","tag-mauricio-valeixo","tag-nomeacao-do-novo-diretor-da-policia-federal","tag-novo-diretor-da-policia-federal","tag-palacio-do-planalto","tag-pf","tag-policia-federal","tag-presidente-diz-que-nomeia-amanha-novo-diretor-da-policia-federal","tag-sergio-moro"],"_links":{"self":[{"href":"https:\/\/aconteceunovale.com.br\/portal\/index.php?rest_route=\/wp\/v2\/posts\/161992","targetHints":{"allow":["GET"]}}],"collection":[{"href":"https:\/\/aconteceunovale.com.br\/portal\/index.php?rest_route=\/wp\/v2\/posts"}],"about":[{"href":"https:\/\/aconteceunovale.com.br\/portal\/index.php?rest_route=\/wp\/v2\/types\/post"}],"author":[{"embeddable":true,"href":"https:\/\/aconteceunovale.com.br\/portal\/index.php?rest_route=\/wp\/v2\/users\/1"}],"replies":[{"embeddable":true,"href":"https:\/\/aconteceunovale.com.br\/portal\/index.php?rest_route=%2Fwp%2Fv2%2Fcomments&post=161992"}],"version-history":[{"count":1,"href":"https:\/\/aconteceunovale.com.br\/portal\/index.php?rest_route=\/wp\/v2\/posts\/161992\/revisions"}],"predecessor-version":[{"id":161994,"href":"https:\/\/aconteceunovale.com.br\/portal\/index.php?rest_route=\/wp\/v2\/posts\/161992\/revisions\/161994"}],"wp:featuredmedia":[{"embeddable":true,"href":"https:\/\/aconteceunovale.com.br\/portal\/index.php?rest_route=\/wp\/v2\/media\/161993"}],"wp:attachment":[{"href":"https:\/\/aconteceunovale.com.br\/portal\/index.php?rest_route=%2Fwp%2Fv2%2Fmedia&parent=161992"}],"wp:term":[{"taxonomy":"category","embeddable":true,"href":"https:\/\/aconteceunovale.com.br\/portal\/index.php?rest_route=%2Fwp%2Fv2%2Fcategories&post=161992"},{"taxonomy":"post_tag","embeddable":true,"href":"https:\/\/aconteceunovale.com.br\/portal\/index.php?rest_route=%2Fwp%2Fv2%2Ftags&post=161992"}],"curies":[{"name":"wp","href":"https:\/\/api.w.org\/{rel}","templated":true}]}}