{"id":161989,"date":"2020-05-03T16:06:29","date_gmt":"2020-05-03T19:06:29","guid":{"rendered":"http:\/\/aconteceunovale.com.br\/portal\/?p=161989"},"modified":"2020-05-03T16:06:59","modified_gmt":"2020-05-03T19:06:59","slug":"jair-bolsonaro-encontra-apoiadores-na-rampa-do-palacio-do-planalto","status":"publish","type":"post","link":"https:\/\/aconteceunovale.com.br\/portal\/?p=161989","title":{"rendered":"Jair Bolsonaro encontra apoiadores na rampa do Pal\u00e1cio do Planalto"},"content":{"rendered":"\n<p>O presidente Jair Bolsonaro foi&nbsp;hoje&nbsp;(03\/05\/2020) ao encontro de apoiadores que participaram de uma carreata na Esplanada dos Minist\u00e9rios. Durante a manifesta\u00e7\u00e3o, Bolsonaro desceu a rampa do Pal\u00e1cio do Planalto e cumprimentou os apoiadores \u00e0 dist\u00e2ncia.&nbsp;<\/p>\n\n\n\n<p>O encontro foi transmitido pela rede social do presidente e durou cerca uma hora. Segundo Bolsonaro, a manifesta\u00e7\u00e3o foi realizada de forma espont\u00e2nea pelos apoiadores em favor da governabilidade e por muitas pessoas que querem voltar ao trabalho.<\/p>\n\n\n\n<p>\u201cO Brasil, como um todo, reclama a volta ao trabalho. Essa destrui\u00e7\u00e3o de empregos irrespons\u00e1vel por parte de alguns governadores \u00e9 inadmiss\u00edvel. O pre\u00e7o vai ser muito alto na frente, fome, desemprego, mis\u00e9ria, isso n\u00e3o \u00e9 bom. Sabemos do efeito do v\u00edrus, mas, infelizmente, muitos ser\u00e3o infectados, muitos perder\u00e3o suas vidas tamb\u00e9m, mas \u00e9 uma realidade que temos que enfrentar\u201d, afirmou o presidente.&nbsp;<\/p>\n\n\n\n<p>De acordo com os dados divulgados\u00a0ontem\u00a0(2) pelo Minist\u00e9rio da Sa\u00fade, o Brasil tem 96.559 casos confirmados da doen\u00e7a e 6.750 mortes foram registradas.<\/p>\n\n\n\n<p><strong>Confira o v\u00eddeo:<\/strong><\/p>\n\n\n\n<figure><iframe loading=\"lazy\" width=\"100%\" height=\"420\" src=\"https:\/\/www.youtube.com\/embed\/MnyHZ9CXFfg\" allowfullscreen=\"\"><\/iframe><\/figure>\n\n\n\n<p class=\"has-background has-very-light-gray-background-color\">Quer saber as not\u00edcias do <strong>Aconteceu no Vale<\/strong> em primeira m\u00e3o? Siga-nos no Facebook <a rel=\"noreferrer noopener\" href=\"http:\/\/facebook.com\/aconteceunovale\" target=\"_blank\">@aconteceunovale<\/a>, Twitter <a rel=\"noreferrer noopener\" href=\"https:\/\/twitter.com\/noticiadosvales\" target=\"_blank\">@noticiadosvales<\/a> e Instagram <a rel=\"noreferrer noopener\" href=\"https:\/\/www.instagram.com\/aconteceunovale\" target=\"_blank\">@aconteceunovale<\/a>.<\/p>\n","protected":false},"excerpt":{"rendered":"<p>O presidente Jair Bolsonaro foi&nbsp;hoje&nbsp;(03\/05\/2020) ao encontro de apoiadores que participaram de uma carreata na Esplanada dos Minist\u00e9rios. Durante a manifesta\u00e7\u00e3o, Bolsonaro desceu a rampa do Pal\u00e1cio do Planalto e cumprimentou os apoiadores \u00e0 dist\u00e2ncia.&nbsp; O encontro foi transmitido pela rede social do presidente e durou cerca uma hora. Segundo Bolsonaro, a manifesta\u00e7\u00e3o foi realizada [&hellip;]<\/p>\n","protected":false},"author":1,"featured_media":161990,"comment_status":"open","ping_status":"closed","sticky":false,"template":"","format":"standard","meta":{"amp_status":"","footnotes":""},"categories":[6,40240],"tags":[221228,221229,221224,221225,221223,100375,4606,221227,26436,221221,221222,221226,128729,221220,61731],"class_list":["post-161989","post","type-post","status-publish","format-standard","has-post-thumbnail","hentry","category-br","category-politica-2","tag-aglomeracao-em-apoio-a-bolsonaro-em-brasilia","tag-aglomeracao-na-esplanada-dos-ministerios","tag-aglomeracao-na-rampa-do-palacio-do-planalto","tag-ato-em-apoio-a-bolsonaro-em-brasilia","tag-ato-em-apoio-a-bolsonaro-na-rampa-do-palacio-do-planalto","tag-bolsonaro","tag-brasilia","tag-carreata-na-esplanada-dos-ministerios","tag-jair-bolsonaro","tag-jair-bolsonaro-encontra-apoiadores-na-rampa-do-palacio-do-planalto","tag-manifestacao-de-apoio-a-bolsonaro-na-rampa-do-palacio-do-planalto","tag-manifestacao-em-apoio-a-bolsonaro-em-brasilia","tag-manifestacao-em-brasilia","tag-manifestacao-na-rampa-do-palacio-do-planalto","tag-palacio-do-planalto"],"_links":{"self":[{"href":"https:\/\/aconteceunovale.com.br\/portal\/index.php?rest_route=\/wp\/v2\/posts\/161989","targetHints":{"allow":["GET"]}}],"collection":[{"href":"https:\/\/aconteceunovale.com.br\/portal\/index.php?rest_route=\/wp\/v2\/posts"}],"about":[{"href":"https:\/\/aconteceunovale.com.br\/portal\/index.php?rest_route=\/wp\/v2\/types\/post"}],"author":[{"embeddable":true,"href":"https:\/\/aconteceunovale.com.br\/portal\/index.php?rest_route=\/wp\/v2\/users\/1"}],"replies":[{"embeddable":true,"href":"https:\/\/aconteceunovale.com.br\/portal\/index.php?rest_route=%2Fwp%2Fv2%2Fcomments&post=161989"}],"version-history":[{"count":1,"href":"https:\/\/aconteceunovale.com.br\/portal\/index.php?rest_route=\/wp\/v2\/posts\/161989\/revisions"}],"predecessor-version":[{"id":161991,"href":"https:\/\/aconteceunovale.com.br\/portal\/index.php?rest_route=\/wp\/v2\/posts\/161989\/revisions\/161991"}],"wp:featuredmedia":[{"embeddable":true,"href":"https:\/\/aconteceunovale.com.br\/portal\/index.php?rest_route=\/wp\/v2\/media\/161990"}],"wp:attachment":[{"href":"https:\/\/aconteceunovale.com.br\/portal\/index.php?rest_route=%2Fwp%2Fv2%2Fmedia&parent=161989"}],"wp:term":[{"taxonomy":"category","embeddable":true,"href":"https:\/\/aconteceunovale.com.br\/portal\/index.php?rest_route=%2Fwp%2Fv2%2Fcategories&post=161989"},{"taxonomy":"post_tag","embeddable":true,"href":"https:\/\/aconteceunovale.com.br\/portal\/index.php?rest_route=%2Fwp%2Fv2%2Ftags&post=161989"}],"curies":[{"name":"wp","href":"https:\/\/api.w.org\/{rel}","templated":true}]}}