{"id":161978,"date":"2020-05-03T13:09:25","date_gmt":"2020-05-03T16:09:25","guid":{"rendered":"http:\/\/aconteceunovale.com.br\/portal\/?p=161978"},"modified":"2020-05-03T13:10:31","modified_gmt":"2020-05-03T16:10:31","slug":"sergio-moro-depoe-por-8h-sobre-acusacoes-contra-jair-bolsonaro","status":"publish","type":"post","link":"https:\/\/aconteceunovale.com.br\/portal\/?p=161978","title":{"rendered":"Sergio Moro dep\u00f5e por 8h sobre acusa\u00e7\u00f5es contra Jair Bolsonaro"},"content":{"rendered":"\n<p>O ex-ministro da Justi\u00e7a e Seguran\u00e7a P\u00fablica S\u00e9rgio Moro prestou depoimento, neste s\u00e1bado (02\/05\/2020), contra o presidente Jair Bolsonaro, na Superintend\u00eancia da Pol\u00edcia Federal (PF), em Curitiba (PR). A oitiva, que come\u00e7ou por volta das 14h, durou cerca de 8 horas.&nbsp;<\/p>\n\n\n\n<p>Durante o depoimento, o ex-juiz federal foi questionado a respeito das acusa\u00e7\u00f5es de que Bolsonaro tentou interferir no trabalho da Pol\u00edcia Federal e em inqu\u00e9ritos que envolviam familiares do presidente. As acusa\u00e7\u00f5es foram feitas por Moro quando ele anunciou que sairia do comando da pasta.<\/p>\n\n\n\n<p>O depoimento foi determinado pelo ministro do Supremo Tribunal Federal Celso de Mello, relator do caso, e foi colhido por delegados da PF e acompanhado por alguns procuradores que tiveram autoriza\u00e7\u00e3o do magistrado da Suprema Corte. Caso as acusa\u00e7\u00f5es n\u00e3o forem verdadeiras, S\u00e9rgio Moro poder\u00e1 responder na Justi\u00e7a por denuncia\u00e7\u00e3o caluniosa e crimes contra a honra.<\/p>\n\n\n\n<p>O dia do depoimento tamb\u00e9m foi marcado por manifesta\u00e7\u00f5es a favor de Moro, e de Bolsonaro. Os grupos se concentraram em frente \u00e0 Superintend\u00eancia da Pol\u00edcia Federal (PF), em Curitiba, desde o in\u00edcio da manh\u00e3 deste s\u00e1bado.<\/p>\n\n\n\n<p>Houve um princ\u00edpio de confus\u00e3o entre os dois grupos. No entanto, a Pol\u00edcia Militar (PM) conteve a situa\u00e7\u00e3o. Os manifestantes estavam com bandeiras, carro de som e gritam palavras de ordem.<\/p>\n\n\n\n<p>O presidente Jair Bolsonaro ainda n\u00e3o se manifestou sobre o depoimento. Na manh\u00e3 de ontem, s\u00e1bado, ele se referiu ao ex-ministro como \u201cJudas\u201d.<\/p>\n\n\n\n<p>\u201cOs mandantes est\u00e3o em Bras\u00edlia? O Judas, que hoje depor\u00e1, interferiu para que n\u00e3o se investigasse? Nada farei que n\u00e3o esteja de acordo com a Constitui\u00e7\u00e3o. Mas tamb\u00e9m N\u00c3O ADMITIREI que fa\u00e7am contra MIM e ao nosso Brasil passando por cima da mesma.\u201d, questiona Bolsonaro.<\/p>\n\n\n\n<p>J\u00e1 S\u00e9rgio Moro, em publica\u00e7\u00e3o na manh\u00e3 deste domingo (03\/05), disse que \u201ch\u00e1 lealdades maiores do que as pessoais.\u201d<\/p>\n\n\n\n<p class=\"has-background has-very-light-gray-background-color\">Quer saber as not\u00edcias do <strong>Aconteceu no Vale<\/strong> em primeira m\u00e3o? Siga-nos no Facebook <a rel=\"noreferrer noopener\" href=\"http:\/\/facebook.com\/aconteceunovale\" target=\"_blank\">@aconteceunovale<\/a>, Twitter <a rel=\"noreferrer noopener\" href=\"https:\/\/twitter.com\/noticiadosvales\" target=\"_blank\">@noticiadosvales<\/a> e Instagram <a rel=\"noreferrer noopener\" href=\"https:\/\/www.instagram.com\/aconteceunovale\" target=\"_blank\">@aconteceunovale<\/a>.<\/p>\n","protected":false},"excerpt":{"rendered":"<p>O ex-ministro da Justi\u00e7a e Seguran\u00e7a P\u00fablica S\u00e9rgio Moro prestou depoimento, neste s\u00e1bado (02\/05\/2020), contra o presidente Jair Bolsonaro, na Superintend\u00eancia da Pol\u00edcia Federal (PF), em Curitiba (PR). A oitiva, que come\u00e7ou por volta das 14h, durou cerca de 8 horas.&nbsp; Durante o depoimento, o ex-juiz federal foi questionado a respeito das acusa\u00e7\u00f5es de que [&hellip;]<\/p>\n","protected":false},"author":1,"featured_media":161979,"comment_status":"open","ping_status":"closed","sticky":false,"template":"","format":"standard","meta":{"amp_status":"","footnotes":""},"categories":[6,40240],"tags":[207806,220609,100375,221161,220549,220553,80126,220554,220608,184405,220607,26436,19903,150851,220873,220552,220551,36446,35052,221214,220550,28511,28510],"class_list":["post-161978","post","type-post","status-publish","format-standard","has-post-thumbnail","hentry","category-br","category-politica-2","tag-augusto-aras","tag-augusto-aras-pede-abertura-de-inquerito-para-apurar-declaracoes-de-moro","tag-bolsonaro","tag-celso-de-mello-da-cinco-dias-para-policia-federal-tomar-depoimento-de-sergio-moro","tag-demissao-de-moro","tag-demissao-de-sergio-moro","tag-demissao-do-ministro-da-justica","tag-demissao-do-ministro-da-justica-e-da-seguranca-publica","tag-falas-de-moro","tag-governo-bolsonaro","tag-inquerito-para-apurar-falas-de-moro","tag-jair-bolsonaro","tag-ministerio-da-justica","tag-ministerio-da-justica-e-seguranca-publica","tag-ministro-do-supremo-abre-inquerito-para-investigar-declaracoes-de-sergio-moro","tag-moro-pede-demissao","tag-moro-pede-demissao-do-governo-bolsonaro","tag-procurador-geral-da-republica","tag-sergio-moro","tag-sergio-moro-depoe-por-8h-sobre-acusacoes-contra-jair-bolsonaro","tag-sergio-moro-pede-demissao","tag-stf","tag-supremo-tribunal-federal"],"_links":{"self":[{"href":"https:\/\/aconteceunovale.com.br\/portal\/index.php?rest_route=\/wp\/v2\/posts\/161978","targetHints":{"allow":["GET"]}}],"collection":[{"href":"https:\/\/aconteceunovale.com.br\/portal\/index.php?rest_route=\/wp\/v2\/posts"}],"about":[{"href":"https:\/\/aconteceunovale.com.br\/portal\/index.php?rest_route=\/wp\/v2\/types\/post"}],"author":[{"embeddable":true,"href":"https:\/\/aconteceunovale.com.br\/portal\/index.php?rest_route=\/wp\/v2\/users\/1"}],"replies":[{"embeddable":true,"href":"https:\/\/aconteceunovale.com.br\/portal\/index.php?rest_route=%2Fwp%2Fv2%2Fcomments&post=161978"}],"version-history":[{"count":1,"href":"https:\/\/aconteceunovale.com.br\/portal\/index.php?rest_route=\/wp\/v2\/posts\/161978\/revisions"}],"predecessor-version":[{"id":161980,"href":"https:\/\/aconteceunovale.com.br\/portal\/index.php?rest_route=\/wp\/v2\/posts\/161978\/revisions\/161980"}],"wp:featuredmedia":[{"embeddable":true,"href":"https:\/\/aconteceunovale.com.br\/portal\/index.php?rest_route=\/wp\/v2\/media\/161979"}],"wp:attachment":[{"href":"https:\/\/aconteceunovale.com.br\/portal\/index.php?rest_route=%2Fwp%2Fv2%2Fmedia&parent=161978"}],"wp:term":[{"taxonomy":"category","embeddable":true,"href":"https:\/\/aconteceunovale.com.br\/portal\/index.php?rest_route=%2Fwp%2Fv2%2Fcategories&post=161978"},{"taxonomy":"post_tag","embeddable":true,"href":"https:\/\/aconteceunovale.com.br\/portal\/index.php?rest_route=%2Fwp%2Fv2%2Ftags&post=161978"}],"curies":[{"name":"wp","href":"https:\/\/api.w.org\/{rel}","templated":true}]}}