{"id":161973,"date":"2020-05-03T12:37:18","date_gmt":"2020-05-03T15:37:18","guid":{"rendered":"http:\/\/aconteceunovale.com.br\/portal\/?p=161973"},"modified":"2020-05-03T12:37:45","modified_gmt":"2020-05-03T15:37:45","slug":"agencias-da-caixa-abrem-duas-horas-mais-cedo-a-partir-de-amanha","status":"publish","type":"post","link":"https:\/\/aconteceunovale.com.br\/portal\/?p=161973","title":{"rendered":"Ag\u00eancias da Caixa abrem duas horas mais cedo a partir de amanh\u00e3"},"content":{"rendered":"\n<p>A partir desta segunda-feira (04\/05\/2020) a Caixa vai antecipar em duas horas a abertura de todas as\u00a0ag\u00eancias do\u00a0pa\u00eds. Com a mudan\u00e7a &#8211; pensada para agilizar o atendimento e evitar grandes filas e aglomera\u00e7\u00e3o de pessoas aptas a receber o aux\u00edlio emergencial de R$ 600 &#8211; as unidades passar\u00e3o a funcionar de 8h \u00e0s 14h. Desde 22 de abril, 1.102 ag\u00eancias j\u00e1 vinham funcionando nesse hor\u00e1rio.<\/p>\n\n\n\n<p>O banco tamb\u00e9m anunciou, a partir desta segunda-feira, um refor\u00e7o no n\u00famero de vigilantes nas ag\u00eancias. Ser\u00e3o mais 2.800 que v\u00e3o se juntar aos 2 mil que j\u00e1 estavam atuando. Al\u00e9m deles, outras 389 recepcionistas v\u00e3o refor\u00e7ar orienta\u00e7\u00e3o e atendimento ao p\u00fablico.<\/p>\n\n\n\n<h2 class=\"wp-block-heading\">S\u00e1bado<\/h2>\n\n\n\n<p>Segundo o presidente da Caixa, Pedro Guimar\u00e3es, as filas nas ag\u00eancias do banco ocorrem porque os benefici\u00e1rios do Bolsa-Fam\u00edlia e os informais sem conta demandam atendimento pessoal. No pr\u00f3ximo s\u00e1bado (9) 1,4 mil ag\u00eancias v\u00e3o abrir para realiza\u00e7\u00e3o do saque do aux\u00edlio emergencial, ser\u00e3o 498 a mais que nesse s\u00e1bado (2), quando 902 atenderam a popula\u00e7\u00e3o.<\/p>\n\n\n\n<h2 class=\"wp-block-heading\">Segunda parcela<\/h2>\n\n\n\n<p>Para que se evite filas, o pagamento da segunda parcela do benef\u00edcio, deste m\u00eas,\u00a0ser\u00e1 reformulado\u00a0e divulgado ap\u00f3s uma reuni\u00e3o com o presidente Jair Bolsonaro ainda essa semana. Antes disso uma proposta de datas ser\u00e1 discutida com os ministros da Economia, Paulo Guedes e da Cidadania, Onyx Lorenzoni.<\/p>\n\n\n\n<h2 class=\"wp-block-heading\">Canais Digitais<\/h2>\n\n\n\n<p>A prioridade ainda \u00e9 manter o atendimento digital, por meio do cadastramento por app, site e a movimenta\u00e7\u00e3o do benef\u00edcio pelo \u201cCaixa Tem\u201d. A Caixa ressalta a import\u00e2ncia de que s\u00f3 devem ir pessoalmente \u00e0s ag\u00eancias os usu\u00e1rios que precisam realizar servi\u00e7os essenciais ou os benefici\u00e1rios que receberam o aux\u00edlio na Poupan\u00e7a Social Digital e querem receber o benef\u00edcio em dinheiro.<\/p>\n\n\n\n<p>O banco orienta que aqueles que receberam o cr\u00e9dito por meio da \u201cPoupan\u00e7a Digital Caixa\u201d devem pagar boletos e contas de \u00e1gua, luz, telefone, entre outras, bem como fazer transfer\u00eancias para outros bancos por meio do aplicativo.<\/p>\n\n\n\n<p>\u00c9 importante esclarecer que os benefici\u00e1rios do Aux\u00edlio Emergencial que receberam o cr\u00e9dito em poupan\u00e7a da CAIXA podem movimentar o valor digitalmente pelo Internet Banking ou mesmo utilizando o cart\u00e3o de d\u00e9bito em suas compras. Os benefici\u00e1rios do Bolsa Fam\u00edlia aptos para o aux\u00edlio recebem o cr\u00e9dito no mesmo calend\u00e1rio e na mesma forma do benef\u00edcio regular, por meio do cart\u00e3o Bolsa Fam\u00edlia nos canais de autoatendimento, lot\u00e9ricas e correspondentes \u201cCaixa Aqui\u201d; ou por cr\u00e9dito na conta \u201cCaixa F\u00e1cil\u201d.<\/p>\n\n\n\n<p>Para quem busca informa\u00e7\u00f5es sobre o cadastro, os canais s\u00e3o o site <a rel=\"noreferrer noopener\" href=\"https:\/\/auxilio.caixa.gov.br\/\" target=\"_blank\">auxilio.caixa.gov.br<\/a>, o app Caixa | Aux\u00edlio Emergencial (<a href=\"https:\/\/play.google.com\/store\/apps\/details?id=br.gov.caixa.auxilio&amp;hl=pt_BR\" target=\"_blank\" rel=\"noreferrer noopener\">Android<\/a> e <a href=\"https:\/\/apps.apple.com\/br\/app\/caixa-aux%C3%ADlio-emergencial\/id1506494331\" target=\"_blank\" rel=\"noreferrer noopener\">iOS<\/a>) e a central telef\u00f4nica exclusiva 111.<\/p>\n\n\n\n<h2 class=\"wp-block-heading\">Hist\u00f3rico<\/h2>\n\n\n\n<p>Desde o dia 9 de abril, quando teve in\u00edcio o pagamento, 50 milh\u00f5es de brasileiros j\u00e1 receberam o cr\u00e9dito do benef\u00edcio, ou seja, um em cada tr\u00eas brasileiros adultos. Ao todo, mais de R$ 35 bilh\u00f5es j\u00e1 foram creditados.<\/p>\n\n\n\n<p>Segundo a Caixa, at\u00e9 18h ontem (2), 50,2 milh\u00f5es de cidad\u00e3os se cadastraram para solicitar o benef\u00edcio. O site <a rel=\"noreferrer noopener\" href=\"https:\/\/auxilio.caixa.gov.br\/\" target=\"_blank\">auxilio.caixa.gov.br<\/a> superou a marca de 606 milh\u00f5es de visitas e a central exclusiva 111 registra mais de 115 milh\u00f5es de liga\u00e7\u00f5es. O aplicativo Aux\u00edlio Emergencial Caixa (<a rel=\"noreferrer noopener\" href=\"https:\/\/play.google.com\/store\/apps\/details?id=br.gov.caixa.auxilio&amp;hl=pt_BR\" target=\"_blank\">Android<\/a> e <a rel=\"noreferrer noopener\" href=\"https:\/\/apps.apple.com\/br\/app\/caixa-aux%C3%ADlio-emergencial\/id1506494331\" target=\"_blank\">iOS<\/a>) j\u00e1 registrou 74,3 milh\u00f5es de downloads e o aplicativo Caixa Tem, para movimenta\u00e7\u00e3o da poupan\u00e7a digital, ultrapassou 77 milh\u00f5es de downloads.<\/p>\n\n\n\n<p class=\"has-background has-very-light-gray-background-color\">Quer saber as not\u00edcias do <strong>Aconteceu no Vale<\/strong> em primeira m\u00e3o? Siga-nos no Facebook <a rel=\"noreferrer noopener\" href=\"http:\/\/facebook.com\/aconteceunovale\" target=\"_blank\">@aconteceunovale<\/a>, Twitter <a rel=\"noreferrer noopener\" href=\"https:\/\/twitter.com\/noticiadosvales\" target=\"_blank\">@noticiadosvales<\/a> e Instagram <a rel=\"noreferrer noopener\" href=\"https:\/\/www.instagram.com\/aconteceunovale\" target=\"_blank\">@aconteceunovale<\/a>.<\/p>\n","protected":false},"excerpt":{"rendered":"<p>A partir desta segunda-feira (04\/05\/2020) a Caixa vai antecipar em duas horas a abertura de todas as\u00a0ag\u00eancias do\u00a0pa\u00eds. Com a mudan\u00e7a &#8211; pensada para agilizar o atendimento e evitar grandes filas e aglomera\u00e7\u00e3o de pessoas aptas a receber o aux\u00edlio emergencial de R$ 600 &#8211; as unidades passar\u00e3o a funcionar de 8h \u00e0s 14h. Desde [&hellip;]<\/p>\n","protected":false},"author":1,"featured_media":161974,"comment_status":"open","ping_status":"closed","sticky":false,"template":"","format":"standard","meta":{"amp_status":"","footnotes":""},"categories":[6],"tags":[162215,221210,219405,219383,219292,23072,28214,221211,221209,221208,220206,187086,221212,220234,219386],"class_list":["post-161973","post","type-post","status-publish","format-standard","has-post-thumbnail","hentry","category-br","tag-agencias-da-caixa","tag-agencias-da-caixa-abrem-duas-horas-mais-cedo-a-partir-de-amanha","tag-auxilio-de-r-600","tag-auxilio-emergencial","tag-auxilio-emergencial-de-r-600","tag-caixa","tag-caixa-economica-federal","tag-filas-para-pagamento-do-auxilio-emergencial-de-r-600","tag-funcionamento-das-agencias-da-caixa","tag-horario-de-funcionamento-das-agencias-da-caixa","tag-pagamento-do-auxilio-emergencial-de-r-600","tag-pedro-guimaraes","tag-poupanca-digital-caixa","tag-poupanca-social-digital","tag-presidente-da-caixa"],"_links":{"self":[{"href":"https:\/\/aconteceunovale.com.br\/portal\/index.php?rest_route=\/wp\/v2\/posts\/161973","targetHints":{"allow":["GET"]}}],"collection":[{"href":"https:\/\/aconteceunovale.com.br\/portal\/index.php?rest_route=\/wp\/v2\/posts"}],"about":[{"href":"https:\/\/aconteceunovale.com.br\/portal\/index.php?rest_route=\/wp\/v2\/types\/post"}],"author":[{"embeddable":true,"href":"https:\/\/aconteceunovale.com.br\/portal\/index.php?rest_route=\/wp\/v2\/users\/1"}],"replies":[{"embeddable":true,"href":"https:\/\/aconteceunovale.com.br\/portal\/index.php?rest_route=%2Fwp%2Fv2%2Fcomments&post=161973"}],"version-history":[{"count":1,"href":"https:\/\/aconteceunovale.com.br\/portal\/index.php?rest_route=\/wp\/v2\/posts\/161973\/revisions"}],"predecessor-version":[{"id":161975,"href":"https:\/\/aconteceunovale.com.br\/portal\/index.php?rest_route=\/wp\/v2\/posts\/161973\/revisions\/161975"}],"wp:featuredmedia":[{"embeddable":true,"href":"https:\/\/aconteceunovale.com.br\/portal\/index.php?rest_route=\/wp\/v2\/media\/161974"}],"wp:attachment":[{"href":"https:\/\/aconteceunovale.com.br\/portal\/index.php?rest_route=%2Fwp%2Fv2%2Fmedia&parent=161973"}],"wp:term":[{"taxonomy":"category","embeddable":true,"href":"https:\/\/aconteceunovale.com.br\/portal\/index.php?rest_route=%2Fwp%2Fv2%2Fcategories&post=161973"},{"taxonomy":"post_tag","embeddable":true,"href":"https:\/\/aconteceunovale.com.br\/portal\/index.php?rest_route=%2Fwp%2Fv2%2Ftags&post=161973"}],"curies":[{"name":"wp","href":"https:\/\/api.w.org\/{rel}","templated":true}]}}