{"id":161911,"date":"2020-05-01T00:21:24","date_gmt":"2020-05-01T03:21:24","guid":{"rendered":"http:\/\/aconteceunovale.com.br\/portal\/?p=161911"},"modified":"2020-05-01T00:22:00","modified_gmt":"2020-05-01T03:22:00","slug":"operacao-soberbus-combate-trafico-de-drogas-no-norte-de-minas","status":"publish","type":"post","link":"https:\/\/aconteceunovale.com.br\/portal\/?p=161911","title":{"rendered":"Opera\u00e7\u00e3o Soberbus combate tr\u00e1fico de drogas no Norte de Minas"},"content":{"rendered":"\n<p>A Pol\u00edcia Civil de Minas Gerais (PCMG), por interm\u00e9dio da Delegacia Regional de Pol\u00edcia Civil em Pirapora, deflagrou nesta quinta-feira (30\/04\/2020), nos munic\u00edpios de S\u00e3o Rom\u00e3o e V\u00e1rzea da Palma, a opera\u00e7\u00e3o \u201cSoberbus\u201d. Foram presos dois suspeitos de tr\u00e1fico de drogas e efetuados cinco mandados de busca e apreens\u00e3o.<\/p>\n\n\n\n<p>Um homem de 38 anos, que seria o traficante e suspeito de assassinatos motivados por d\u00edvida de drogas, foi preso na cidade de S\u00e3o Rom\u00e3o. Uma mulher, de 41 anos, que seria a fornecedora do traficante, tamb\u00e9m foi presa pela Pol\u00edcia Civil na cidade de V\u00e1rzea da Palma.<\/p>\n\n\n\n<p>Atrav\u00e9s de procedimentos investigativos, como an\u00e1lise de v\u00ednculos e extra\u00e7\u00e3o de informa\u00e7\u00f5es contidas no aparelho celular do traficante, a Pol\u00edcia conseguiu obter provas que subsidiaram pedidos dos mandados de pris\u00e3o e de busca e apreens\u00e3o, al\u00e9m de definir o papel de cada alvo nessa quadrilha, o que resultou no deferimento das medidas cautelares pelo Poder Judici\u00e1rio.<\/p>\n\n\n\n<p>Foram apreendidos v\u00e1rios objetos, entre aparelhos celulares, drogas e dinheiro, al\u00e9m de um ve\u00edculo que de acordo com as investiga\u00e7\u00f5es seria utilizado no tr\u00e1fico pelos criminosos.<\/p>\n\n\n\n<p>Ao total, foram conduzidas seis pessoas pelo envolvimento nos crimes, dos quais dois permaneceram presos \u00e0 disposi\u00e7\u00e3o da Justi\u00e7a.<\/p>\n\n\n\n<p>A opera\u00e7\u00e3o contou com o refor\u00e7o de mais de 25 policiais civis de toda a Delegacia Regional de Pirapora, sete viaturas e apoio da Pol\u00edcia Militar de S\u00e3o Rom\u00e3o. A a\u00e7\u00e3o coordenada e conjunta foi primordial para que os mandados fossem cumpridos com \u00eaxito e agilidade.<\/p>\n\n\n\n<p>\u201cCom esta a\u00e7\u00e3o, a Pol\u00edcia Civil mais uma vez refor\u00e7a o seu comprometimento no combate \u00e0 criminalidade organizada, redu\u00e7\u00e3o dos \u00edndices estat\u00edsticos e promo\u00e7\u00e3o da Seguran\u00e7a P\u00fablica\u201d, destacou o Delegado Regional Diego Casemiro da Silva.<\/p>\n\n\n\n<figure class=\"wp-block-gallery columns-1 is-cropped wp-block-gallery-1 is-layout-flex wp-block-gallery-is-layout-flex\"><ul class=\"blocks-gallery-grid\"><li class=\"blocks-gallery-item\"><figure><img loading=\"lazy\" decoding=\"async\" width=\"631\" height=\"450\" src=\"http:\/\/aconteceunovale.com.br\/portal\/wp-content\/uploads\/2020\/05\/operacao_soberbus.jpg\" alt=\"\" data-id=\"161912\" data-full-url=\"http:\/\/aconteceunovale.com.br\/portal\/wp-content\/uploads\/2020\/05\/operacao_soberbus.jpg\" data-link=\"http:\/\/aconteceunovale.com.br\/portal\/?attachment_id=161912\" class=\"wp-image-161912\" srcset=\"https:\/\/aconteceunovale.com.br\/portal\/wp-content\/uploads\/2020\/05\/operacao_soberbus.jpg 631w, https:\/\/aconteceunovale.com.br\/portal\/wp-content\/uploads\/2020\/05\/operacao_soberbus-300x214.jpg 300w, https:\/\/aconteceunovale.com.br\/portal\/wp-content\/uploads\/2020\/05\/operacao_soberbus-100x70.jpg 100w, https:\/\/aconteceunovale.com.br\/portal\/wp-content\/uploads\/2020\/05\/operacao_soberbus-589x420.jpg 589w\" sizes=\"auto, (max-width: 631px) 100vw, 631px\" \/><figcaption class=\"blocks-gallery-item__caption\"><em>Foto: Divulga\u00e7\u00e3o\/PCMG<\/em><\/figcaption><\/figure><\/li><\/ul><\/figure>\n\n\n\n<p class=\"has-background has-very-light-gray-background-color\">Quer saber as not\u00edcias do <strong>Aconteceu no Vale<\/strong> em primeira m\u00e3o? Siga-nos no Facebook <a rel=\"noreferrer noopener\" href=\"http:\/\/facebook.com\/aconteceunovale\" target=\"_blank\">@aconteceunovale<\/a>, Twitter <a rel=\"noreferrer noopener\" href=\"https:\/\/twitter.com\/noticiadosvales\" target=\"_blank\">@noticiadosvales<\/a> e Instagram <a rel=\"noreferrer noopener\" href=\"https:\/\/www.instagram.com\/aconteceunovale\" target=\"_blank\">@aconteceunovale<\/a>.<\/p>\n","protected":false},"excerpt":{"rendered":"<p>A Pol\u00edcia Civil de Minas Gerais (PCMG), por interm\u00e9dio da Delegacia Regional de Pol\u00edcia Civil em Pirapora, deflagrou nesta quinta-feira (30\/04\/2020), nos munic\u00edpios de S\u00e3o Rom\u00e3o e V\u00e1rzea da Palma, a opera\u00e7\u00e3o \u201cSoberbus\u201d. Foram presos dois suspeitos de tr\u00e1fico de drogas e efetuados cinco mandados de busca e apreens\u00e3o. Um homem de 38 anos, que [&hellip;]<\/p>\n","protected":false},"author":1,"featured_media":161912,"comment_status":"open","ping_status":"closed","sticky":false,"template":"","format":"standard","meta":{"amp_status":"","footnotes":""},"categories":[1236],"tags":[221129,221128,221127,221130,604,254,221126,150661,1811,1340],"class_list":["post-161911","post","type-post","status-publish","format-standard","has-post-thumbnail","hentry","category-norte_de_minas","tag-delegado-diego-casemiro-da-silva","tag-operacao-soberbus","tag-operacao-soberbus-combate-trafico-de-drogas-em-sao-romao-e-varzea-da-palma","tag-operacao-soberbus-combate-trafico-de-drogas-no-norte-de-minas","tag-pcmg","tag-pirapora","tag-presa-em-varzea-da-palma","tag-preso-em-sao-romao","tag-sao-romao","tag-varzea-da-palma"],"_links":{"self":[{"href":"https:\/\/aconteceunovale.com.br\/portal\/index.php?rest_route=\/wp\/v2\/posts\/161911","targetHints":{"allow":["GET"]}}],"collection":[{"href":"https:\/\/aconteceunovale.com.br\/portal\/index.php?rest_route=\/wp\/v2\/posts"}],"about":[{"href":"https:\/\/aconteceunovale.com.br\/portal\/index.php?rest_route=\/wp\/v2\/types\/post"}],"author":[{"embeddable":true,"href":"https:\/\/aconteceunovale.com.br\/portal\/index.php?rest_route=\/wp\/v2\/users\/1"}],"replies":[{"embeddable":true,"href":"https:\/\/aconteceunovale.com.br\/portal\/index.php?rest_route=%2Fwp%2Fv2%2Fcomments&post=161911"}],"version-history":[{"count":1,"href":"https:\/\/aconteceunovale.com.br\/portal\/index.php?rest_route=\/wp\/v2\/posts\/161911\/revisions"}],"predecessor-version":[{"id":161913,"href":"https:\/\/aconteceunovale.com.br\/portal\/index.php?rest_route=\/wp\/v2\/posts\/161911\/revisions\/161913"}],"wp:featuredmedia":[{"embeddable":true,"href":"https:\/\/aconteceunovale.com.br\/portal\/index.php?rest_route=\/wp\/v2\/media\/161912"}],"wp:attachment":[{"href":"https:\/\/aconteceunovale.com.br\/portal\/index.php?rest_route=%2Fwp%2Fv2%2Fmedia&parent=161911"}],"wp:term":[{"taxonomy":"category","embeddable":true,"href":"https:\/\/aconteceunovale.com.br\/portal\/index.php?rest_route=%2Fwp%2Fv2%2Fcategories&post=161911"},{"taxonomy":"post_tag","embeddable":true,"href":"https:\/\/aconteceunovale.com.br\/portal\/index.php?rest_route=%2Fwp%2Fv2%2Ftags&post=161911"}],"curies":[{"name":"wp","href":"https:\/\/api.w.org\/{rel}","templated":true}]}}