{"id":161908,"date":"2020-05-01T00:12:21","date_gmt":"2020-05-01T03:12:21","guid":{"rendered":"http:\/\/aconteceunovale.com.br\/portal\/?p=161908"},"modified":"2020-05-01T00:12:49","modified_gmt":"2020-05-01T03:12:49","slug":"suspeito-de-tentativa-de-homicidio-no-municipio-de-minas-novas-e-preso-pela-policia-civil","status":"publish","type":"post","link":"https:\/\/aconteceunovale.com.br\/portal\/?p=161908","title":{"rendered":"Suspeito de tentativa de homic\u00eddio no munic\u00edpio de Minas Novas \u00e9 preso pela Pol\u00edcia Civil"},"content":{"rendered":"\n<p>A Pol\u00edcia Civil de Minas Gerais (PCMG) cumpriu nesta quinta-feira (30\/04\/2020) mandado de pris\u00e3o preventiva em desfavor de um homem, de 56 anos, suspeito de cometer tentativa de homic\u00eddio no munic\u00edpio de Minas Novas. Um filho dele, de 26, foi indiciado por coautoria do crime.<\/p>\n\n\n\n<p>A tentativa de homic\u00eddio ocorreu no dia 19 de mar\u00e7o, em uma carvoeira situada em um local conhecido como Fanha, na zona rural de Minas Novas, onde pai e filho teriam utilizado armas de fogo e fac\u00e3o para tentar matar um homem, de 46 anos, devido a uma suposta d\u00edvida entre eles. A dupla fugiu do local ap\u00f3s cometerem o crime, que ocorreu na presen\u00e7a de duas testemunhas, que confirmaram os fatos. A v\u00edtima sofreu diversas les\u00f5es, mas foi socorrida at\u00e9 o hospital e conseguiu sobreviver.<\/p>\n\n\n\n<p>Ap\u00f3s o crime, durante as investiga\u00e7\u00f5es, o suspeito preso estaria amea\u00e7ando atentar novamente contra a vida da v\u00edtima alegando que tinha adquirido uma nova arma para cometer o assassinato. Por isso, foi representada pela pris\u00e3o preventiva dele perante o Poder Judici\u00e1rio.<\/p>\n\n\n\n<p>Al\u00e9m disso, tamb\u00e9m foram cumpridos dois mandados de busca e apreens\u00e3o, que resultaram na localiza\u00e7\u00e3o de um rev\u00f3lver calibre 38 e oito muni\u00e7\u00f5es em posse do preso. Na resid\u00eancia dele, foi apreendido um fac\u00e3o, uma faca t\u00e1tica, um canivete e celular. J\u00e1 no s\u00edtio deles, foi encontrada uma muni\u00e7\u00e3o calibre 28 deflagrada.<\/p>\n\n\n\n<p>A opera\u00e7\u00e3o foi realizada por policiais da Delegacia de Pol\u00edcia Civil em Minas Novas, com o apoio da Delegacia de Pol\u00edcia Civil em Turmalina.<\/p>\n\n\n\n<figure class=\"wp-block-gallery columns-1 is-cropped wp-block-gallery-1 is-layout-flex wp-block-gallery-is-layout-flex\"><ul class=\"blocks-gallery-grid\"><li class=\"blocks-gallery-item\"><figure><img loading=\"lazy\" decoding=\"async\" width=\"678\" height=\"401\" src=\"http:\/\/aconteceunovale.com.br\/portal\/wp-content\/uploads\/2020\/05\/armas_minas_novas.jpeg\" alt=\"\" data-id=\"161909\" data-full-url=\"http:\/\/aconteceunovale.com.br\/portal\/wp-content\/uploads\/2020\/05\/armas_minas_novas.jpeg\" data-link=\"http:\/\/aconteceunovale.com.br\/portal\/?attachment_id=161909\" class=\"wp-image-161909\" srcset=\"https:\/\/aconteceunovale.com.br\/portal\/wp-content\/uploads\/2020\/05\/armas_minas_novas.jpeg 678w, https:\/\/aconteceunovale.com.br\/portal\/wp-content\/uploads\/2020\/05\/armas_minas_novas-300x177.jpeg 300w\" sizes=\"auto, (max-width: 678px) 100vw, 678px\" \/><figcaption class=\"blocks-gallery-item__caption\"><em>Foto: Divulga\u00e7\u00e3o\/PCMG<\/em><\/figcaption><\/figure><\/li><\/ul><\/figure>\n\n\n\n<p class=\"has-background has-very-light-gray-background-color\">Quer saber as not\u00edcias do <strong>Aconteceu no Vale<\/strong> em primeira m\u00e3o? Siga-nos no Facebook <a rel=\"noreferrer noopener\" href=\"http:\/\/facebook.com\/aconteceunovale\" target=\"_blank\">@aconteceunovale<\/a>, Twitter <a rel=\"noreferrer noopener\" href=\"https:\/\/twitter.com\/noticiadosvales\" target=\"_blank\">@noticiadosvales<\/a> e Instagram <a rel=\"noreferrer noopener\" href=\"https:\/\/www.instagram.com\/aconteceunovale\" target=\"_blank\">@aconteceunovale<\/a>.<\/p>\n","protected":false},"excerpt":{"rendered":"<p>A Pol\u00edcia Civil de Minas Gerais (PCMG) cumpriu nesta quinta-feira (30\/04\/2020) mandado de pris\u00e3o preventiva em desfavor de um homem, de 56 anos, suspeito de cometer tentativa de homic\u00eddio no munic\u00edpio de Minas Novas. Um filho dele, de 26, foi indiciado por coautoria do crime. A tentativa de homic\u00eddio ocorreu no dia 19 de mar\u00e7o, [&hellip;]<\/p>\n","protected":false},"author":1,"featured_media":161909,"comment_status":"open","ping_status":"closed","sticky":false,"template":"","format":"standard","meta":{"amp_status":"","footnotes":""},"categories":[120],"tags":[221125,212436,137,604,46301,205914,221123,221122,221124],"class_list":["post-161908","post","type-post","status-publish","format-standard","has-post-thumbnail","hentry","category-jequi","tag-delegacia-de-minas-novas","tag-delegacia-de-policia-civil-de-minas-novas","tag-minas-novas","tag-pcmg","tag-policia-civil-de-minas-novas","tag-preso-em-minas-novas","tag-preso-por-tentativa-de-homicidio-em-minas-novas","tag-suspeito-de-tentativa-de-homicidio-no-municipio-de-minas-novas-e-preso-pela-policia-civil","tag-tentativa-de-homicidio-em-minas-novas"],"_links":{"self":[{"href":"https:\/\/aconteceunovale.com.br\/portal\/index.php?rest_route=\/wp\/v2\/posts\/161908","targetHints":{"allow":["GET"]}}],"collection":[{"href":"https:\/\/aconteceunovale.com.br\/portal\/index.php?rest_route=\/wp\/v2\/posts"}],"about":[{"href":"https:\/\/aconteceunovale.com.br\/portal\/index.php?rest_route=\/wp\/v2\/types\/post"}],"author":[{"embeddable":true,"href":"https:\/\/aconteceunovale.com.br\/portal\/index.php?rest_route=\/wp\/v2\/users\/1"}],"replies":[{"embeddable":true,"href":"https:\/\/aconteceunovale.com.br\/portal\/index.php?rest_route=%2Fwp%2Fv2%2Fcomments&post=161908"}],"version-history":[{"count":1,"href":"https:\/\/aconteceunovale.com.br\/portal\/index.php?rest_route=\/wp\/v2\/posts\/161908\/revisions"}],"predecessor-version":[{"id":161910,"href":"https:\/\/aconteceunovale.com.br\/portal\/index.php?rest_route=\/wp\/v2\/posts\/161908\/revisions\/161910"}],"wp:featuredmedia":[{"embeddable":true,"href":"https:\/\/aconteceunovale.com.br\/portal\/index.php?rest_route=\/wp\/v2\/media\/161909"}],"wp:attachment":[{"href":"https:\/\/aconteceunovale.com.br\/portal\/index.php?rest_route=%2Fwp%2Fv2%2Fmedia&parent=161908"}],"wp:term":[{"taxonomy":"category","embeddable":true,"href":"https:\/\/aconteceunovale.com.br\/portal\/index.php?rest_route=%2Fwp%2Fv2%2Fcategories&post=161908"},{"taxonomy":"post_tag","embeddable":true,"href":"https:\/\/aconteceunovale.com.br\/portal\/index.php?rest_route=%2Fwp%2Fv2%2Ftags&post=161908"}],"curies":[{"name":"wp","href":"https:\/\/api.w.org\/{rel}","templated":true}]}}