{"id":161893,"date":"2020-04-30T21:20:16","date_gmt":"2020-05-01T00:20:16","guid":{"rendered":"http:\/\/aconteceunovale.com.br\/portal\/?p=161893"},"modified":"2020-04-30T21:20:44","modified_gmt":"2020-05-01T00:20:44","slug":"violencia-domestica-em-minas-gerais-podera-ser-denunciada-por-meio-virtual","status":"publish","type":"post","link":"https:\/\/aconteceunovale.com.br\/portal\/?p=161893","title":{"rendered":"Viol\u00eancia dom\u00e9stica em Minas Gerais poder\u00e1 ser denunciada por meio virtual"},"content":{"rendered":"\n<p>Casos de viol\u00eancia familiar e dom\u00e9stica poder\u00e3o ser denunciados por meio da Delegacia Virtual de Minas Gerais enquanto durar o estado de calamidade p\u00fablica\u00a0decorrente da pandemia de Covid-19.<\/p>\n\n\n\n<p>\u00c9 o que prev\u00ea o\u00a0<a href=\"https:\/\/www.almg.gov.br\/atividade_parlamentar\/tramitacao_projetos\/interna.html?a=2020&amp;n=1876&amp;t=PL&amp;aba=js_tabVisao\" target=\"_blank\" rel=\"noreferrer noopener\">Projeto de Lei (PL) 1.876\/20<\/a>, da deputada Mar\u00edlia Campos (PT), aprovado pelo Plen\u00e1rio da Assembleia Legislativa de Minas Gerais (ALMG) nesta quinta-feira (30\/4\/20),\u00a0em Reuni\u00e3o Extraordin\u00e1ria com\u00a0vota\u00e7\u00e3o remota\u00a0conduzida pelo presidente Agostinho Patrus (PV).<\/p>\n\n\n\n<p>Tamb\u00e9m foi aprovado o\u00a0<a rel=\"noreferrer noopener\" href=\"https:\/\/www.almg.gov.br\/atividade_parlamentar\/tramitacao_projetos\/interna.html?a=2019&amp;n=1054&amp;t=PL&amp;aba=js_tabVisao\" target=\"_blank\">PL 1.054\/19<\/a>, dos deputados Charles Santos e Mauro Tramonte, ambos do Republicanos,\u00a0que obriga condom\u00ednios residenciais a informarem aos \u00f3rg\u00e3os de seguran\u00e7a sobre epis\u00f3dios ou ind\u00edcios de viol\u00eancia dom\u00e9stica em suas depend\u00eancias\u00a0comuns e privativas.<\/p>\n\n\n\n<p>Ambas as proposi\u00e7\u00f5es buscam contribuir para o\u00a0enfrentamento da viol\u00eancia familiar e dom\u00e9stica durante o isolamento social\u00a0imposto pela pandemia causada pelo novo coronav\u00edrus. Elas foram aprovadas, em turno \u00fanico, com altera\u00e7\u00f5es.<\/p>\n\n\n\n<p>O relator das mat\u00e9rias, deputado C\u00e1ssio Soares (PSD), citou informa\u00e7\u00e3o da\u00a0Organiza\u00e7\u00e3o das Na\u00e7\u00f5es Unidas (ONU) sobre o aumento do n\u00famero de casos de viol\u00eancia e abuso no mundo, em fun\u00e7\u00e3o das press\u00f5es econ\u00f4micas e sociais inerentes ao isolamento.<\/p>\n\n\n\n<p>C\u00e1ssio Soares mencionou, ainda, dados do relat\u00f3rio da ouvidoria do Minist\u00e9rio da Mulher, da Fam\u00edlia e dos Direitos Humanos, que apontam aumento no n\u00famero de den\u00fancias de viola\u00e7\u00f5es contra pessoas vulner\u00e1veis no m\u00eas de mar\u00e7o.<\/p>\n\n\n\n<p><strong>Novo texto amplia rol de den\u00fancias<\/strong><\/p>\n\n\n\n<p>Originalmente, o PL 1.876\/20 tratava apenas da den\u00fancia virtual de viol\u00eancia contra a mulher e trazia os procedimentos a serem adotados pela autoridade policial na condu\u00e7\u00e3o da den\u00fancia.<\/p>\n\n\n\n<p>Acatando sugest\u00f5es dos deputados Elismar Prado (Pros), Mauro Tramonte e Guilherme da Cunha (Novo), o relator apresentou o substitutivo n\u00ba 1,\u00a0estendendo a possibilidade de den\u00fancia virtual tamb\u00e9m para casos de viol\u00eancia contra crian\u00e7a, adolescente, idoso e pessoas com defici\u00eancia.<\/p>\n\n\n\n<p>Ainda segundo o texto, os procedimentos para atendimento das v\u00edtimas dos atos de viol\u00eancia ser\u00e3o regulamentados pelo Executivo.<\/p>\n\n\n\n<p><strong>Condom\u00ednios &#8211;&nbsp;<\/strong>J\u00e1 o substitutivo n\u00ba 1 ao PL 1.054\/19, tamb\u00e9m apresentado pelo&nbsp;deputado C\u00e1ssio Soares, incorporou sugest\u00f5es da deputada Ione Pinheiro (DEM) e dos deputados Elismar Prado, Guilherme da Cunha e Gustavo Santana (PL). Al\u00e9m de adequa\u00e7\u00f5es quanto \u00e0 t\u00e9cnica legislativa, o novo texto fez altera\u00e7\u00f5es de conte\u00fado.<\/p>\n\n\n\n<p>Uma delas foi a\u00a0retirada do artigo 2\u00ba do texto original, que previa a aplica\u00e7\u00e3o de penalidades ao condom\u00ednio infrator. O relator entendeu que a proposi\u00e7\u00e3o deve ter, principalmente, car\u00e1ter pedag\u00f3gico, e n\u00e3o punitivo.<\/p>\n\n\n\n<p>O substitutivo&nbsp;retirou tamb\u00e9m a men\u00e7\u00e3o a prazos para as den\u00fancias, mas passou a exigir que a comunica\u00e7\u00e3o feita pelo condom\u00ednio contenha informa\u00e7\u00f5es que permitam a identifica\u00e7\u00e3o da v\u00edtima e do autor de viol\u00eancia.<\/p>\n\n\n\n<p>A proposta\u00a0ainda obriga a afixa\u00e7\u00e3o, nas \u00e1reas de uso comum dos condom\u00ednios residenciais, de cartazes, placas ou comunicados que incentivem os cond\u00f4minos a notificar sobre ocorr\u00eancia ou ind\u00edcio de ocorr\u00eancia de viol\u00eancia dom\u00e9stica e familiar.<\/p>\n\n\n\n<p class=\"has-background has-very-light-gray-background-color\">Quer saber as not\u00edcias do <strong>Aconteceu no Vale<\/strong> em primeira m\u00e3o? Siga-nos no Facebook <a rel=\"noreferrer noopener\" href=\"http:\/\/facebook.com\/aconteceunovale\" target=\"_blank\">@aconteceunovale<\/a>, Twitter <a rel=\"noreferrer noopener\" href=\"https:\/\/twitter.com\/noticiadosvales\" target=\"_blank\">@noticiadosvales<\/a> e Instagram <a rel=\"noreferrer noopener\" href=\"https:\/\/www.instagram.com\/aconteceunovale\" target=\"_blank\">@aconteceunovale<\/a>.<\/p>\n","protected":false},"excerpt":{"rendered":"<p>Casos de viol\u00eancia familiar e dom\u00e9stica poder\u00e3o ser denunciados por meio da Delegacia Virtual de Minas Gerais enquanto durar o estado de calamidade p\u00fablica\u00a0decorrente da pandemia de Covid-19. \u00c9 o que prev\u00ea o\u00a0Projeto de Lei (PL) 1.876\/20, da deputada Mar\u00edlia Campos (PT), aprovado pelo Plen\u00e1rio da Assembleia Legislativa de Minas Gerais (ALMG) nesta quinta-feira (30\/4\/20),\u00a0em [&hellip;]<\/p>\n","protected":false},"author":1,"featured_media":136710,"comment_status":"open","ping_status":"closed","sticky":false,"template":"","format":"standard","meta":{"amp_status":"","footnotes":""},"categories":[123],"tags":[752,221109,131434,3225,221107,141433,221106,221108],"class_list":["post-161893","post","type-post","status-publish","format-standard","has-post-thumbnail","hentry","category-gerais","tag-almg","tag-aplicativo-para-denuncia-de-violencia-domestica-em-minas-gerais","tag-assembleia-de-minas","tag-delegacia-virtual-de-minas-gerais","tag-denuncia-de-violencia-domestica-em-minas-gerais","tag-violencia-domestica-em-minas-gerais","tag-violencia-domestica-em-minas-gerais-em-meio-virtual","tag-violencia-domestica-em-minas-gerais-podera-ser-denunciada-por-meio-virtual"],"_links":{"self":[{"href":"https:\/\/aconteceunovale.com.br\/portal\/index.php?rest_route=\/wp\/v2\/posts\/161893","targetHints":{"allow":["GET"]}}],"collection":[{"href":"https:\/\/aconteceunovale.com.br\/portal\/index.php?rest_route=\/wp\/v2\/posts"}],"about":[{"href":"https:\/\/aconteceunovale.com.br\/portal\/index.php?rest_route=\/wp\/v2\/types\/post"}],"author":[{"embeddable":true,"href":"https:\/\/aconteceunovale.com.br\/portal\/index.php?rest_route=\/wp\/v2\/users\/1"}],"replies":[{"embeddable":true,"href":"https:\/\/aconteceunovale.com.br\/portal\/index.php?rest_route=%2Fwp%2Fv2%2Fcomments&post=161893"}],"version-history":[{"count":1,"href":"https:\/\/aconteceunovale.com.br\/portal\/index.php?rest_route=\/wp\/v2\/posts\/161893\/revisions"}],"predecessor-version":[{"id":161894,"href":"https:\/\/aconteceunovale.com.br\/portal\/index.php?rest_route=\/wp\/v2\/posts\/161893\/revisions\/161894"}],"wp:featuredmedia":[{"embeddable":true,"href":"https:\/\/aconteceunovale.com.br\/portal\/index.php?rest_route=\/wp\/v2\/media\/136710"}],"wp:attachment":[{"href":"https:\/\/aconteceunovale.com.br\/portal\/index.php?rest_route=%2Fwp%2Fv2%2Fmedia&parent=161893"}],"wp:term":[{"taxonomy":"category","embeddable":true,"href":"https:\/\/aconteceunovale.com.br\/portal\/index.php?rest_route=%2Fwp%2Fv2%2Fcategories&post=161893"},{"taxonomy":"post_tag","embeddable":true,"href":"https:\/\/aconteceunovale.com.br\/portal\/index.php?rest_route=%2Fwp%2Fv2%2Ftags&post=161893"}],"curies":[{"name":"wp","href":"https:\/\/api.w.org\/{rel}","templated":true}]}}