{"id":161891,"date":"2020-04-30T21:08:10","date_gmt":"2020-05-01T00:08:10","guid":{"rendered":"http:\/\/aconteceunovale.com.br\/portal\/?p=161891"},"modified":"2020-04-30T21:11:19","modified_gmt":"2020-05-01T00:11:19","slug":"assembleia-de-minas-reconhece-calamidade-em-belo-horizonte-e-outras-55-cidades","status":"publish","type":"post","link":"https:\/\/aconteceunovale.com.br\/portal\/?p=161891","title":{"rendered":"Assembleia de Minas reconhece calamidade em Belo Horizonte e outras 55 cidades"},"content":{"rendered":"\n<p>A Assembleia Legislativa de Minas Gerais (ALMG) aprovou, nesta quinta-feira (30\/04\/2020), proposi\u00e7\u00e3o que\u00a0reconhece o estado de calamidade p\u00fablica em Belo Horizonte e em outros 55 munic\u00edpios mineiros, em decorr\u00eancia da pandemia causada pelo novo coronav\u00edrus.<\/p>\n\n\n\n<p>O\u00a0<a rel=\"noreferrer noopener\" href=\"https:\/\/www.almg.gov.br\/atividade_parlamentar\/tramitacao_projetos\/interna.html?a=2020&amp;n=92&amp;t=PRE\" target=\"_blank\">Projeto de Resolu\u00e7\u00e3o (PRE) 92\/20<\/a>, de autoria da Mesa da Assembleia, foi aprovado na forma original. A Reuni\u00e3o Extraordin\u00e1ria do Plen\u00e1rio utilizou recursos t\u00e9cnicos que permitem a delibera\u00e7\u00e3o e\u00a0vota\u00e7\u00e3o por meio remoto\u00a0e em turno \u00fanico, a fim de cumprir as recomenda\u00e7\u00f5es de isolamento social que visam \u00e0 conten\u00e7\u00e3o da pandemia de Covid-19.<\/p>\n\n\n\n<p>O relator designado em Plen\u00e1rio para o projeto, deputado C\u00e1ssio Soares (PSD), n\u00e3o prop\u00f4s qualquer altera\u00e7\u00e3o no texto elaborado pela Mesa, que englobou solicita\u00e7\u00f5es encaminhadas por 56 prefeituras. \u201cTrata-se de medida necess\u00e1ria em face do cen\u00e1rio instaurado pela pandemia do coronav\u00edrus (Covid-19), j\u00e1 que os seus\u00a0impactos transcendem a sa\u00fade p\u00fablica\u00a0e afetam a vida de toda a sociedade\u201d, avaliou o deputado, em seu parecer.<\/p>\n\n\n\n<p>O PRE 92\/20 reconhece o estado de calamidade p\u00fablica nos 56 munic\u00edpios que menciona pelo\u00a0prazo de 120 dias, a partir da data de entrada em vigor do respectivo decreto municipal. Esse reconhecimento poder\u00e1 ser prorrogado pela Assembleia Legislativa enquanto durarem os efeitos da pandemia no munic\u00edpio.<\/p>\n\n\n\n<p>Apesar de os decretos de calamidade p\u00fablica de Belo Horizonte e das demais cidades j\u00e1 estarem em vig\u00eancia, as prefeituras precisam da aprova\u00e7\u00e3o da ALMG para obter o direito de suspens\u00e3o de prazos e limites referentes a despesas com pessoal e d\u00edvida p\u00fablica fixados pela\u00a0<a href=\"http:\/\/www.planalto.gov.br\/ccivil_03\/leis\/lcp\/lcp101.htm\" target=\"_blank\" rel=\"noreferrer noopener\">Lei de Responsabilidade Fiscal (LRF)<\/a>.<\/p>\n\n\n\n<p><strong>Munic\u00edpios &#8211;\u00a0<\/strong>Al\u00e9m da Capital mineira, o projeto aprovado abrange tamb\u00e9m os seguintes munic\u00edpios da\u00a0Regi\u00e3o Central\u00a0(incluindo aqueles inseridos na Regi\u00e3o Metropolitana de Belo Horizonte): Abaet\u00e9, Caet\u00e9, Ibirit\u00e9, Itabira, Itaguara, Jaboticatubas, Jo\u00e3o Monlevade, Lagoa Santa, M\u00e1rio Campos, Matozinhos, Morro da Gar\u00e7a, Nazareno, Pedro Leopoldo, Ribeir\u00e3o das Neves, Santa Luzia, S\u00e3o Jo\u00e3o del-Rei e S\u00e3o Jos\u00e9 da Lapa.<\/p>\n\n\n\n<p>No\u00a0Centro-Oeste\u00a0mineiro, o PRE 92\/20 trata tamb\u00e9m de Arcos, Bom Despacho, Campo Belo, Itapecerica, Nova Serrana e S\u00e3o Gotardo. Nos\u00a0Vales do Jequitinhonha e do Mucuri, est\u00e3o inclu\u00eddos no projeto os munic\u00edpios de Almenara, Nanuque, Novo Cruzeiro e Te\u00f3filo Otoni.<\/p>\n\n\n\n<p>Na\u00a0Zona da Mata, o projeto abrange Bicas, Goian\u00e1, Manhua\u00e7u, Pirapetinga, Porto Firme e Vi\u00e7osa. No\u00a0Norte de Minas, Espinosa, Montes Claros, Monte Azul e S\u00e3o Francisco. No\u00a0Vale do Rio Doce, Governador Valadares e Santana do Para\u00edso.<\/p>\n\n\n\n<p>No\u00a0Sul de Minas, Alfenas, Cambu\u00ed, Cambuquira, Carmo da Cachoeira, Extrema, Guaran\u00e9sia, Itajub\u00e1, Itanhandu, Santos Dumont e S\u00e3o Sebasti\u00e3o do Para\u00edso. No\u00a0Tri\u00e2ngulo Mineiro, os munic\u00edpios de Araguari, Centralina e Concei\u00e7\u00e3o das Alagoas. E no\u00a0Alto Parana\u00edba, Campos Altos, Coromandel e Serra do Salitre.<\/p>\n\n\n\n<p>Outros munic\u00edpios que precisem do reconhecimento dessa situa\u00e7\u00e3o excepcional para o enfrentamento da epidemia devem encaminhar of\u00edcio, acompanhado do decreto de estado de calamidade, \u00e0 Secretaria-Geral da Mesa da Assembleia (no endere\u00e7o eletr\u00f4nico\u00a0recebimento.sgm@almg.gov.br).\u00a0Ambos os documentos devem estar em formato edit\u00e1vel (.doc ou .odt), a fim de viabilizar a publica\u00e7\u00e3o no\u00a0<a href=\"https:\/\/www.almg.gov.br\/consulte\/arquivo_diario_legislativo\/index.html\" target=\"_blank\" rel=\"noreferrer noopener\">Di\u00e1rio do Legislativo<\/a>.<\/p>\n\n\n\n<p class=\"has-background has-very-light-gray-background-color\">Quer saber as not\u00edcias do <strong>Aconteceu no Vale<\/strong> em primeira m\u00e3o? Siga-nos no Facebook <a rel=\"noreferrer noopener\" href=\"http:\/\/facebook.com\/aconteceunovale\" target=\"_blank\">@aconteceunovale<\/a>, Twitter <a rel=\"noreferrer noopener\" href=\"https:\/\/twitter.com\/noticiadosvales\" target=\"_blank\">@noticiadosvales<\/a> e Instagram <a rel=\"noreferrer noopener\" href=\"https:\/\/www.instagram.com\/aconteceunovale\" target=\"_blank\">@aconteceunovale<\/a>.<\/p>\n","protected":false},"excerpt":{"rendered":"<p>A Assembleia Legislativa de Minas Gerais (ALMG) aprovou, nesta quinta-feira (30\/04\/2020), proposi\u00e7\u00e3o que\u00a0reconhece o estado de calamidade p\u00fablica em Belo Horizonte e em outros 55 munic\u00edpios mineiros, em decorr\u00eancia da pandemia causada pelo novo coronav\u00edrus. O\u00a0Projeto de Resolu\u00e7\u00e3o (PRE) 92\/20, de autoria da Mesa da Assembleia, foi aprovado na forma original. A Reuni\u00e3o Extraordin\u00e1ria do [&hellip;]<\/p>\n","protected":false},"author":1,"featured_media":155927,"comment_status":"open","ping_status":"closed","sticky":false,"template":"","format":"standard","meta":{"amp_status":"","footnotes":""},"categories":[121,123,1236,40240,40242,120,122],"tags":[1511,957,142,752,1490,1514,131434,221102,24358,1585,1510,6970,26332,1620,3687,1506,1626,1680,221103,24845,1521,214884,221104,216498,217739,1278,958,1588,247,12270,1494,202,6983,1544,10977,17303,2600,1102,10160,209,7524,1497,1277,210,4682,252,18471,1515,175,221105,218365,3065,1604,1754,3674,1498,2101,1530,1522,963,208085,26146,1548,50429,164,18771],"class_list":["post-161891","post","type-post","status-publish","format-standard","has-post-thumbnail","hentry","category-leste","category-gerais","category-norte_de_minas","category-politica-2","category-saude-2","category-jequi","category-mucuri","tag-abaete","tag-alfenas","tag-almenara","tag-almg","tag-araguari","tag-arcos","tag-assembleia-de-minas","tag-assembleia-de-minas-reconhece-calamidade-em-belo-horizonte-e-outras-55-cidades","tag-assembleia-legislativa-de-minas-gerais","tag-bicas","tag-bom-despacho","tag-caete","tag-cambui","tag-cambuquira","tag-campo-belo","tag-campos-altos","tag-carmo-da-cachoeira","tag-centralina","tag-cidades-em-situacao-de-calamidade-em-minas-gerais","tag-conceicao-das-alagoas","tag-coromandel","tag-coronavirus","tag-coronavirus-em-minas-gerias","tag-covid-19","tag-covid-19-em-minas-gerais","tag-espinosa","tag-extrema","tag-goiana","tag-governador-valadares","tag-guaranesia","tag-ibirite","tag-itabira","tag-itaguara","tag-itajuba","tag-itanhandu","tag-itapecerica","tag-jaboticatubas","tag-joao-monlevade","tag-lagoa-santa","tag-manhuacu","tag-mario-campos","tag-matozinhos","tag-monte-azul","tag-montes-claros","tag-morro-da-garca","tag-nanuque","tag-nazareno","tag-nova-serrana","tag-novo-cruzeiro","tag-pandemia-da-covid-19-em-minas-gerias","tag-pandemia-do-coronavirus","tag-pedro-leopoldo","tag-pirapetinga","tag-porto-firme","tag-ribeirao-das-neves","tag-santa-luzia","tag-santana-do-paraiso","tag-santos-dumont","tag-sao-francisco","tag-sao-gotardo","tag-sao-joao-del-rei-2","tag-sao-jose-da-lapa","tag-sao-sebastiao-do-paraiso","tag-serra-do-salitre","tag-teofilo-otoni","tag-vicosa"],"_links":{"self":[{"href":"https:\/\/aconteceunovale.com.br\/portal\/index.php?rest_route=\/wp\/v2\/posts\/161891","targetHints":{"allow":["GET"]}}],"collection":[{"href":"https:\/\/aconteceunovale.com.br\/portal\/index.php?rest_route=\/wp\/v2\/posts"}],"about":[{"href":"https:\/\/aconteceunovale.com.br\/portal\/index.php?rest_route=\/wp\/v2\/types\/post"}],"author":[{"embeddable":true,"href":"https:\/\/aconteceunovale.com.br\/portal\/index.php?rest_route=\/wp\/v2\/users\/1"}],"replies":[{"embeddable":true,"href":"https:\/\/aconteceunovale.com.br\/portal\/index.php?rest_route=%2Fwp%2Fv2%2Fcomments&post=161891"}],"version-history":[{"count":1,"href":"https:\/\/aconteceunovale.com.br\/portal\/index.php?rest_route=\/wp\/v2\/posts\/161891\/revisions"}],"predecessor-version":[{"id":161892,"href":"https:\/\/aconteceunovale.com.br\/portal\/index.php?rest_route=\/wp\/v2\/posts\/161891\/revisions\/161892"}],"wp:featuredmedia":[{"embeddable":true,"href":"https:\/\/aconteceunovale.com.br\/portal\/index.php?rest_route=\/wp\/v2\/media\/155927"}],"wp:attachment":[{"href":"https:\/\/aconteceunovale.com.br\/portal\/index.php?rest_route=%2Fwp%2Fv2%2Fmedia&parent=161891"}],"wp:term":[{"taxonomy":"category","embeddable":true,"href":"https:\/\/aconteceunovale.com.br\/portal\/index.php?rest_route=%2Fwp%2Fv2%2Fcategories&post=161891"},{"taxonomy":"post_tag","embeddable":true,"href":"https:\/\/aconteceunovale.com.br\/portal\/index.php?rest_route=%2Fwp%2Fv2%2Ftags&post=161891"}],"curies":[{"name":"wp","href":"https:\/\/api.w.org\/{rel}","templated":true}]}}