{"id":161889,"date":"2020-04-30T20:57:41","date_gmt":"2020-04-30T23:57:41","guid":{"rendered":"http:\/\/aconteceunovale.com.br\/portal\/?p=161889"},"modified":"2020-04-30T20:58:07","modified_gmt":"2020-04-30T23:58:07","slug":"eleitores-tem-ate-06-de-maio-para-fazerem-o-primeiro-titulo-transferencia-e-regularizacao","status":"publish","type":"post","link":"https:\/\/aconteceunovale.com.br\/portal\/?p=161889","title":{"rendered":"Eleitores t\u00eam at\u00e9 06 de maio para fazerem o primeiro t\u00edtulo, transfer\u00eancia e regulariza\u00e7\u00e3o"},"content":{"rendered":"\n<p>O dia 06 de maio marca o fechamento do cadastro eleitoral. Nessa data, termina o prazo para quem quer votar nas Elei\u00e7\u00f5es 2020 fazer a primeira via do t\u00edtulo, transfer\u00eancia de munic\u00edpio, atualiza\u00e7\u00e3o ou regulariza\u00e7\u00e3o do cadastro.<\/p>\n\n\n\n<p>Os atendimentos para esses servi\u00e7os podem ser solicitados no site do TRE, por meio do sistema\u00a0<a href=\"http:\/\/www.tre-mg.jus.br\/eleitor\/atendimento-eletronico-ao-eleitor\" target=\"_blank\" rel=\"noreferrer noopener\">T\u00edtulo Net<\/a>, inclusive no feriado desta sexta-feira (1\u00ba) e no fim de semana. O eleitor deve preencher o requerimento e anexar documento oficial de identidade, comprovante de endere\u00e7o, CPF (se tiver) e foto no estilo selfie segurando o documento de identidade ao lado do rosto. Homens que v\u00e3o solicitar a primeira via do t\u00edtulo tamb\u00e9m precisam anexar comprovante de quita\u00e7\u00e3o do servi\u00e7o militar (exig\u00eancia a partir de 18 anos at\u00e9 31 de dezembro do ano que completar 45 anos).<\/p>\n\n\n\n<p>Caso haja algum d\u00e9bito com a Justi\u00e7a Eleitoral, o cidad\u00e3o dever\u00e1\u00a0<a href=\"http:\/\/www.tre-mg.jus.br\/eleitor\/debitos-do-eleitor\" target=\"_blank\" rel=\"noreferrer noopener\">emitir a guia<\/a>\u00a0e fazer o pagamento antes de solicitar o atendimento por meio do T\u00edtulo Net. Ap\u00f3s concluir o procedimento, o eleitor pode\u00a0<a href=\"http:\/\/www.tre-mg.jus.br\/eleitor\/titulo-net\" target=\"_blank\" rel=\"noreferrer noopener\">acompanhar o andamento<\/a>\u00a0no pr\u00f3prio sistema.<\/p>\n\n\n\n<p>Se for necess\u00e1rio complementar ou corrigir algum documento, o cart\u00f3rio eleitoral entrar\u00e1 em contato com o eleitor. Por isso, \u00e9 essencial que todos preencham corretamente um n\u00famero de telefone. Confira todas as orienta\u00e7\u00f5es na\u00a0<a href=\"http:\/\/www.tre-mg.jus.br\/eleitor\/atendimento-eletronico-ao-eleitor\" target=\"_blank\" rel=\"noreferrer noopener\">p\u00e1gina do atendimento eletr\u00f4nico<\/a>\u00a0no site do TRE.<\/p>\n\n\n\n<p>O fechamento de cadastro \u00e9 previsto no artigo 91 da Lei 9.504\/1997. Quem perder o prazo s\u00f3 poder\u00e1 solicitar alistamento eleitoral, revis\u00e3o e transfer\u00eancia ap\u00f3s o pleito deste ano.<\/p>\n\n\n\n<p>Quem tiver d\u00favidas pode ligar para o Disque-Eleitor, pelos telefones 148 ou (31) 2116-3600. O servi\u00e7o funciona de segunda a sexta-feira, das 7h \u00e0s 19h. Nos dias 1\u00ba e 02 de maio (sexta e s\u00e1bado) o funcionamento ser\u00e1 das 8h \u00e0s 18h.<\/p>\n\n\n\n<p>&nbsp;<strong>Atendimento presencial e biometria<\/strong><\/p>\n\n\n\n<p>O expediente presencial est\u00e1 suspenso em todas as unidades do TRE desde o dia 19 de mar\u00e7o, por causa da gravidade da crise provocada pela pandemia do novo coronav\u00edrus. A suspens\u00e3o foi prorrogada por tempo indeterminado, conforme estabelece a\u00a0<a href=\"http:\/\/www.tre-mg.jus.br\/imprensa\/noticias-tre-mg\/arquivos\/portaria-conjunta-no-40-2020-pre\/rybena_pdf?file=http:\/\/www.tre-mg.jus.br\/imprensa\/noticias-tre-mg\/arquivos\/portaria-conjunta-no-40-2020-pre\/at_download\/file\" target=\"_blank\" rel=\"noreferrer noopener\">Portaria Conjunta n\u00ba 40\/2020<\/a>\u00a0(formato PDF).<\/p>\n\n\n\n<p>Devido \u00e0 suspens\u00e3o do atendimento presencial, n\u00e3o est\u00e1 havendo coleta de dados biom\u00e9tricos. O eleitor que solicitar atendimento pela internet e ainda n\u00e3o tiver cadastrado a biometria ser\u00e1 convocado posteriormente para se apresentar ao cart\u00f3rio eleitoral e fazer a coleta dos dados biom\u00e9tricos para valida\u00e7\u00e3o do documento.<\/p>\n\n\n\n<p>Entre os 175 munic\u00edpios mineiros que conclu\u00edram a revis\u00e3o biom\u00e9trica em 2019 e 2020, 148 foram beneficiados por uma\u00a0<a href=\"http:\/\/www.tre-mg.jus.br\/imprensa\/noticias-tre-mg\/2020\/Abril\/eleitores-de-148-municipios-que-nao-compareceram-a-revisao-biometrica-nao-terao-os-titulos-cancelados\" target=\"_blank\" rel=\"noreferrer noopener\">decis\u00e3o do TRE que suspendeu o cancelamento dos t\u00edtulos<\/a>\u00a0de eleitores que n\u00e3o fizeram o recadastramento dentro do prazo. Com a medida, cerca de 565 mil eleitores poder\u00e3o votar normalmente nas Elei\u00e7\u00f5es 2020, mas ter\u00e3o que regularizar a situa\u00e7\u00e3o ap\u00f3s o pleito. Nos outros 27 munic\u00edpios, o cancelamento de t\u00edtulos foi mantido.<\/p>\n\n\n\n<p><strong>Servi\u00e7os on-line<\/strong><\/p>\n\n\n\n<p>Al\u00e9m do atendimento eletr\u00f4nico, outros servi\u00e7os da Justi\u00e7a Eleitoral podem ser encontrados no site do TRE-MG e permanecer\u00e3o dispon\u00edveis. Confira:<\/p>\n\n\n\n<p>&#8211;\u00a0<a href=\"http:\/\/www.tre-mg.jus.br\/eleitor\/certidoes\/certidoes\" target=\"_blank\" rel=\"noreferrer noopener\">Certid\u00f5es<\/a>: emiss\u00e3o de certid\u00f5es de quita\u00e7\u00e3o eleitoral, filia\u00e7\u00e3o partid\u00e1ria, composi\u00e7\u00e3o partid\u00e1ria, crimes eleitorais e negativa de alistamento<\/p>\n\n\n\n<p>&#8211;\u00a0<a href=\"http:\/\/www.tre-mg.jus.br\/eleitor\/debitos-do-eleitor\" target=\"_blank\" rel=\"noreferrer noopener\">D\u00e9bitos do eleitor<\/a>: possibilita a emiss\u00e3o de guia para pagamento de multas eleitorais decorrentes de aus\u00eancia \u00e0s urnas e\/ou aos trabalhos eleitorais<\/p>\n\n\n\n<p>&#8211;\u00a0<a href=\"http:\/\/www.tre-mg.jus.br\/eleitor\/situacao-eleitoral\/situacao-eleitoral\" target=\"_blank\" rel=\"noreferrer noopener\">Situa\u00e7\u00e3o eleitoral<\/a>: consulta para verificar a exist\u00eancia de pend\u00eancias no cadastro<\/p>\n\n\n\n<p>&#8211;\u00a0<a href=\"http:\/\/www.tre-mg.jus.br\/eleitor\/titulo-e-local-de-votacao\/titulo-e-local-de-votacao\" target=\"_blank\" rel=\"noreferrer noopener\">T\u00edtulo e local de vota\u00e7\u00e3o<\/a>: consulta sobre os dados do t\u00edtulo de eleitor e local de vota\u00e7\u00e3o<\/p>\n\n\n\n<p>&#8211;\u00a0<a href=\"http:\/\/www.tre-mg.jus.br\/eleitor\/zonas-eleitorais\/consulta-enderecos-de-zonas-eleitorais\" target=\"_blank\" rel=\"noreferrer noopener\">E-mail dos cart\u00f3rios eleitorais<\/a>: consulta o endere\u00e7o, telefone e e-mail dos cart\u00f3rios eleitorais.<\/p>\n\n\n\n<p class=\"has-background has-very-light-gray-background-color\">Quer saber as not\u00edcias do <strong>Aconteceu no Vale<\/strong> em primeira m\u00e3o? Siga-nos no Facebook <a rel=\"noreferrer noopener\" href=\"http:\/\/facebook.com\/aconteceunovale\" target=\"_blank\">@aconteceunovale<\/a>, Twitter <a rel=\"noreferrer noopener\" href=\"https:\/\/twitter.com\/noticiadosvales\" target=\"_blank\">@noticiadosvales<\/a> e Instagram <a rel=\"noreferrer noopener\" href=\"https:\/\/www.instagram.com\/aconteceunovale\" target=\"_blank\">@aconteceunovale<\/a>.<\/p>\n","protected":false},"excerpt":{"rendered":"<p>O dia 06 de maio marca o fechamento do cadastro eleitoral. Nessa data, termina o prazo para quem quer votar nas Elei\u00e7\u00f5es 2020 fazer a primeira via do t\u00edtulo, transfer\u00eancia de munic\u00edpio, atualiza\u00e7\u00e3o ou regulariza\u00e7\u00e3o do cadastro. Os atendimentos para esses servi\u00e7os podem ser solicitados no site do TRE, por meio do sistema\u00a0T\u00edtulo Net, inclusive [&hellip;]<\/p>\n","protected":false},"author":1,"featured_media":160915,"comment_status":"open","ping_status":"closed","sticky":false,"template":"","format":"standard","meta":{"amp_status":"","footnotes":""},"categories":[215642,123,40240],"tags":[205329,213145,221101,221098,221097,78862,221100,221099,115951],"class_list":["post-161889","post","type-post","status-publish","format-standard","has-post-thumbnail","hentry","category-eleicoes-2020","category-gerais","category-politica-2","tag-eleicoes-2020","tag-eleicoes-municipais-2020","tag-prazo-para-cadastro-eleitoral","tag-prazo-para-fazer-primeiro-titulo-de-eleitor","tag-prazo-para-fazer-titulo","tag-prazo-para-fazer-titulo-de-eleitor","tag-prazo-para-regularizacao-de-titulo","tag-prazo-para-transferencia-de-titulo","tag-tre-mg"],"_links":{"self":[{"href":"https:\/\/aconteceunovale.com.br\/portal\/index.php?rest_route=\/wp\/v2\/posts\/161889","targetHints":{"allow":["GET"]}}],"collection":[{"href":"https:\/\/aconteceunovale.com.br\/portal\/index.php?rest_route=\/wp\/v2\/posts"}],"about":[{"href":"https:\/\/aconteceunovale.com.br\/portal\/index.php?rest_route=\/wp\/v2\/types\/post"}],"author":[{"embeddable":true,"href":"https:\/\/aconteceunovale.com.br\/portal\/index.php?rest_route=\/wp\/v2\/users\/1"}],"replies":[{"embeddable":true,"href":"https:\/\/aconteceunovale.com.br\/portal\/index.php?rest_route=%2Fwp%2Fv2%2Fcomments&post=161889"}],"version-history":[{"count":1,"href":"https:\/\/aconteceunovale.com.br\/portal\/index.php?rest_route=\/wp\/v2\/posts\/161889\/revisions"}],"predecessor-version":[{"id":161890,"href":"https:\/\/aconteceunovale.com.br\/portal\/index.php?rest_route=\/wp\/v2\/posts\/161889\/revisions\/161890"}],"wp:featuredmedia":[{"embeddable":true,"href":"https:\/\/aconteceunovale.com.br\/portal\/index.php?rest_route=\/wp\/v2\/media\/160915"}],"wp:attachment":[{"href":"https:\/\/aconteceunovale.com.br\/portal\/index.php?rest_route=%2Fwp%2Fv2%2Fmedia&parent=161889"}],"wp:term":[{"taxonomy":"category","embeddable":true,"href":"https:\/\/aconteceunovale.com.br\/portal\/index.php?rest_route=%2Fwp%2Fv2%2Fcategories&post=161889"},{"taxonomy":"post_tag","embeddable":true,"href":"https:\/\/aconteceunovale.com.br\/portal\/index.php?rest_route=%2Fwp%2Fv2%2Ftags&post=161889"}],"curies":[{"name":"wp","href":"https:\/\/api.w.org\/{rel}","templated":true}]}}