{"id":161885,"date":"2020-04-30T20:05:26","date_gmt":"2020-04-30T23:05:26","guid":{"rendered":"http:\/\/aconteceunovale.com.br\/portal\/?p=161885"},"modified":"2020-04-30T20:07:08","modified_gmt":"2020-04-30T23:07:08","slug":"sobe-para-16-o-numero-de-casos-confirmados-de-coronavirus-em-teofilo-otoni","status":"publish","type":"post","link":"https:\/\/aconteceunovale.com.br\/portal\/?p=161885","title":{"rendered":"Sobe para 16 o n\u00famero de casos confirmados de coronav\u00edrus em Te\u00f3filo Otoni"},"content":{"rendered":"\n<p>Boletim epidemiol\u00f3gico da Prefeitura de Te\u00f3filo Otoni (MG), atualizado na noite desta quinta-feira (30\/04\/2020), confirma que o munic\u00edpio possui 16 (dezesseis) casos de infec\u00e7\u00e3o humana por coronav\u00edrus (Covid-19). Dois \u00f3bitos de pacientes com suspeita da doen\u00e7a est\u00e3o em investiga\u00e7\u00e3o.<\/p>\n\n\n\n<p>Segundo a Administra\u00e7\u00e3o Municipal, os novos pacientes s\u00e3o cinco mulheres e um homem com faixa et\u00e1ria entre 28 e 51 anos. Eles se recuperam em isolamento domiciliar.<\/p>\n\n\n\n<p>&#8220;A Secretaria Municipal de Sa\u00fade vem informar que nenhum caso confirmado com Covid-19 est\u00e1 em interna\u00e7\u00e3o hospitalar. Todos os 16 casos confirmados encontram-se em isolamento social domiciliar (quarentena) e monitorados pela Vigil\u00e2ncia em Sa\u00fade Municipal.&#8221;, diz um comunicado da Prefeitura.<\/p>\n\n\n\n<h4 class=\"wp-block-heading\"><strong>Coronav\u00edrus em Te\u00f3filo Otoni (30\/04\/2020):<\/strong><\/h4>\n\n\n\n<ul class=\"wp-block-list\"><li>441 notifica\u00e7\u00f5es (casos suspeitos de coronav\u00edrus notificados entre 16\/03 e 27\/04\/2020)<\/li><\/ul>\n\n\n\n<ul class=\"wp-block-list\"><li>148 casos de s\u00edndrome gripal leve (em monitoramento e sem necessidade de coleta de material para exames, conforme protocolo da Secretaria Estadual de Sa\u00fade &#8211; SES\/MG)<\/li><\/ul>\n\n\n\n<ul class=\"wp-block-list\"><li>119 casos sa\u00edram do isolamento (casos de s\u00edndrome gripal leve que encerraram o monitoramento sem a necessidade de coleta de material para exames)<\/li><\/ul>\n\n\n\n<ul class=\"wp-block-list\"><li>16 casos confirmados (pacientes com amostra positiva para Covid-19)<\/li><\/ul>\n\n\n\n<ul class=\"wp-block-list\"><li>95 casos descartados (pacientes com amostra negativa para Covid-19)<\/li><\/ul>\n\n\n\n<ul class=\"wp-block-list\"><li>02 \u00f3bitos em investiga\u00e7\u00e3o (aguardando resultado de exame)<\/li><\/ul>\n\n\n\n<ul class=\"wp-block-list\"><li>41 casos suspeitos em investiga\u00e7\u00e3o (pacientes em isolamento e que aguardam resultado de exame)<\/li><\/ul>\n\n\n\n<figure class=\"wp-block-image size-large\"><img decoding=\"async\" src=\"http:\/\/aconteceu.info\/pub\/boletim_corona_teo_1.jpg\" alt=\"\"\/><\/figure>\n\n\n\n<p class=\"has-background has-very-light-gray-background-color\">Quer saber as not\u00edcias do <strong>Aconteceu no Vale<\/strong> em primeira m\u00e3o? Siga-nos no Facebook <a rel=\"noreferrer noopener\" href=\"http:\/\/facebook.com\/aconteceunovale\" target=\"_blank\">@aconteceunovale<\/a>, Twitter <a rel=\"noreferrer noopener\" href=\"https:\/\/twitter.com\/noticiadosvales\" target=\"_blank\">@noticiadosvales<\/a> e Instagram <a rel=\"noreferrer noopener\" href=\"https:\/\/www.instagram.com\/aconteceunovale\" target=\"_blank\">@aconteceunovale<\/a>.<\/p>\n","protected":false},"excerpt":{"rendered":"<p>Boletim epidemiol\u00f3gico da Prefeitura de Te\u00f3filo Otoni (MG), atualizado na noite desta quinta-feira (30\/04\/2020), confirma que o munic\u00edpio possui 16 (dezesseis) casos de infec\u00e7\u00e3o humana por coronav\u00edrus (Covid-19). Dois \u00f3bitos de pacientes com suspeita da doen\u00e7a est\u00e3o em investiga\u00e7\u00e3o. Segundo a Administra\u00e7\u00e3o Municipal, os novos pacientes s\u00e3o cinco mulheres e um homem com faixa et\u00e1ria [&hellip;]<\/p>\n","protected":false},"author":1,"featured_media":161886,"comment_status":"open","ping_status":"closed","sticky":false,"template":"","format":"standard","meta":{"amp_status":"","footnotes":""},"categories":[40242,122],"tags":[220816,214884,220365,216498,220363,1018,220815,220817,220818,221096,164,220813,220814,220812],"class_list":["post-161885","post","type-post","status-publish","format-standard","has-post-thumbnail","hentry","category-saude-2","category-mucuri","tag-casos-de-coronavirus-em-teofilo-otoni","tag-coronavirus","tag-coronavirus-em-teofilo-otoni","tag-covid-19","tag-covid-19-em-teofilo-otoni","tag-destaque","tag-infectados-por-coronavirus-em-teofilo-otoni","tag-pacientes-de-coronavirus-em-teofilo-otoni","tag-profissionais-de-saude-infectados-com-coronavirus-em-teofilo-otoni","tag-sobe-para-16-o-numero-de-casos-confirmados-de-coronavirus-em-teofilo-otoni","tag-teofilo-otoni","tag-teofilo-otoni-confirma-oito-casos-de-coronavirus","tag-teofilo-otoni-coronavirus","tag-teofilo-otoni-covid-19"],"_links":{"self":[{"href":"https:\/\/aconteceunovale.com.br\/portal\/index.php?rest_route=\/wp\/v2\/posts\/161885","targetHints":{"allow":["GET"]}}],"collection":[{"href":"https:\/\/aconteceunovale.com.br\/portal\/index.php?rest_route=\/wp\/v2\/posts"}],"about":[{"href":"https:\/\/aconteceunovale.com.br\/portal\/index.php?rest_route=\/wp\/v2\/types\/post"}],"author":[{"embeddable":true,"href":"https:\/\/aconteceunovale.com.br\/portal\/index.php?rest_route=\/wp\/v2\/users\/1"}],"replies":[{"embeddable":true,"href":"https:\/\/aconteceunovale.com.br\/portal\/index.php?rest_route=%2Fwp%2Fv2%2Fcomments&post=161885"}],"version-history":[{"count":2,"href":"https:\/\/aconteceunovale.com.br\/portal\/index.php?rest_route=\/wp\/v2\/posts\/161885\/revisions"}],"predecessor-version":[{"id":161888,"href":"https:\/\/aconteceunovale.com.br\/portal\/index.php?rest_route=\/wp\/v2\/posts\/161885\/revisions\/161888"}],"wp:featuredmedia":[{"embeddable":true,"href":"https:\/\/aconteceunovale.com.br\/portal\/index.php?rest_route=\/wp\/v2\/media\/161886"}],"wp:attachment":[{"href":"https:\/\/aconteceunovale.com.br\/portal\/index.php?rest_route=%2Fwp%2Fv2%2Fmedia&parent=161885"}],"wp:term":[{"taxonomy":"category","embeddable":true,"href":"https:\/\/aconteceunovale.com.br\/portal\/index.php?rest_route=%2Fwp%2Fv2%2Fcategories&post=161885"},{"taxonomy":"post_tag","embeddable":true,"href":"https:\/\/aconteceunovale.com.br\/portal\/index.php?rest_route=%2Fwp%2Fv2%2Ftags&post=161885"}],"curies":[{"name":"wp","href":"https:\/\/api.w.org\/{rel}","templated":true}]}}