{"id":16186,"date":"2013-12-19T17:16:44","date_gmt":"2013-12-19T19:16:44","guid":{"rendered":"http:\/\/aconteceunovale.com.br\/portal\/?p=16186"},"modified":"2013-12-19T17:16:44","modified_gmt":"2013-12-19T19:16:44","slug":"matadouro-municipal-de-conceicao-do-mato-dentro-e-interditado-pelo-ministerio-publico","status":"publish","type":"post","link":"https:\/\/aconteceunovale.com.br\/portal\/?p=16186","title":{"rendered":"Matadouro Municipal de Concei\u00e7\u00e3o do Mato Dentro \u00e9 interditado pelo Minist\u00e9rio P\u00fablico"},"content":{"rendered":"<p>O matadouro municipal de Concei\u00e7\u00e3o de Mato Dentro, na regi\u00e3o Central de Minas Gerais, foi interditado a pedido do Minist\u00e9rio P\u00fablico de Minas Gerais (MPMG). A Justi\u00e7a determinou que o local de abate fique fechado at\u00e9 a obten\u00e7\u00e3o das licen\u00e7as ambientais definitivas junto \u00e0 Superintend\u00eancia Regional de Regulariza\u00e7\u00e3o Ambiental (Supram) Jequitinhonha.<\/p>\n<p>O pedido foi feito em A\u00e7\u00e3o Civil P\u00fablica (ACP), que foi ajuizada pelo promotor de Justi\u00e7a Marcelo Mata Machado Leite Pereira contra o munic\u00edpio de Concei\u00e7\u00e3o do Mato Dentro. Isso ocorreu ap\u00f3s a constata\u00e7\u00e3o de que o matadouro vinha operando sem a devida licen\u00e7a ambiental e causando degrada\u00e7\u00e3o ambiental, fato relatado em parecer emitido pelo N\u00facleo Regional de Fiscaliza\u00e7\u00e3o Ambiental Jequitinhonha.<\/p>\n<p>O objetivo da a\u00e7\u00e3o \u00e9 evitar polui\u00e7\u00e3o ambiental, que consiste no lan\u00e7amento de efluentes l\u00edquidos sem tratamento adequado no rio Santo Ant\u00f4nio e em outros cursos d\u2019\u00e1gua, bem como a disposi\u00e7\u00e3o dos res\u00edduos s\u00f3lidos no aterro municipal.<\/p>\n<p>Na decis\u00e3o, a ju\u00edza \u00c9rica Xavier Duarte disse que \u201cconsiderando que resta incontroverso nos autos que o abatedouro municipal de Concei\u00e7\u00e3o do Mato Dentro encontra-se funcionando sem o devido licenciamento ambiental, colocando em risco o equil\u00edbrio do meio ambiente local, cujo direito pertence a toda a coletividade, bem como a sa\u00fade da popula\u00e7\u00e3o, n\u00e3o h\u00e1 como se permitir o exerc\u00edcio de atividades no estabelecimento\u201d.<\/p>\n<p>O descumprimento da medida liminar acarretar\u00e1 multa di\u00e1ria de mil reais, a ser revertida para o Fundo Estadual de Defesa dos Direitos Difusos. (Via Hoje em Dia, com informa\u00e7\u00f5es do MP\/MG)<\/p>\n","protected":false},"excerpt":{"rendered":"<p>O matadouro municipal de Concei\u00e7\u00e3o de Mato Dentro, na regi\u00e3o Central de Minas Gerais, foi interditado a pedido do Minist\u00e9rio P\u00fablico de Minas Gerais (MPMG). A Justi\u00e7a determinou que o local de abate fique fechado at\u00e9 a obten\u00e7\u00e3o das licen\u00e7as ambientais definitivas junto \u00e0 Superintend\u00eancia Regional de Regulariza\u00e7\u00e3o Ambiental (Supram) Jequitinhonha. O pedido foi feito [&hellip;]<\/p>\n","protected":false},"author":1,"featured_media":16187,"comment_status":"open","ping_status":"closed","sticky":false,"template":"","format":"standard","meta":{"amp_status":"","footnotes":""},"categories":[123],"tags":[628,1926],"class_list":["post-16186","post","type-post","status-publish","format-standard","has-post-thumbnail","hentry","category-gerais","tag-conceicao-do-mato-dentro","tag-matadouro-de-conceicao-do-mato-dentro-interditado-pelo-ministerio-publico"],"_links":{"self":[{"href":"https:\/\/aconteceunovale.com.br\/portal\/index.php?rest_route=\/wp\/v2\/posts\/16186","targetHints":{"allow":["GET"]}}],"collection":[{"href":"https:\/\/aconteceunovale.com.br\/portal\/index.php?rest_route=\/wp\/v2\/posts"}],"about":[{"href":"https:\/\/aconteceunovale.com.br\/portal\/index.php?rest_route=\/wp\/v2\/types\/post"}],"author":[{"embeddable":true,"href":"https:\/\/aconteceunovale.com.br\/portal\/index.php?rest_route=\/wp\/v2\/users\/1"}],"replies":[{"embeddable":true,"href":"https:\/\/aconteceunovale.com.br\/portal\/index.php?rest_route=%2Fwp%2Fv2%2Fcomments&post=16186"}],"version-history":[{"count":0,"href":"https:\/\/aconteceunovale.com.br\/portal\/index.php?rest_route=\/wp\/v2\/posts\/16186\/revisions"}],"wp:featuredmedia":[{"embeddable":true,"href":"https:\/\/aconteceunovale.com.br\/portal\/index.php?rest_route=\/wp\/v2\/media\/16187"}],"wp:attachment":[{"href":"https:\/\/aconteceunovale.com.br\/portal\/index.php?rest_route=%2Fwp%2Fv2%2Fmedia&parent=16186"}],"wp:term":[{"taxonomy":"category","embeddable":true,"href":"https:\/\/aconteceunovale.com.br\/portal\/index.php?rest_route=%2Fwp%2Fv2%2Fcategories&post=16186"},{"taxonomy":"post_tag","embeddable":true,"href":"https:\/\/aconteceunovale.com.br\/portal\/index.php?rest_route=%2Fwp%2Fv2%2Ftags&post=16186"}],"curies":[{"name":"wp","href":"https:\/\/api.w.org\/{rel}","templated":true}]}}