{"id":161837,"date":"2020-04-29T20:05:53","date_gmt":"2020-04-29T23:05:53","guid":{"rendered":"http:\/\/aconteceunovale.com.br\/portal\/?p=161837"},"modified":"2020-04-29T20:07:22","modified_gmt":"2020-04-29T23:07:22","slug":"suspeito-de-estupro-de-vulneravel-em-sabinopolis-e-preso-pela-policia-civil","status":"publish","type":"post","link":"https:\/\/aconteceunovale.com.br\/portal\/?p=161837","title":{"rendered":"Suspeito de estupro de vulner\u00e1vel em Sabin\u00f3polis \u00e9 preso pela Pol\u00edcia Civil"},"content":{"rendered":"\n<p>Em repress\u00e3o aos crimes contra a dignidade sexual ocorridos em Sabin\u00f3polis, cidade da regi\u00e3o Leste do Estado, a Pol\u00edcia Civil de Minas Gerais (PCMG) cumpriu na \u00faltima segunda-feira (27\/04\/2020) um mandado de pris\u00e3o preventiva em desfavor de um homem, de 52 anos, suspeito de crime de estupro de vulner\u00e1vel.<\/p>\n\n\n\n<p>Durante as investiga\u00e7\u00f5es, que tiveram in\u00edcio em outubro de 2019, a v\u00edtima, de 13 anos de idade, relatou que os crimes aconteceram no decorrer do ano de 2019. De acordo com seu depoimento, o suspeito entrava em seu quarto pela janela, durante a madrugada, e l\u00e1 praticava os atos libidinosos com ela. A v\u00edtima ainda afirmou que se relacionou sexualmente com o suspeito por tr\u00eas vezes, mas que ele, por mais de dez vezes, j\u00e1 tinha entrado em seu quarto durante a madrugada, e que nesses encontros eles se beijavam.<\/p>\n\n\n\n<p>Em dezembro de 2019, ao concluir o inqu\u00e9rito policial, o Delegado S\u00e1vio Assis Machado Moraes, titular da delegacia de Sabin\u00f3polis, indiciou o suspeito pela pr\u00e1tica dos crimes de estupro de vulner\u00e1vel, amea\u00e7a e viola\u00e7\u00e3o de domic\u00edlio. No relat\u00f3rio policial, a PCMG representou pela pris\u00e3o preventiva do suspeito. \u201cEm uma das ocasi\u00f5es, a av\u00f3 da menor flagrou o investigado s\u00f3 de cueca dentro do quarto de sua neta. Neste dia, o investigado fugiu s\u00f3 de cueca, e acabou deixando suas vestes e telefone para tr\u00e1s&#8221;, observa o Delegado respons\u00e1vel pelas investiga\u00e7\u00f5es.<\/p>\n\n\n\n<p>No final da tarde de ontem, em apoio \u00e0 Delegacia de Sabin\u00f3polis, uma equipe da PCMG, em Guanh\u00e3es, efetuou a pris\u00e3o do suspeito, que foi encaminhado ao Sistema Prisional.<\/p>\n\n\n\n<p class=\"has-background has-very-light-gray-background-color\">Quer saber as not\u00edcias do <strong>Aconteceu no Vale<\/strong> em primeira m\u00e3o? Siga-nos no Facebook <a rel=\"noreferrer noopener\" href=\"http:\/\/facebook.com\/aconteceunovale\" target=\"_blank\">@aconteceunovale<\/a>, Twitter <a rel=\"noreferrer noopener\" href=\"https:\/\/twitter.com\/noticiadosvales\" target=\"_blank\">@noticiadosvales<\/a> e Instagram <a rel=\"noreferrer noopener\" href=\"https:\/\/www.instagram.com\/aconteceunovale\" target=\"_blank\">@aconteceunovale<\/a>.<\/p>\n","protected":false},"excerpt":{"rendered":"<p>Em repress\u00e3o aos crimes contra a dignidade sexual ocorridos em Sabin\u00f3polis, cidade da regi\u00e3o Leste do Estado, a Pol\u00edcia Civil de Minas Gerais (PCMG) cumpriu na \u00faltima segunda-feira (27\/04\/2020) um mandado de pris\u00e3o preventiva em desfavor de um homem, de 52 anos, suspeito de crime de estupro de vulner\u00e1vel. Durante as investiga\u00e7\u00f5es, que tiveram in\u00edcio [&hellip;]<\/p>\n","protected":false},"author":1,"featured_media":102361,"comment_status":"open","ping_status":"closed","sticky":false,"template":"","format":"standard","meta":{"amp_status":"","footnotes":""},"categories":[121],"tags":[221033,221029,221030,221027,155,221032,604,208726,221031,310,221028],"class_list":["post-161837","post","type-post","status-publish","format-standard","has-post-thumbnail","hentry","category-leste","tag-delegacia-de-sabinopolis","tag-estupro-de-adolescente-em-sabinopolis","tag-estupro-de-vulneravel-em-sabinopolis","tag-estupro-em-sabinopolis","tag-guanhaes","tag-o-delegado-savio-assis-machado-moraes","tag-pcmg","tag-preso-em-guanhaes","tag-preso-por-estuprar-adolescente-em-sabinopolis","tag-sabinopolis","tag-suspeito-de-estupro-de-vulneravel-em-sabinopolis-e-preso-pela-policia-civil"],"_links":{"self":[{"href":"https:\/\/aconteceunovale.com.br\/portal\/index.php?rest_route=\/wp\/v2\/posts\/161837","targetHints":{"allow":["GET"]}}],"collection":[{"href":"https:\/\/aconteceunovale.com.br\/portal\/index.php?rest_route=\/wp\/v2\/posts"}],"about":[{"href":"https:\/\/aconteceunovale.com.br\/portal\/index.php?rest_route=\/wp\/v2\/types\/post"}],"author":[{"embeddable":true,"href":"https:\/\/aconteceunovale.com.br\/portal\/index.php?rest_route=\/wp\/v2\/users\/1"}],"replies":[{"embeddable":true,"href":"https:\/\/aconteceunovale.com.br\/portal\/index.php?rest_route=%2Fwp%2Fv2%2Fcomments&post=161837"}],"version-history":[{"count":1,"href":"https:\/\/aconteceunovale.com.br\/portal\/index.php?rest_route=\/wp\/v2\/posts\/161837\/revisions"}],"predecessor-version":[{"id":161838,"href":"https:\/\/aconteceunovale.com.br\/portal\/index.php?rest_route=\/wp\/v2\/posts\/161837\/revisions\/161838"}],"wp:featuredmedia":[{"embeddable":true,"href":"https:\/\/aconteceunovale.com.br\/portal\/index.php?rest_route=\/wp\/v2\/media\/102361"}],"wp:attachment":[{"href":"https:\/\/aconteceunovale.com.br\/portal\/index.php?rest_route=%2Fwp%2Fv2%2Fmedia&parent=161837"}],"wp:term":[{"taxonomy":"category","embeddable":true,"href":"https:\/\/aconteceunovale.com.br\/portal\/index.php?rest_route=%2Fwp%2Fv2%2Fcategories&post=161837"},{"taxonomy":"post_tag","embeddable":true,"href":"https:\/\/aconteceunovale.com.br\/portal\/index.php?rest_route=%2Fwp%2Fv2%2Ftags&post=161837"}],"curies":[{"name":"wp","href":"https:\/\/api.w.org\/{rel}","templated":true}]}}