{"id":161834,"date":"2020-04-29T19:57:37","date_gmt":"2020-04-29T22:57:37","guid":{"rendered":"http:\/\/aconteceunovale.com.br\/portal\/?p=161834"},"modified":"2020-04-29T19:57:50","modified_gmt":"2020-04-29T22:57:50","slug":"acao-conjunta-resulta-em-apreensao-de-arma-de-fogo-no-municipio-de-santa-maria-do-suacui","status":"publish","type":"post","link":"https:\/\/aconteceunovale.com.br\/portal\/?p=161834","title":{"rendered":"A\u00e7\u00e3o conjunta resulta em apreens\u00e3o de arma de fogo no munic\u00edpio de Santa Maria do Sua\u00e7u\u00ed"},"content":{"rendered":"\n<p>Na manh\u00e3 dessa quarta-feira (29\/04\/2020), as Pol\u00edcias Civil e Militar cumpriram mandado de busca e apreens\u00e3o no C\u00f3rrego Dantas, distrito de Santa Maria do Sua\u00e7u\u00ed, na regi\u00e3o Leste do Estado. Durante a a\u00e7\u00e3o policial, um homem de 35 anos foi preso em flagrante por posse ilegal de armas de fogo e muni\u00e7\u00f5es.<\/p>\n\n\n\n<p>Ap\u00f3s informa\u00e7\u00f5es da Pol\u00edcia Militar, que recebeu den\u00fancias de que um indiv\u00edduo, morador do Distrito do C\u00f3rrego Dantas, estaria traficando drogas, bem como estaria de posse de armas de fogo, foram realizadas dilig\u00eancias pela PCMG, que representou pelo mandado de busca e apreens\u00e3o nos endere\u00e7os identificados.<\/p>\n\n\n\n<p>Durante as buscas, as equipes policiais tiveram \u00eaxito em localizar uma espingarda calibre 4,5mm, um rev\u00f3lver calibre 38, al\u00e9m de 11 muni\u00e7\u00f5es de arma de fogo. O suspeito foi preso em flagrante e encaminhado ao Sistema Prisional, ficando \u00e0 disposi\u00e7\u00e3o da Justi\u00e7a.<\/p>\n\n\n\n<figure class=\"wp-block-gallery columns-1 is-cropped wp-block-gallery-1 is-layout-flex wp-block-gallery-is-layout-flex\"><ul class=\"blocks-gallery-grid\"><li class=\"blocks-gallery-item\"><figure><img loading=\"lazy\" decoding=\"async\" width=\"646\" height=\"450\" src=\"http:\/\/aconteceunovale.com.br\/portal\/wp-content\/uploads\/2020\/04\/arma_sms.jpeg\" alt=\"\" data-id=\"161835\" data-full-url=\"http:\/\/aconteceunovale.com.br\/portal\/wp-content\/uploads\/2020\/04\/arma_sms.jpeg\" data-link=\"http:\/\/aconteceunovale.com.br\/portal\/?attachment_id=161835\" class=\"wp-image-161835\" srcset=\"https:\/\/aconteceunovale.com.br\/portal\/wp-content\/uploads\/2020\/04\/arma_sms.jpeg 646w, https:\/\/aconteceunovale.com.br\/portal\/wp-content\/uploads\/2020\/04\/arma_sms-300x209.jpeg 300w, https:\/\/aconteceunovale.com.br\/portal\/wp-content\/uploads\/2020\/04\/arma_sms-100x70.jpeg 100w, https:\/\/aconteceunovale.com.br\/portal\/wp-content\/uploads\/2020\/04\/arma_sms-603x420.jpeg 603w\" sizes=\"auto, (max-width: 646px) 100vw, 646px\" \/><figcaption class=\"blocks-gallery-item__caption\"><em>Foto: Divulga\u00e7\u00e3o\/PCMG<\/em><\/figcaption><\/figure><\/li><\/ul><\/figure>\n\n\n\n<p class=\"has-background has-very-light-gray-background-color\">Quer saber as not\u00edcias do <strong>Aconteceu no Vale<\/strong> em primeira m\u00e3o? Siga-nos no Facebook <a rel=\"noreferrer noopener\" href=\"http:\/\/facebook.com\/aconteceunovale\" target=\"_blank\">@aconteceunovale<\/a>, Twitter <a rel=\"noreferrer noopener\" href=\"https:\/\/twitter.com\/noticiadosvales\" target=\"_blank\">@noticiadosvales<\/a> e Instagram <a rel=\"noreferrer noopener\" href=\"https:\/\/www.instagram.com\/aconteceunovale\" target=\"_blank\">@aconteceunovale<\/a>.<\/p>\n","protected":false},"excerpt":{"rendered":"<p>Na manh\u00e3 dessa quarta-feira (29\/04\/2020), as Pol\u00edcias Civil e Militar cumpriram mandado de busca e apreens\u00e3o no C\u00f3rrego Dantas, distrito de Santa Maria do Sua\u00e7u\u00ed, na regi\u00e3o Leste do Estado. Durante a a\u00e7\u00e3o policial, um homem de 35 anos foi preso em flagrante por posse ilegal de armas de fogo e muni\u00e7\u00f5es. Ap\u00f3s informa\u00e7\u00f5es da [&hellip;]<\/p>\n","protected":false},"author":1,"featured_media":161835,"comment_status":"open","ping_status":"closed","sticky":false,"template":"","format":"standard","meta":{"amp_status":"","footnotes":""},"categories":[121],"tags":[221025,221023,221024,221026,240],"class_list":["post-161834","post","type-post","status-publish","format-standard","has-post-thumbnail","hentry","category-leste","tag-acao-conjunta-resulta-em-apreensao-de-arma-de-fogo-no-municipio-de-santa-maria-do-suacui","tag-apreensao-de-arma-em-santa-maria-do-suacui","tag-arma-apreendida-em-santa-maria-do-suacui","tag-preso-em-santa-maria-do-suacui","tag-santa-maria-do-suacui"],"_links":{"self":[{"href":"https:\/\/aconteceunovale.com.br\/portal\/index.php?rest_route=\/wp\/v2\/posts\/161834","targetHints":{"allow":["GET"]}}],"collection":[{"href":"https:\/\/aconteceunovale.com.br\/portal\/index.php?rest_route=\/wp\/v2\/posts"}],"about":[{"href":"https:\/\/aconteceunovale.com.br\/portal\/index.php?rest_route=\/wp\/v2\/types\/post"}],"author":[{"embeddable":true,"href":"https:\/\/aconteceunovale.com.br\/portal\/index.php?rest_route=\/wp\/v2\/users\/1"}],"replies":[{"embeddable":true,"href":"https:\/\/aconteceunovale.com.br\/portal\/index.php?rest_route=%2Fwp%2Fv2%2Fcomments&post=161834"}],"version-history":[{"count":1,"href":"https:\/\/aconteceunovale.com.br\/portal\/index.php?rest_route=\/wp\/v2\/posts\/161834\/revisions"}],"predecessor-version":[{"id":161836,"href":"https:\/\/aconteceunovale.com.br\/portal\/index.php?rest_route=\/wp\/v2\/posts\/161834\/revisions\/161836"}],"wp:featuredmedia":[{"embeddable":true,"href":"https:\/\/aconteceunovale.com.br\/portal\/index.php?rest_route=\/wp\/v2\/media\/161835"}],"wp:attachment":[{"href":"https:\/\/aconteceunovale.com.br\/portal\/index.php?rest_route=%2Fwp%2Fv2%2Fmedia&parent=161834"}],"wp:term":[{"taxonomy":"category","embeddable":true,"href":"https:\/\/aconteceunovale.com.br\/portal\/index.php?rest_route=%2Fwp%2Fv2%2Fcategories&post=161834"},{"taxonomy":"post_tag","embeddable":true,"href":"https:\/\/aconteceunovale.com.br\/portal\/index.php?rest_route=%2Fwp%2Fv2%2Ftags&post=161834"}],"curies":[{"name":"wp","href":"https:\/\/api.w.org\/{rel}","templated":true}]}}