{"id":161829,"date":"2020-04-29T19:23:32","date_gmt":"2020-04-29T22:23:32","guid":{"rendered":"http:\/\/aconteceunovale.com.br\/portal\/?p=161829"},"modified":"2020-04-29T19:28:37","modified_gmt":"2020-04-29T22:28:37","slug":"regional-de-saude-inicia-distribuicao-de-1-160-testes-rapidos-para-covid-19-aos-34-municipios-da-macrorregiao-do-jequitinhonha","status":"publish","type":"post","link":"https:\/\/aconteceunovale.com.br\/portal\/?p=161829","title":{"rendered":"Regional de Sa\u00fade inicia distribui\u00e7\u00e3o de 1.160 testes r\u00e1pidos para Covid-19 aos 34 munic\u00edpios da macrorregi\u00e3o do Jequitinhonha"},"content":{"rendered":"\n<p>Na manh\u00e3 desta quarta-feira (29\/04\/2020), a Regional de Sa\u00fade de Diamantina iniciou a distribui\u00e7\u00e3o de 1.160 testes r\u00e1pidos para detec\u00e7\u00e3o dos anticorpos IgM e IgG. O m\u00e9todo \u00e9 utilizado como ferramenta diagn\u00f3stica alternativa e auxiliar que pode contribuir no rastreio da infec\u00e7\u00e3o pela COVID-19. O resultado \u00e9 revelado ap\u00f3s 15 minutos da realiza\u00e7\u00e3o do teste, que pode ser realizado com amostras de sangue capilar ou venoso, e soro\/plasma.<\/p>\n\n\n\n<p>A coordenadora da Vigil\u00e2ncia em Sa\u00fade da Regional de Sa\u00fade de Diamantina, Mariana Cristina Rocha, explicou como ser\u00e1 realizada a distribui\u00e7\u00e3o dessa primeira remessa de testes na regi\u00e3o. \u201cConforme orienta\u00e7\u00f5es da Nota T\u00e9cnica COES MINAS COVID-19 No 25 \u2013 20\/04\/2020, a SES, por meio da Superintend\u00eancia Regional de Sa\u00fade de Diamantina, realizar\u00e1 a distribui\u00e7\u00e3o dos testes r\u00e1pidos na macrorregi\u00e3o do Jequitinhonha de acordo com o quantitativo enviado pelo Minist\u00e9rio da Sa\u00fade, ou seja, o n\u00famero total de testes que cada munic\u00edpio ir\u00e1 receber foi definido pelo Minist\u00e9rio da Sa\u00fade. Todos os munic\u00edpios da regional j\u00e1 foram comunicados sobre a disponibilidade dos testes\u201d, informou Mariana.<\/p>\n\n\n\n<p>O popula\u00e7\u00e3o-alvo da a\u00e7\u00e3o s\u00e3o indiv\u00edduos que apresentem s\u00edndrome gripal, ou seja, que estejam apresentando quadro respirat\u00f3rio agudo, caracterizado por sensa\u00e7\u00e3o febril ou febre, acompanhada de tosse ou dor de garganta ou coriza ou dificuldade respirat\u00f3ria, e que estejam vinculados aos seguintes grupos: Profissionais de sa\u00fade em atividade na Aten\u00e7\u00e3o Prim\u00e1ria \u00e0 Sa\u00fade (APS), hospitais, prontos-socorros e unidades de pronto-atendimento (UPA); Profissionais de seguran\u00e7a p\u00fablica em atividade; Indiv\u00edduo com diagn\u00f3stico de s\u00edndrome gripal (SG) que residam no mesmo domic\u00edlio de um profissional de sa\u00fade ou seguran\u00e7a em atividade; Indiv\u00edduos com 60 anos ou mais com sintomas e que receberam diagn\u00f3stico.<\/p>\n\n\n\n<p>De acordo com a superintendente da Regional de Sa\u00fade de Diamantina, Cleya Santana da Silva Cruz, o cronograma de distribui\u00e7\u00e3o do Minist\u00e9rio da Sa\u00fade tem a previs\u00e3o de mais quatro remessas de testes r\u00e1pidos. \u201cQuanto mais testes, mais controle teremos sobre a real situa\u00e7\u00e3o do espalhamento da COVID-19 em nossa Macrorregi\u00e3o\u201d, destacou Cleya.<\/p>\n\n\n\n<figure class=\"wp-block-gallery columns-1 is-cropped wp-block-gallery-1 is-layout-flex wp-block-gallery-is-layout-flex\"><ul class=\"blocks-gallery-grid\"><li class=\"blocks-gallery-item\"><figure><img loading=\"lazy\" decoding=\"async\" width=\"600\" height=\"450\" src=\"http:\/\/aconteceunovale.com.br\/portal\/wp-content\/uploads\/2020\/04\/teste_corona_dtna.jpg\" alt=\"\" data-id=\"161830\" data-full-url=\"http:\/\/aconteceunovale.com.br\/portal\/wp-content\/uploads\/2020\/04\/teste_corona_dtna.jpg\" data-link=\"http:\/\/aconteceunovale.com.br\/portal\/?attachment_id=161830\" class=\"wp-image-161830\" srcset=\"https:\/\/aconteceunovale.com.br\/portal\/wp-content\/uploads\/2020\/04\/teste_corona_dtna.jpg 600w, https:\/\/aconteceunovale.com.br\/portal\/wp-content\/uploads\/2020\/04\/teste_corona_dtna-300x225.jpg 300w, https:\/\/aconteceunovale.com.br\/portal\/wp-content\/uploads\/2020\/04\/teste_corona_dtna-80x60.jpg 80w, https:\/\/aconteceunovale.com.br\/portal\/wp-content\/uploads\/2020\/04\/teste_corona_dtna-265x198.jpg 265w, https:\/\/aconteceunovale.com.br\/portal\/wp-content\/uploads\/2020\/04\/teste_corona_dtna-560x420.jpg 560w\" sizes=\"auto, (max-width: 600px) 100vw, 600px\" \/><figcaption class=\"blocks-gallery-item__caption\"><em>Foto: Ricardo Maciel \/ SES-MG<\/em><\/figcaption><\/figure><\/li><\/ul><\/figure>\n\n\n\n<p class=\"has-background has-very-light-gray-background-color\">Quer saber as not\u00edcias do <strong>Aconteceu no Vale<\/strong> em primeira m\u00e3o? Siga-nos no Facebook <a rel=\"noreferrer noopener\" href=\"http:\/\/facebook.com\/aconteceunovale\" target=\"_blank\">@aconteceunovale<\/a>, Twitter <a rel=\"noreferrer noopener\" href=\"https:\/\/twitter.com\/noticiadosvales\" target=\"_blank\">@noticiadosvales<\/a> e Instagram <a rel=\"noreferrer noopener\" href=\"https:\/\/www.instagram.com\/aconteceunovale\" target=\"_blank\">@aconteceunovale<\/a>.<\/p>\n","protected":false},"excerpt":{"rendered":"<p>Na manh\u00e3 desta quarta-feira (29\/04\/2020), a Regional de Sa\u00fade de Diamantina iniciou a distribui\u00e7\u00e3o de 1.160 testes r\u00e1pidos para detec\u00e7\u00e3o dos anticorpos IgM e IgG. O m\u00e9todo \u00e9 utilizado como ferramenta diagn\u00f3stica alternativa e auxiliar que pode contribuir no rastreio da infec\u00e7\u00e3o pela COVID-19. O resultado \u00e9 revelado ap\u00f3s 15 minutos da realiza\u00e7\u00e3o do teste, [&hellip;]<\/p>\n","protected":false},"author":1,"featured_media":161830,"comment_status":"open","ping_status":"closed","sticky":false,"template":"","format":"standard","meta":{"amp_status":"","footnotes":""},"categories":[40242],"tags":[221021,214884,216498,221022,198,221019,206976,221016,221017,221018,221020],"class_list":["post-161829","post","type-post","status-publish","format-standard","has-post-thumbnail","hentry","category-saude-2","tag-cleya-santana-da-silva-cruz","tag-coronavirus","tag-covid-19","tag-da-regional-de-saude-de-diamantina","tag-diamantina","tag-mariana-cristina-rocha","tag-regional-de-saude-de-diamantina","tag-regional-de-saude-inicia-distribuicao-de-1-160-testes-rapidos-para-covid-19-aos-34-municipios-da-macrorregiao-do-jequitinhonha","tag-testes-coronavirus-vale-do-jequitinhonha","tag-testes-covid-19-vale-do-jequitinhonha","tag-vigilancia-em-saude-da-regional-de-saude-de-diamantina"],"_links":{"self":[{"href":"https:\/\/aconteceunovale.com.br\/portal\/index.php?rest_route=\/wp\/v2\/posts\/161829","targetHints":{"allow":["GET"]}}],"collection":[{"href":"https:\/\/aconteceunovale.com.br\/portal\/index.php?rest_route=\/wp\/v2\/posts"}],"about":[{"href":"https:\/\/aconteceunovale.com.br\/portal\/index.php?rest_route=\/wp\/v2\/types\/post"}],"author":[{"embeddable":true,"href":"https:\/\/aconteceunovale.com.br\/portal\/index.php?rest_route=\/wp\/v2\/users\/1"}],"replies":[{"embeddable":true,"href":"https:\/\/aconteceunovale.com.br\/portal\/index.php?rest_route=%2Fwp%2Fv2%2Fcomments&post=161829"}],"version-history":[{"count":1,"href":"https:\/\/aconteceunovale.com.br\/portal\/index.php?rest_route=\/wp\/v2\/posts\/161829\/revisions"}],"predecessor-version":[{"id":161831,"href":"https:\/\/aconteceunovale.com.br\/portal\/index.php?rest_route=\/wp\/v2\/posts\/161829\/revisions\/161831"}],"wp:featuredmedia":[{"embeddable":true,"href":"https:\/\/aconteceunovale.com.br\/portal\/index.php?rest_route=\/wp\/v2\/media\/161830"}],"wp:attachment":[{"href":"https:\/\/aconteceunovale.com.br\/portal\/index.php?rest_route=%2Fwp%2Fv2%2Fmedia&parent=161829"}],"wp:term":[{"taxonomy":"category","embeddable":true,"href":"https:\/\/aconteceunovale.com.br\/portal\/index.php?rest_route=%2Fwp%2Fv2%2Fcategories&post=161829"},{"taxonomy":"post_tag","embeddable":true,"href":"https:\/\/aconteceunovale.com.br\/portal\/index.php?rest_route=%2Fwp%2Fv2%2Ftags&post=161829"}],"curies":[{"name":"wp","href":"https:\/\/api.w.org\/{rel}","templated":true}]}}