{"id":161798,"date":"2020-04-29T12:59:25","date_gmt":"2020-04-29T15:59:25","guid":{"rendered":"http:\/\/aconteceunovale.com.br\/portal\/?p=161798"},"modified":"2020-04-29T12:59:56","modified_gmt":"2020-04-29T15:59:56","slug":"goleiro-do-afogados-leiloa-camisa-de-victor-em-prol-de-doacoes","status":"publish","type":"post","link":"https:\/\/aconteceunovale.com.br\/portal\/?p=161798","title":{"rendered":"Goleiro do Afogados leiloa camisa de Victor em prol de doa\u00e7\u00f5es"},"content":{"rendered":"\n<p>Em&nbsp;26 de fevereiro&nbsp;deste ano, o goleiro Wallef brilhou na classifica\u00e7\u00e3o hist\u00f3rica do Afogados \u00e0 terceira fase da Copa do Brasil. Al\u00e9m das&nbsp;defesas no tempo normal &#8211; principalmente, na disputa por p\u00eanaltis que decretou a surpreendente vit\u00f3ria do time do sert\u00e3o pernambucano sobre o Atl\u00e9tico-MG &#8211; o camisa 1 ficou marcado por usar um bon\u00e9 na partida realizada \u00e0 noite.&nbsp;Na ocasi\u00e3o, para tornar o jogo ainda mais inesquec\u00edvel, ele ganhou a camisa de Victor, arqueiro e \u00eddolo da torcida do Galo, ent\u00e3o advers\u00e1rio.<\/p>\n\n\n\n<p>Dois meses depois, as vidas de Wallef e Victor voltaram se cruzar, desta vez longe dos gramados. Devido \u00e0 pandemia do novo coronav\u00edrus (covid-19), o goleiro do Afogados decidiu leiloar o camisa presenteada pelo atleticano, com o objetivo de arrecadar fundos para comprar cestas b\u00e1sicas e distribui-las a fam\u00edlias carentes da cidade de S\u00e3o Jos\u00e9 do Cal\u00e7ado (ES), onde nasceu. O munic\u00edpio tem pouco mais de 10 mil habitantes, segundo o Instituto Brasileiro de Geografia e Estat\u00edstica (IBGE). A campanha, iniciada nas redes sociais, repercutiu e chegou ao jogador do time mineiro, que decidiu colaborar.<\/p>\n\n\n\n<p>&#8220;Por (S\u00e3o Jos\u00e9 do Cal\u00e7ado) ser uma cidade pequena, precisaria de uma ajuda. Pensei, como meio de ajudar, em leiloar a camisa do Victor. Depois de alguns dias, ele entrou em contato comigo. Fiquei muito feliz. Pudemos bater um papo maneiro e ele se prontificou a enviar uma nova camisa e ajudar com algumas cestas&#8221;, conta Wallef, \u00e0&nbsp;Ag\u00eancia Brasil.&nbsp;&#8220;O leil\u00e3o foi encerrado na&nbsp;segunda&nbsp;(27) com um ganhador daqui da cidade, que deu lance para 25 cestas (uma cesta corresponde a R$ 40). O Victor dar\u00e1 mais 25, ent\u00e3o, conseguimos 50 cestas ao todo. Estou muito feliz de poder ajudar, se n\u00e3o toda a popula\u00e7\u00e3o, pelo menos algumas fam\u00edlias&#8221;, conta satisfeito.<\/p>\n\n\n\n<p>Segundo Wallef, as doa\u00e7\u00f5es ser\u00e3o feitas amanh\u00e3 quinta-feira (30) &#8211; mesmo dia em que termina o v\u00ednculo dele com o Afogados. Com a Copa do Brasil e o Campeonato Pernambucano &#8211; no qual o Afogados a\u00a0sexta\u00a0posi\u00e7\u00e3o &#8211; paralisados devido ao coronav\u00edrus, e a S\u00e9rie D sem previs\u00e3o de in\u00edcio, o goleiro aguarda os desdobramentos. &#8220;O momento agora \u00e9 para nos cuidarmos. Esse v\u00edrus n\u00e3o \u00e9 brincadeira. Estou bem, feliz com minha fam\u00edlia. Ainda n\u00e3o teve conversa sobre renova\u00e7\u00e3o, acho at\u00e9 que pelo clube ainda esperar essa quest\u00e3o da pandemia. Ent\u00e3o, \u00e9 ver o que Deus tem para n\u00f3s&#8221;, conclui.<\/p>\n\n\n\n<figure class=\"wp-block-gallery columns-1 is-cropped wp-block-gallery-1 is-layout-flex wp-block-gallery-is-layout-flex\"><ul class=\"blocks-gallery-grid\"><li class=\"blocks-gallery-item\"><figure><img loading=\"lazy\" decoding=\"async\" width=\"678\" height=\"406\" src=\"http:\/\/aconteceunovale.com.br\/portal\/wp-content\/uploads\/2020\/04\/goleiro_afogados_1.jpg\" alt=\"\" data-id=\"161800\" data-full-url=\"http:\/\/aconteceunovale.com.br\/portal\/wp-content\/uploads\/2020\/04\/goleiro_afogados_1.jpg\" data-link=\"http:\/\/aconteceunovale.com.br\/portal\/?attachment_id=161800\" class=\"wp-image-161800\" srcset=\"https:\/\/aconteceunovale.com.br\/portal\/wp-content\/uploads\/2020\/04\/goleiro_afogados_1.jpg 678w, https:\/\/aconteceunovale.com.br\/portal\/wp-content\/uploads\/2020\/04\/goleiro_afogados_1-300x180.jpg 300w\" sizes=\"auto, (max-width: 678px) 100vw, 678px\" \/><figcaption class=\"blocks-gallery-item__caption\"><em>Foto: Wallef Mendes\/Arquivo pessoal<\/em><\/figcaption><\/figure><\/li><li class=\"blocks-gallery-item\"><figure><img loading=\"lazy\" decoding=\"async\" width=\"754\" height=\"461\" src=\"http:\/\/aconteceunovale.com.br\/portal\/wp-content\/uploads\/2020\/04\/goleiro_afogados_2.jpg\" alt=\"\" data-id=\"161799\" data-full-url=\"http:\/\/aconteceunovale.com.br\/portal\/wp-content\/uploads\/2020\/04\/goleiro_afogados_2.jpg\" data-link=\"http:\/\/aconteceunovale.com.br\/portal\/?attachment_id=161799\" class=\"wp-image-161799\" srcset=\"https:\/\/aconteceunovale.com.br\/portal\/wp-content\/uploads\/2020\/04\/goleiro_afogados_2.jpg 754w, https:\/\/aconteceunovale.com.br\/portal\/wp-content\/uploads\/2020\/04\/goleiro_afogados_2-300x183.jpg 300w, https:\/\/aconteceunovale.com.br\/portal\/wp-content\/uploads\/2020\/04\/goleiro_afogados_2-696x426.jpg 696w, https:\/\/aconteceunovale.com.br\/portal\/wp-content\/uploads\/2020\/04\/goleiro_afogados_2-687x420.jpg 687w\" sizes=\"auto, (max-width: 754px) 100vw, 754px\" \/><figcaption class=\"blocks-gallery-item__caption\"><em>Foto: Wallef Mendes\/Arquivo pessoal<\/em><\/figcaption><\/figure><\/li><\/ul><\/figure>\n\n\n\n<p class=\"has-background has-very-light-gray-background-color\">Quer saber as not\u00edcias do <strong>Aconteceu no Vale<\/strong> em primeira m\u00e3o? Siga-nos no Facebook <a rel=\"noreferrer noopener\" href=\"http:\/\/facebook.com\/aconteceunovale\" target=\"_blank\">@aconteceunovale<\/a>, Twitter <a rel=\"noreferrer noopener\" href=\"https:\/\/twitter.com\/noticiadosvales\" target=\"_blank\">@noticiadosvales<\/a> e Instagram <a rel=\"noreferrer noopener\" href=\"https:\/\/www.instagram.com\/aconteceunovale\" target=\"_blank\">@aconteceunovale<\/a>.<\/p>\n","protected":false},"excerpt":{"rendered":"<p>Em&nbsp;26 de fevereiro&nbsp;deste ano, o goleiro Wallef brilhou na classifica\u00e7\u00e3o hist\u00f3rica do Afogados \u00e0 terceira fase da Copa do Brasil. Al\u00e9m das&nbsp;defesas no tempo normal &#8211; principalmente, na disputa por p\u00eanaltis que decretou a surpreendente vit\u00f3ria do time do sert\u00e3o pernambucano sobre o Atl\u00e9tico-MG &#8211; o camisa 1 ficou marcado por usar um bon\u00e9 na [&hellip;]<\/p>\n","protected":false},"author":1,"featured_media":161800,"comment_status":"open","ping_status":"closed","sticky":false,"template":"","format":"standard","meta":{"amp_status":"","footnotes":""},"categories":[6,59,123],"tags":[220981,40575,220984,14674,220982,220979,220980,1062,220985,220983],"class_list":["post-161798","post","type-post","status-publish","format-standard","has-post-thumbnail","hentry","category-br","category-sports","category-gerais","tag-afogados","tag-atletico-mg","tag-camisa-de-victor","tag-copa-do-brasil","tag-goleiro-do-afogados","tag-goleiro-do-afogados-leiloa-camisa-de-victor-em-prol-de-doacoes","tag-goleiro-wallef","tag-ibge","tag-sao-jose-do-calcado","tag-wallef-do-afogados"],"_links":{"self":[{"href":"https:\/\/aconteceunovale.com.br\/portal\/index.php?rest_route=\/wp\/v2\/posts\/161798","targetHints":{"allow":["GET"]}}],"collection":[{"href":"https:\/\/aconteceunovale.com.br\/portal\/index.php?rest_route=\/wp\/v2\/posts"}],"about":[{"href":"https:\/\/aconteceunovale.com.br\/portal\/index.php?rest_route=\/wp\/v2\/types\/post"}],"author":[{"embeddable":true,"href":"https:\/\/aconteceunovale.com.br\/portal\/index.php?rest_route=\/wp\/v2\/users\/1"}],"replies":[{"embeddable":true,"href":"https:\/\/aconteceunovale.com.br\/portal\/index.php?rest_route=%2Fwp%2Fv2%2Fcomments&post=161798"}],"version-history":[{"count":1,"href":"https:\/\/aconteceunovale.com.br\/portal\/index.php?rest_route=\/wp\/v2\/posts\/161798\/revisions"}],"predecessor-version":[{"id":161801,"href":"https:\/\/aconteceunovale.com.br\/portal\/index.php?rest_route=\/wp\/v2\/posts\/161798\/revisions\/161801"}],"wp:featuredmedia":[{"embeddable":true,"href":"https:\/\/aconteceunovale.com.br\/portal\/index.php?rest_route=\/wp\/v2\/media\/161800"}],"wp:attachment":[{"href":"https:\/\/aconteceunovale.com.br\/portal\/index.php?rest_route=%2Fwp%2Fv2%2Fmedia&parent=161798"}],"wp:term":[{"taxonomy":"category","embeddable":true,"href":"https:\/\/aconteceunovale.com.br\/portal\/index.php?rest_route=%2Fwp%2Fv2%2Fcategories&post=161798"},{"taxonomy":"post_tag","embeddable":true,"href":"https:\/\/aconteceunovale.com.br\/portal\/index.php?rest_route=%2Fwp%2Fv2%2Ftags&post=161798"}],"curies":[{"name":"wp","href":"https:\/\/api.w.org\/{rel}","templated":true}]}}