{"id":161752,"date":"2020-04-28T12:39:07","date_gmt":"2020-04-28T15:39:07","guid":{"rendered":"http:\/\/aconteceunovale.com.br\/portal\/?p=161752"},"modified":"2020-04-28T12:39:39","modified_gmt":"2020-04-28T15:39:39","slug":"jose-levi-e-o-novo-advogado-geral-da-uniao","status":"publish","type":"post","link":"https:\/\/aconteceunovale.com.br\/portal\/?p=161752","title":{"rendered":"Jos\u00e9 Levi \u00e9 o novo advogado-geral da Uni\u00e3o"},"content":{"rendered":"\n<p>O presidente Jair Bolsonaro nomeou Jos\u00e9 Levi Mello do Amaral J\u00fanior como novo advogado-geral da Uni\u00e3o. O decreto foi publicado hoje (28) no\u00a0<a rel=\"noreferrer noopener\" href=\"http:\/\/www.in.gov.br\/web\/dou\/-\/decreto-de-27-de-abril-de-2020-254225093\" target=\"_blank\"><em>Di\u00e1rio Oficial da Uni\u00e3o<\/em><\/a>. Ele ocupa agora o cargo que era de Andr\u00e9 Mendon\u00e7a, tamb\u00e9m nomeado nesta ter\u00e7a-feira como\u00a0novo ministro da Justi\u00e7a e Seguran\u00e7a P\u00fablica\u00a0no lugar de Sergio Moro, que pediu demiss\u00e3o no \u00faltimo dia 24.<\/p>\n\n\n\n<p>Levi era o\u00a0procurador-geral da Fazenda Nacional\u00a0desde o in\u00edcio do governo Bolsonaro. O \u00f3rg\u00e3o \u00e9 vinculado ao Minist\u00e9rio da Economia e tamb\u00e9m faz parte da estrutura da Advocacia-Geral da Uni\u00e3o (AGU). A principal atribui\u00e7\u00e3o da Procuradoria-Geral da Fazenda Nacional (PGFN) \u00e9 atuar na cobran\u00e7a dos d\u00e9bitos n\u00e3o quitados e inscritos na D\u00edvida Ativa da Uni\u00e3o.<\/p>\n\n\n\n<p>Na carreira de procurador da Fazenda Nacional desde 2000, Levi \u00e9 graduado pela Universidade Federal do Rio Grande do Sul e tem doutorado em Direito do Estado pela Universidade de S\u00e3o Paulo, institui\u00e7\u00e3o onde tamb\u00e9m \u00e9 professor, com t\u00edtulo de livre-doc\u00eancia em direito constitucional. Tem p\u00f3s-doutorado em Direitos Humanos pela Universidade de Coimbra, de Portugal. J\u00e1 ocupou o cargo de secret\u00e1rio executivo do Minist\u00e9rio da Justi\u00e7a e de consultor-geral da Uni\u00e3o na AGU.<\/p>\n\n\n\n<figure class=\"wp-block-gallery columns-1 is-cropped wp-block-gallery-1 is-layout-flex wp-block-gallery-is-layout-flex\"><ul class=\"blocks-gallery-grid\"><li class=\"blocks-gallery-item\"><figure><img loading=\"lazy\" decoding=\"async\" width=\"678\" height=\"406\" src=\"http:\/\/aconteceunovale.com.br\/portal\/wp-content\/uploads\/2020\/04\/jose_levi.jpg\" alt=\"\" data-id=\"161753\" data-full-url=\"http:\/\/aconteceunovale.com.br\/portal\/wp-content\/uploads\/2020\/04\/jose_levi.jpg\" data-link=\"http:\/\/aconteceunovale.com.br\/portal\/?attachment_id=161753\" class=\"wp-image-161753\" srcset=\"https:\/\/aconteceunovale.com.br\/portal\/wp-content\/uploads\/2020\/04\/jose_levi.jpg 678w, https:\/\/aconteceunovale.com.br\/portal\/wp-content\/uploads\/2020\/04\/jose_levi-300x180.jpg 300w\" sizes=\"auto, (max-width: 678px) 100vw, 678px\" \/><figcaption class=\"blocks-gallery-item__caption\"><em>Jos\u00e9 Levi &#8211; Foto: Wilson Dias\/Ag\u00eancia Brasil<\/em><\/figcaption><\/figure><\/li><\/ul><\/figure>\n\n\n\n<p class=\"has-background has-very-light-gray-background-color\">Quer saber as not\u00edcias do <strong>Aconteceu no Vale<\/strong> em primeira m\u00e3o? Siga-nos no Facebook <a rel=\"noreferrer noopener\" href=\"http:\/\/facebook.com\/aconteceunovale\" target=\"_blank\">@aconteceunovale<\/a>, Twitter <a rel=\"noreferrer noopener\" href=\"https:\/\/twitter.com\/noticiadosvales\" target=\"_blank\">@noticiadosvales<\/a> e Instagram <a rel=\"noreferrer noopener\" href=\"https:\/\/www.instagram.com\/aconteceunovale\" target=\"_blank\">@aconteceunovale<\/a>.<\/p>\n","protected":false},"excerpt":{"rendered":"<p>O presidente Jair Bolsonaro nomeou Jos\u00e9 Levi Mello do Amaral J\u00fanior como novo advogado-geral da Uni\u00e3o. O decreto foi publicado hoje (28) no\u00a0Di\u00e1rio Oficial da Uni\u00e3o. Ele ocupa agora o cargo que era de Andr\u00e9 Mendon\u00e7a, tamb\u00e9m nomeado nesta ter\u00e7a-feira como\u00a0novo ministro da Justi\u00e7a e Seguran\u00e7a P\u00fablica\u00a0no lugar de Sergio Moro, que pediu demiss\u00e3o no [&hellip;]<\/p>\n","protected":false},"author":1,"featured_media":161753,"comment_status":"open","ping_status":"closed","sticky":false,"template":"","format":"standard","meta":{"amp_status":"","footnotes":""},"categories":[6,40240],"tags":[80129,220887,100375,26436,220917,220916,220920,220918,220919,174222],"class_list":["post-161752","post","type-post","status-publish","format-standard","has-post-thumbnail","hentry","category-br","category-politica-2","tag-advogado-geral-da-uniao","tag-andre-mendonca","tag-bolsonaro","tag-jair-bolsonaro","tag-jose-levi","tag-jose-levi-e-o-novo-advogado-geral-da-uniao","tag-jose-levi-mello-do-amaral-junior","tag-nomeacao-de-advogado-geral-da-uniao","tag-novo-advogado-geral-da-uniao","tag-presidente-jair-bolsonaro"],"_links":{"self":[{"href":"https:\/\/aconteceunovale.com.br\/portal\/index.php?rest_route=\/wp\/v2\/posts\/161752","targetHints":{"allow":["GET"]}}],"collection":[{"href":"https:\/\/aconteceunovale.com.br\/portal\/index.php?rest_route=\/wp\/v2\/posts"}],"about":[{"href":"https:\/\/aconteceunovale.com.br\/portal\/index.php?rest_route=\/wp\/v2\/types\/post"}],"author":[{"embeddable":true,"href":"https:\/\/aconteceunovale.com.br\/portal\/index.php?rest_route=\/wp\/v2\/users\/1"}],"replies":[{"embeddable":true,"href":"https:\/\/aconteceunovale.com.br\/portal\/index.php?rest_route=%2Fwp%2Fv2%2Fcomments&post=161752"}],"version-history":[{"count":1,"href":"https:\/\/aconteceunovale.com.br\/portal\/index.php?rest_route=\/wp\/v2\/posts\/161752\/revisions"}],"predecessor-version":[{"id":161754,"href":"https:\/\/aconteceunovale.com.br\/portal\/index.php?rest_route=\/wp\/v2\/posts\/161752\/revisions\/161754"}],"wp:featuredmedia":[{"embeddable":true,"href":"https:\/\/aconteceunovale.com.br\/portal\/index.php?rest_route=\/wp\/v2\/media\/161753"}],"wp:attachment":[{"href":"https:\/\/aconteceunovale.com.br\/portal\/index.php?rest_route=%2Fwp%2Fv2%2Fmedia&parent=161752"}],"wp:term":[{"taxonomy":"category","embeddable":true,"href":"https:\/\/aconteceunovale.com.br\/portal\/index.php?rest_route=%2Fwp%2Fv2%2Fcategories&post=161752"},{"taxonomy":"post_tag","embeddable":true,"href":"https:\/\/aconteceunovale.com.br\/portal\/index.php?rest_route=%2Fwp%2Fv2%2Ftags&post=161752"}],"curies":[{"name":"wp","href":"https:\/\/api.w.org\/{rel}","templated":true}]}}