{"id":161744,"date":"2020-04-28T12:22:50","date_gmt":"2020-04-28T15:22:50","guid":{"rendered":"http:\/\/aconteceunovale.com.br\/portal\/?p=161744"},"modified":"2020-04-28T12:23:34","modified_gmt":"2020-04-28T15:23:34","slug":"papa-francisco-pede-respeito-por-medidas-para-a-saida-do-confinamento","status":"publish","type":"post","link":"https:\/\/aconteceunovale.com.br\/portal\/?p=161744","title":{"rendered":"Papa Francisco pede respeito por medidas para a sa\u00edda do confinamento"},"content":{"rendered":"\n<p>O papa pediu hoje (28\/4\/2020) que as pessoas sejam &#8220;obedientes&#8221; e respeitem as medidas para a sa\u00edda do confinamento imposto pelo coronav\u00edrus, &#8220;para que a pandemia n\u00e3o retorne&#8221;.<\/p>\n\n\n\n<p>&#8220;Quando come\u00e7amos a ter medidas para sair da quarentena, pedimos ao Senhor que d\u00ea ao seu povo, todos n\u00f3s, a gra\u00e7a da prud\u00eancia e obedi\u00eancia \u00e0s disposi\u00e7\u00f5es, para que a pandemia n\u00e3o retorne&#8221;, disse Francisco na sua habitual missa matinal na Casa de Santa Marta, transmitida ao vivo pelos canais do Vaticano.<\/p>\n\n\n\n<p>Apesar das disposi\u00e7\u00f5es determinadas pelo governo italiano para sair gradualmente do confinamento, n\u00e3o foi ainda autorizada a celebra\u00e7\u00e3o de missas.<\/p>\n\n\n\n<p>Isso provocou uma dura rea\u00e7\u00e3o da Confer\u00eancia Episcopal Italiana (CEI) que, numa declara\u00e7\u00e3o contra o governo do primeiro-ministro italiano Giuseppe Conte, denunciou que &#8220;a liberdade de culto&#8221; estava sendo violada.<\/p>\n\n\n\n<p>Seguindo o conselho do comit\u00ea t\u00e9cnico-cient\u00edfico de It\u00e1lia, encarregado de preparar o plano de reabertura do pa\u00eds, foi decidido que n\u00e3o era seguro permitir cerim\u00f4nias religiosas, embora os funerais com at\u00e9 15 pessoas tenham sido autorizados.<\/p>\n\n\n\n<h2 class=\"wp-block-heading\">Bestialidade<\/h2>\n\n\n\n<p>Por outro lado, o papa Francisco dedicou a homilia de hoje aos falsos testemunhos e afirmou que \u00e9 &#8220;uma bestialidade&#8221; us\u00e1-los para &#8220;fazer justi\u00e7a&#8221;.<\/p>\n\n\n\n<p>&#8220;Os falsos testemunhos, cal\u00fanias, que incitam as pessoas a fazer justi\u00e7a&#8221;, s\u00e3o um verdadeiro linchamento&#8221;, disse ele, dando o exemplo da crist\u00e3 paquistanesa Asia Bibi, julgada por cal\u00fania e que ficou muitos anos na pris\u00e3o.<\/p>\n\n\n\n<p>&#8220;Diante da avalanche de not\u00edcias falsas que criam uma opini\u00e3o (entre as pessoas), \u00e0s vezes nada pode ser feito&#8221;, observou.<\/p>\n\n\n\n<p>E, a esse respeito, tamb\u00e9m citou o Holocausto e como &#8220;uma opini\u00e3o foi criada contra um povo para acabar com ele&#8221;. &#8220;Depois, h\u00e1 o pequeno linchamento di\u00e1rio que tenta condenar as pessoas, criando uma m\u00e1 reputa\u00e7\u00e3o, o pequeno linchamento di\u00e1rio que cria opini\u00f5es para condenar as pessoas&#8221;, acrescentou.<\/p>\n\n\n\n<p>Francisco admitiu que na igreja tamb\u00e9m ocorrem &#8220;v\u00e1rios linchamentos todos os dias, que nascem das coscuvilhices&#8221;[fofocas].<\/p>\n\n\n\n<p class=\"has-background has-very-light-gray-background-color\">Quer saber as not\u00edcias do <strong>Aconteceu no Vale<\/strong> em primeira m\u00e3o? Siga-nos no Facebook <a rel=\"noreferrer noopener\" href=\"http:\/\/facebook.com\/aconteceunovale\" target=\"_blank\">@aconteceunovale<\/a>, Twitter <a rel=\"noreferrer noopener\" href=\"https:\/\/twitter.com\/noticiadosvales\" target=\"_blank\">@noticiadosvales<\/a> e Instagram <a rel=\"noreferrer noopener\" href=\"https:\/\/www.instagram.com\/aconteceunovale\" target=\"_blank\">@aconteceunovale<\/a>.<\/p>\n","protected":false},"excerpt":{"rendered":"<p>O papa pediu hoje (28\/4\/2020) que as pessoas sejam &#8220;obedientes&#8221; e respeitem as medidas para a sa\u00edda do confinamento imposto pelo coronav\u00edrus, &#8220;para que a pandemia n\u00e3o retorne&#8221;. &#8220;Quando come\u00e7amos a ter medidas para sair da quarentena, pedimos ao Senhor que d\u00ea ao seu povo, todos n\u00f3s, a gra\u00e7a da prud\u00eancia e obedi\u00eancia \u00e0s disposi\u00e7\u00f5es, [&hellip;]<\/p>\n","protected":false},"author":1,"featured_media":79513,"comment_status":"open","ping_status":"closed","sticky":false,"template":"","format":"standard","meta":{"amp_status":"","footnotes":""},"categories":[28848],"tags":[32395,214884,216498,218364,218365,946,220906],"class_list":["post-161744","post","type-post","status-publish","format-standard","has-post-thumbnail","hentry","category-mundo","tag-confinamento","tag-coronavirus","tag-covid-19","tag-isolamento-social","tag-pandemia-do-coronavirus","tag-papa-francisco","tag-papa-francisco-pede-respeito-por-medidas-para-a-saida-do-confinamento"],"_links":{"self":[{"href":"https:\/\/aconteceunovale.com.br\/portal\/index.php?rest_route=\/wp\/v2\/posts\/161744","targetHints":{"allow":["GET"]}}],"collection":[{"href":"https:\/\/aconteceunovale.com.br\/portal\/index.php?rest_route=\/wp\/v2\/posts"}],"about":[{"href":"https:\/\/aconteceunovale.com.br\/portal\/index.php?rest_route=\/wp\/v2\/types\/post"}],"author":[{"embeddable":true,"href":"https:\/\/aconteceunovale.com.br\/portal\/index.php?rest_route=\/wp\/v2\/users\/1"}],"replies":[{"embeddable":true,"href":"https:\/\/aconteceunovale.com.br\/portal\/index.php?rest_route=%2Fwp%2Fv2%2Fcomments&post=161744"}],"version-history":[{"count":1,"href":"https:\/\/aconteceunovale.com.br\/portal\/index.php?rest_route=\/wp\/v2\/posts\/161744\/revisions"}],"predecessor-version":[{"id":161745,"href":"https:\/\/aconteceunovale.com.br\/portal\/index.php?rest_route=\/wp\/v2\/posts\/161744\/revisions\/161745"}],"wp:featuredmedia":[{"embeddable":true,"href":"https:\/\/aconteceunovale.com.br\/portal\/index.php?rest_route=\/wp\/v2\/media\/79513"}],"wp:attachment":[{"href":"https:\/\/aconteceunovale.com.br\/portal\/index.php?rest_route=%2Fwp%2Fv2%2Fmedia&parent=161744"}],"wp:term":[{"taxonomy":"category","embeddable":true,"href":"https:\/\/aconteceunovale.com.br\/portal\/index.php?rest_route=%2Fwp%2Fv2%2Fcategories&post=161744"},{"taxonomy":"post_tag","embeddable":true,"href":"https:\/\/aconteceunovale.com.br\/portal\/index.php?rest_route=%2Fwp%2Fv2%2Ftags&post=161744"}],"curies":[{"name":"wp","href":"https:\/\/api.w.org\/{rel}","templated":true}]}}