{"id":161741,"date":"2020-04-28T12:18:24","date_gmt":"2020-04-28T15:18:24","guid":{"rendered":"http:\/\/aconteceunovale.com.br\/portal\/?p=161741"},"modified":"2020-04-28T12:19:47","modified_gmt":"2020-04-28T15:19:47","slug":"anvisa-aprova-testes-rapidos-para-covid-19-em-farmacias","status":"publish","type":"post","link":"https:\/\/aconteceunovale.com.br\/portal\/?p=161741","title":{"rendered":"Anvisa aprova testes r\u00e1pidos para Covid-19 em farm\u00e1cias"},"content":{"rendered":"\n<p>A diretoria da Ag\u00eancia Nacional de Vigil\u00e2ncia Sanit\u00e1ria (Anvisa) aprovou hoje (28) a aplica\u00e7\u00e3o de testes r\u00e1pidos para a detec\u00e7\u00e3o do novo coronav\u00edrus (covid-19) em farm\u00e1cias. Com a decis\u00e3o, a realiza\u00e7\u00e3o deixar\u00e1 de ser feita apenas em ambiente hospitalar e cl\u00ednicas das redes p\u00fablicas e privadas.<\/p>\n\n\n\n<p>\u201cO aumento [dos testes] ser\u00e1 uma estrat\u00e9gia \u00fatil para diminuir a aglomera\u00e7\u00e3o de indiv\u00edduos [em hospitais] e tamb\u00e9m reduzir a procura dos servi\u00e7os m\u00e9dicos em estabelecimento das redes p\u00fablicas\u201d, disse o diretor presidente substituto da Anvisa, Antonio Barra Torres.<\/p>\n\n\n\n<p>As farm\u00e1cias n\u00e3o ser\u00e3o obrigadas a disponibilizar o teste. O estabelecimento que optar pelo procedimento dever\u00e1 ter profissional qualificado para realizar do exame.<\/p>\n\n\n\n<p>A realiza\u00e7\u00e3o dos exames n\u00e3o servir\u00e1 para a contagem de casos do coronav\u00edrus no pa\u00eds. Em seu voto, Barra Torres, que foi o relator do processo, destacou ainda que o teste n\u00e3o ter\u00e1 efeito de confirma\u00e7\u00e3o do diagn\u00f3stico para o coronav\u00edrus, uma vez que h\u00e1 a possibilidade de o teste apontar o chamado \u201cfalso negativo\u201d, quando o paciente \u00e9 testado ainda nos primeiros dias de sintomas.<\/p>\n\n\n\n<p>&#8220;Os testes imunocromatogr\u00e1ficos n\u00e3o possuem efic\u00e1cia confirmat\u00f3ria, s\u00e3o auxiliares. Os testes com resultados negativos n\u00e3o excluem a possibilidade de infec\u00e7\u00e3o e os positivos n\u00e3o devem ser usados como evid\u00eancia absoluta de infec\u00e7\u00e3o, devendo ser realizados outros exames laboratoriais confirmat\u00f3rios\u201d, disse.<\/p>\n\n\n\n<p>A libera\u00e7\u00e3o dos testes r\u00e1pidos em farm\u00e1cias enfrentava resist\u00eancias, devido a quest\u00f5es sanit\u00e1rias e ligadas tamb\u00e9m \u00e0 efic\u00e1cia dos exames. Ao comentar a aprova\u00e7\u00e3o da realiza\u00e7\u00e3o dos testes em farm\u00e1cias, Barra Torres lembrou que esses testes v\u00eam sendo feitos por determina\u00e7\u00e3o de alguns governos locais.<\/p>\n\n\n\n<p>A libera\u00e7\u00e3o desses testes ser\u00e1 tempor\u00e1ria e deve permanecer no per\u00edodo de emerg\u00eancia de sa\u00fade p\u00fablica nacional decretado pelo Minist\u00e9rio da Sa\u00fade em 4 de fevereiro deste ano.<\/p>\n\n\n\n<p class=\"has-background has-very-light-gray-background-color\">Quer saber as not\u00edcias do <strong>Aconteceu no Vale<\/strong> em primeira m\u00e3o? Siga-nos no Facebook <a rel=\"noreferrer noopener\" href=\"http:\/\/facebook.com\/aconteceunovale\" target=\"_blank\">@aconteceunovale<\/a>, Twitter <a rel=\"noreferrer noopener\" href=\"https:\/\/twitter.com\/noticiadosvales\" target=\"_blank\">@noticiadosvales<\/a> e Instagram <a rel=\"noreferrer noopener\" href=\"https:\/\/www.instagram.com\/aconteceunovale\" target=\"_blank\">@aconteceunovale<\/a>.<\/p>\n","protected":false},"excerpt":{"rendered":"<p>A diretoria da Ag\u00eancia Nacional de Vigil\u00e2ncia Sanit\u00e1ria (Anvisa) aprovou hoje (28) a aplica\u00e7\u00e3o de testes r\u00e1pidos para a detec\u00e7\u00e3o do novo coronav\u00edrus (covid-19) em farm\u00e1cias. Com a decis\u00e3o, a realiza\u00e7\u00e3o deixar\u00e1 de ser feita apenas em ambiente hospitalar e cl\u00ednicas das redes p\u00fablicas e privadas. \u201cO aumento [dos testes] ser\u00e1 uma estrat\u00e9gia \u00fatil para [&hellip;]<\/p>\n","protected":false},"author":1,"featured_media":161742,"comment_status":"open","ping_status":"closed","sticky":false,"template":"","format":"standard","meta":{"amp_status":"","footnotes":""},"categories":[6,40242],"tags":[2278,220902,220901,214884,216498,1018,220904,220905,220903,220900],"class_list":["post-161741","post","type-post","status-publish","format-standard","has-post-thumbnail","hentry","category-br","category-saude-2","tag-anvisa","tag-anvisa-aprova-testes-rapidos-para-coronavirus-em-farmacias","tag-anvisa-aprova-testes-rapidos-para-covid-19-em-farmacias","tag-coronavirus","tag-covid-19","tag-destaque","tag-testes-rapidos-para-coronavirus","tag-testes-rapidos-para-coronavirus-em-farmacias","tag-testes-rapidos-para-covid-19","tag-testes-rapidos-para-covid-19-em-farmacias"],"_links":{"self":[{"href":"https:\/\/aconteceunovale.com.br\/portal\/index.php?rest_route=\/wp\/v2\/posts\/161741","targetHints":{"allow":["GET"]}}],"collection":[{"href":"https:\/\/aconteceunovale.com.br\/portal\/index.php?rest_route=\/wp\/v2\/posts"}],"about":[{"href":"https:\/\/aconteceunovale.com.br\/portal\/index.php?rest_route=\/wp\/v2\/types\/post"}],"author":[{"embeddable":true,"href":"https:\/\/aconteceunovale.com.br\/portal\/index.php?rest_route=\/wp\/v2\/users\/1"}],"replies":[{"embeddable":true,"href":"https:\/\/aconteceunovale.com.br\/portal\/index.php?rest_route=%2Fwp%2Fv2%2Fcomments&post=161741"}],"version-history":[{"count":1,"href":"https:\/\/aconteceunovale.com.br\/portal\/index.php?rest_route=\/wp\/v2\/posts\/161741\/revisions"}],"predecessor-version":[{"id":161743,"href":"https:\/\/aconteceunovale.com.br\/portal\/index.php?rest_route=\/wp\/v2\/posts\/161741\/revisions\/161743"}],"wp:featuredmedia":[{"embeddable":true,"href":"https:\/\/aconteceunovale.com.br\/portal\/index.php?rest_route=\/wp\/v2\/media\/161742"}],"wp:attachment":[{"href":"https:\/\/aconteceunovale.com.br\/portal\/index.php?rest_route=%2Fwp%2Fv2%2Fmedia&parent=161741"}],"wp:term":[{"taxonomy":"category","embeddable":true,"href":"https:\/\/aconteceunovale.com.br\/portal\/index.php?rest_route=%2Fwp%2Fv2%2Fcategories&post=161741"},{"taxonomy":"post_tag","embeddable":true,"href":"https:\/\/aconteceunovale.com.br\/portal\/index.php?rest_route=%2Fwp%2Fv2%2Ftags&post=161741"}],"curies":[{"name":"wp","href":"https:\/\/api.w.org\/{rel}","templated":true}]}}