{"id":161735,"date":"2020-04-28T12:12:34","date_gmt":"2020-04-28T15:12:34","guid":{"rendered":"http:\/\/aconteceunovale.com.br\/portal\/?p=161735"},"modified":"2020-04-28T12:20:11","modified_gmt":"2020-04-28T15:20:11","slug":"bolsonaro-nomeia-andre-mendonca-para-o-ministerio-da-justica-e-alexandre-ramagem-para-a-policia-federal","status":"publish","type":"post","link":"https:\/\/aconteceunovale.com.br\/portal\/?p=161735","title":{"rendered":"Bolsonaro nomeia Andr\u00e9 Mendon\u00e7a para o Minist\u00e9rio da Justi\u00e7a e Alexandre Ramagem para a Pol\u00edcia Federal"},"content":{"rendered":"\n<p>Andr\u00e9 Luiz de Almeida Mendon\u00e7a e Alexandre Ramagem Rodrigues s\u00e3o nomeados ministro da Justi\u00e7a e Seguran\u00e7a P\u00fablica e diretor-geral da Pol\u00edcia Federal (PF), respectivamente. Os decretos assinados pelo presidente da Rep\u00fablica, Jair Bolsonaro, est\u00e3o publicados no&nbsp;<a href=\"http:\/\/www.in.gov.br\/web\/dou\/-\/decretos-de-27-de-abril-de-2020-254225083\" target=\"_blank\" rel=\"noreferrer noopener\"><em>Di\u00e1rio Oficial da Uni\u00e3o<\/em><\/a>&nbsp;desta ter\u00e7a-feira (28). Andr\u00e9 Mendon\u00e7a passa a ocupar o comando do minist\u00e9rio com a sa\u00edda de Sergio Moro e Alexandre Ramagem a chefia da PF no lugar de Maur\u00edcio Valeixo.<\/p>\n\n\n\n<p>Andr\u00e9 Mendon\u00e7a, de 46 anos, \u00e9 natural de Santos, em S\u00e3o Paulo, advogado, formado pela faculdade de direito de Bauru (SP). Ele tamb\u00e9m \u00e9 doutor em estado de direito e governan\u00e7a global e mestre em estrat\u00e9gias anticorrup\u00e7\u00e3o e pol\u00edticas de integridade pela Universidade de Salamanca, na Espanha; \u00e9 p\u00f3s-graduado em direito p\u00fablico pela Universidade de Bras\u00edlia.<\/p>\n\n\n\n<p>\u00c9 advogado da Uni\u00e3o desde 2000, tendo exercido, na institui\u00e7\u00e3o, os cargos de corregedor-geral da Advocacia da Uni\u00e3o e de diretor de Patrim\u00f4nio e Probidade, dentre outros. Recentemente, na Controladoria-Geral da Uni\u00e3o (CGU), como assessor especial do ministro, coordenou equipes de negocia\u00e7\u00e3o de acordos de leni\u00eancia celebrados pela Uni\u00e3o e empresas privadas.<\/p>\n\n\n\n<figure class=\"wp-block-gallery columns-1 is-cropped wp-block-gallery-1 is-layout-flex wp-block-gallery-is-layout-flex\"><ul class=\"blocks-gallery-grid\"><li class=\"blocks-gallery-item\"><figure><img loading=\"lazy\" decoding=\"async\" width=\"678\" height=\"406\" src=\"http:\/\/aconteceunovale.com.br\/portal\/wp-content\/uploads\/2020\/04\/andre_mendoca-1.jpg\" alt=\"\" data-id=\"161738\" data-full-url=\"http:\/\/aconteceunovale.com.br\/portal\/wp-content\/uploads\/2020\/04\/andre_mendoca-1.jpg\" data-link=\"http:\/\/aconteceunovale.com.br\/portal\/?attachment_id=161738\" class=\"wp-image-161738\" srcset=\"https:\/\/aconteceunovale.com.br\/portal\/wp-content\/uploads\/2020\/04\/andre_mendoca-1.jpg 678w, https:\/\/aconteceunovale.com.br\/portal\/wp-content\/uploads\/2020\/04\/andre_mendoca-1-300x180.jpg 300w\" sizes=\"auto, (max-width: 678px) 100vw, 678px\" \/><figcaption class=\"blocks-gallery-item__caption\"><em>Andr\u00e9 Mendon\u00e7a \u00e9 nomeado ministro da Justi\u00e7a &#8211; Foto: Jos\u00e9 Cruz\/Ag\u00eancia Brasil<\/em><\/figcaption><\/figure><\/li><\/ul><\/figure>\n\n\n\n<p>Alexandre Ramagem, que exercia o cargo de diretor da&nbsp;Ag\u00eancia Brasileira de Intelig\u00eancia (Abin), \u00e9 graduado em direito pela Pontif\u00edcia Universidade Cat\u00f3lica do Rio de Janeiro (PUC-Rio). Ingressou na Pol\u00edcia Federal (PF) em 2005 e atualmente \u00e9 delegado de classe especial. Sua primeira lota\u00e7\u00e3o foi na Superintend\u00eancia Regional da PF no estado de Roraima.<\/p>\n\n\n\n<p>Em 2007, ele foi nomeado delegado regional de Combate ao Crime Organizado. Ramagem foi transferido, em 2011, para a sede do PF em Bras\u00edlia, com a miss\u00e3o de criar e chefiar Unidade de Repress\u00e3o a Crimes contra a Pessoa. Em 2013, assumiu a chefia da Divis\u00e3o de Administra\u00e7\u00e3o de Recursos Humanos e, a partir de 2016, passou a chefiar a Divis\u00e3o de Estudos, Legisla\u00e7\u00f5es e Pareceres da PFl.<\/p>\n\n\n\n<figure class=\"wp-block-gallery columns-1 is-cropped wp-block-gallery-2 is-layout-flex wp-block-gallery-is-layout-flex\"><ul class=\"blocks-gallery-grid\"><li class=\"blocks-gallery-item\"><figure><img loading=\"lazy\" decoding=\"async\" width=\"754\" height=\"503\" src=\"http:\/\/aconteceunovale.com.br\/portal\/wp-content\/uploads\/2020\/04\/ramagem_pf.jpg\" alt=\"\" data-id=\"161736\" data-full-url=\"http:\/\/aconteceunovale.com.br\/portal\/wp-content\/uploads\/2020\/04\/ramagem_pf.jpg\" data-link=\"http:\/\/aconteceunovale.com.br\/portal\/?attachment_id=161736\" class=\"wp-image-161736\" srcset=\"https:\/\/aconteceunovale.com.br\/portal\/wp-content\/uploads\/2020\/04\/ramagem_pf.jpg 754w, https:\/\/aconteceunovale.com.br\/portal\/wp-content\/uploads\/2020\/04\/ramagem_pf-300x200.jpg 300w, https:\/\/aconteceunovale.com.br\/portal\/wp-content\/uploads\/2020\/04\/ramagem_pf-696x464.jpg 696w, https:\/\/aconteceunovale.com.br\/portal\/wp-content\/uploads\/2020\/04\/ramagem_pf-630x420.jpg 630w\" sizes=\"auto, (max-width: 754px) 100vw, 754px\" \/><figcaption class=\"blocks-gallery-item__caption\"><em>Alexandre Ramagem \u00e9 nomeado diretor-geral da PF &#8211; Foto: Valter Campanato\/Ag\u00eancia Brasil<\/em><\/figcaption><\/figure><\/li><\/ul><\/figure>\n\n\n\n<p>Em 2017, tendo em conta a evolu\u00e7\u00e3o dos trabalhos da opera\u00e7\u00e3o Lava-Jato no Rio de Janeiro, Ramagem foi convidado a integrar a equipe de policiais federais respons\u00e1vel pela investiga\u00e7\u00e3o e Intelig\u00eancia de pol\u00edcia judici\u00e1ria no \u00e2mbito dessa opera\u00e7\u00e3o. A partir das atividades desenvolvidas, passou a coordenar o trabalho da PF junto ao Tribunal Regional Federal da 2\u00aa Regional, com sede no Rio de Janeiro.<\/p>\n\n\n\n<p>Em 2018, assumiu a Coordena\u00e7\u00e3o de Recursos Humanos da Pol\u00edcia Federal, na condi\u00e7\u00e3o de substituto do diretor de Gest\u00e3o de Pessoal. Em raz\u00e3o de seus conhecimentos operacionais nas \u00e1reas de seguran\u00e7a e Intelig\u00eancia, assumiu, ainda em 2018, a Coordena\u00e7\u00e3o de Seguran\u00e7a do ent\u00e3o candidato e atual presidente da Rep\u00fablica, Jair Bolsonaro.<\/p>\n\n\n\n<p class=\"has-background has-very-light-gray-background-color\">Quer saber as not\u00edcias do <strong>Aconteceu no Vale<\/strong> em primeira m\u00e3o? Siga-nos no Facebook <a rel=\"noreferrer noopener\" href=\"http:\/\/facebook.com\/aconteceunovale\" target=\"_blank\">@aconteceunovale<\/a>, Twitter <a rel=\"noreferrer noopener\" href=\"https:\/\/twitter.com\/noticiadosvales\" target=\"_blank\">@noticiadosvales<\/a> e Instagram <a rel=\"noreferrer noopener\" href=\"https:\/\/www.instagram.com\/aconteceunovale\" target=\"_blank\">@aconteceunovale<\/a>.<\/p>\n","protected":false},"excerpt":{"rendered":"<p>Andr\u00e9 Luiz de Almeida Mendon\u00e7a e Alexandre Ramagem Rodrigues s\u00e3o nomeados ministro da Justi\u00e7a e Seguran\u00e7a P\u00fablica e diretor-geral da Pol\u00edcia Federal (PF), respectivamente. Os decretos assinados pelo presidente da Rep\u00fablica, Jair Bolsonaro, est\u00e3o publicados no&nbsp;Di\u00e1rio Oficial da Uni\u00e3o&nbsp;desta ter\u00e7a-feira (28). Andr\u00e9 Mendon\u00e7a passa a ocupar o comando do minist\u00e9rio com a sa\u00edda de Sergio [&hellip;]<\/p>\n","protected":false},"author":1,"featured_media":161738,"comment_status":"open","ping_status":"closed","sticky":false,"template":"","format":"standard","meta":{"amp_status":"","footnotes":""},"categories":[6,40240],"tags":[220888,220896,220895,220898,186901,220887,220897,220899,1018,150851,220889,220890,220892,220893,220894,220891,20966,772],"class_list":["post-161735","post","type-post","status-publish","format-standard","has-post-thumbnail","hentry","category-br","category-politica-2","tag-alexandre-ramagem","tag-alexandre-ramagem-e-nomeado-diretor-geral-da-pf","tag-alexandre-ramagem-e-nomeado-diretor-geral-da-policia-federal","tag-alexandre-ramagem-rodrigues","tag-andre-luiz-de-almeida-mendonca","tag-andre-mendonca","tag-andre-mendonca-e-nomeado-ministro-da-justica","tag-bolsonaro-nomeia-andre-mendonca-para-o-ministerio-da-justica-e-alexandre-ramagem-para-a-policia-federal","tag-destaque","tag-ministerio-da-justica-e-seguranca-publica","tag-nomeacao-de-alexandre-ramagem","tag-nomeacao-de-andre-mendonca","tag-novo-chefe-da-pf","tag-novo-chefe-da-policia-federal","tag-novo-comandante-da-pf","tag-novo-ministro-da-justica","tag-pf","tag-policia-federal"],"_links":{"self":[{"href":"https:\/\/aconteceunovale.com.br\/portal\/index.php?rest_route=\/wp\/v2\/posts\/161735","targetHints":{"allow":["GET"]}}],"collection":[{"href":"https:\/\/aconteceunovale.com.br\/portal\/index.php?rest_route=\/wp\/v2\/posts"}],"about":[{"href":"https:\/\/aconteceunovale.com.br\/portal\/index.php?rest_route=\/wp\/v2\/types\/post"}],"author":[{"embeddable":true,"href":"https:\/\/aconteceunovale.com.br\/portal\/index.php?rest_route=\/wp\/v2\/users\/1"}],"replies":[{"embeddable":true,"href":"https:\/\/aconteceunovale.com.br\/portal\/index.php?rest_route=%2Fwp%2Fv2%2Fcomments&post=161735"}],"version-history":[{"count":2,"href":"https:\/\/aconteceunovale.com.br\/portal\/index.php?rest_route=\/wp\/v2\/posts\/161735\/revisions"}],"predecessor-version":[{"id":161740,"href":"https:\/\/aconteceunovale.com.br\/portal\/index.php?rest_route=\/wp\/v2\/posts\/161735\/revisions\/161740"}],"wp:featuredmedia":[{"embeddable":true,"href":"https:\/\/aconteceunovale.com.br\/portal\/index.php?rest_route=\/wp\/v2\/media\/161738"}],"wp:attachment":[{"href":"https:\/\/aconteceunovale.com.br\/portal\/index.php?rest_route=%2Fwp%2Fv2%2Fmedia&parent=161735"}],"wp:term":[{"taxonomy":"category","embeddable":true,"href":"https:\/\/aconteceunovale.com.br\/portal\/index.php?rest_route=%2Fwp%2Fv2%2Fcategories&post=161735"},{"taxonomy":"post_tag","embeddable":true,"href":"https:\/\/aconteceunovale.com.br\/portal\/index.php?rest_route=%2Fwp%2Fv2%2Ftags&post=161735"}],"curies":[{"name":"wp","href":"https:\/\/api.w.org\/{rel}","templated":true}]}}