{"id":161727,"date":"2020-04-28T11:56:32","date_gmt":"2020-04-28T14:56:32","guid":{"rendered":"http:\/\/aconteceunovale.com.br\/portal\/?p=161727"},"modified":"2020-04-28T11:58:19","modified_gmt":"2020-04-28T14:58:19","slug":"adecave-divulga-notas-explicativas-as-demonstracoes-financeiras-encerradas-em-dezembro-de-2019","status":"publish","type":"post","link":"https:\/\/aconteceunovale.com.br\/portal\/?p=161727","title":{"rendered":"ADECAVE divulga notas explicativas \u00e0s demonstra\u00e7\u00f5es financeiras encerradas em dezembro de 2019"},"content":{"rendered":"\n<p>A Associa\u00e7\u00e3o de Desenvolvimento da Crian\u00e7a e do Adolescente de Veredinha (ADECAVE) torna p\u00fablico notas explicativas \u00e0s demonstra\u00e7\u00f5es financeiras encerradas em 31 de dezembro de 2019. Confira a \u00edntegra abaixo:<\/p>\n\n\n\n<figure class=\"wp-block-image size-large\"><img decoding=\"async\" src=\"http:\/\/aconteceu.info\/adecave\/pub_adecave_1.jpg\" alt=\"\"\/><\/figure>\n\n\n\n<figure class=\"wp-block-image size-large\"><img decoding=\"async\" src=\"http:\/\/aconteceu.info\/adecave\/pub_adecave_2.jpg\" alt=\"\"\/><\/figure>\n\n\n\n<figure class=\"wp-block-image size-large\"><img decoding=\"async\" src=\"http:\/\/aconteceu.info\/adecave\/pub_adecave_3.jpg\" alt=\"\"\/><\/figure>\n\n\n\n<figure class=\"wp-block-image size-large\"><img decoding=\"async\" src=\"http:\/\/aconteceu.info\/adecave\/pub_adecave_4.jpg\" alt=\"\"\/><\/figure>\n\n\n\n<figure class=\"wp-block-image size-large\"><img decoding=\"async\" src=\"http:\/\/aconteceu.info\/adecave\/pub_adecave_5.jpg\" alt=\"\"\/><\/figure>\n\n\n\n<figure class=\"wp-block-image size-large\"><img decoding=\"async\" src=\"http:\/\/aconteceu.info\/adecave\/pub_adecave_6.jpg\" alt=\"\"\/><\/figure>\n\n\n\n<figure class=\"wp-block-image size-large\"><img decoding=\"async\" src=\"http:\/\/aconteceu.info\/adecave\/pub_adecave_7.jpg\" alt=\"\"\/><\/figure>\n\n\n\n<figure class=\"wp-block-image size-large\"><img decoding=\"async\" src=\"http:\/\/aconteceu.info\/adecave\/pub_adecave_8.jpg\" alt=\"\"\/><\/figure>\n\n\n\n<figure class=\"wp-block-image size-large\"><img decoding=\"async\" src=\"http:\/\/aconteceu.info\/adecave\/pub_adecave_9.jpg\" alt=\"\"\/><\/figure>\n\n\n\n<figure class=\"wp-block-image size-large\"><img decoding=\"async\" src=\"http:\/\/aconteceu.info\/adecave\/pub_adecave_10.jpg\" alt=\"\"\/><\/figure>\n\n\n\n<figure class=\"wp-block-image size-large\"><img decoding=\"async\" src=\"http:\/\/aconteceu.info\/adecave\/pub_adecave_11.jpg\" alt=\"\"\/><\/figure>\n\n\n\n<ul class=\"wp-block-list\"><li><a href=\"http:\/\/aconteceunovale.com.br\/portal\/wp-content\/uploads\/2020\/04\/pubadecave1.pdf\" target=\"_blank\" rel=\"noreferrer noopener\">Documento 01 (em PDF)<\/a><\/li><li><a href=\"http:\/\/aconteceunovale.com.br\/portal\/wp-content\/uploads\/2020\/04\/pubadecave2.pdf\" target=\"_blank\" rel=\"noreferrer noopener\">Documento 02 (em PDF)<\/a><\/li><\/ul>\n","protected":false},"excerpt":{"rendered":"<p>A Associa\u00e7\u00e3o de Desenvolvimento da Crian\u00e7a e do Adolescente de Veredinha (ADECAVE) torna p\u00fablico notas explicativas \u00e0s demonstra\u00e7\u00f5es financeiras encerradas em 31 de dezembro de 2019. Confira a \u00edntegra abaixo: Documento 01 (em PDF) Documento 02 (em PDF)<\/p>\n","protected":false},"author":1,"featured_media":161733,"comment_status":"open","ping_status":"closed","sticky":false,"template":"","format":"standard","meta":{"amp_status":"","footnotes":""},"categories":[155260,120],"tags":[173458,173459,220885,220883,220884,173460,173461,173463,173462,173464,220886,916],"class_list":["post-161727","post","type-post","status-publish","format-standard","has-post-thumbnail","hentry","category-editais","category-jequi","tag-adecave","tag-adecave-de-veredinha","tag-adecave-divulga-notas-explicativas-as-demonstracoes-financeiras-encerradas-em-dezembro-de-2019-2","tag-adecave-divulga-notas-explicativas-as-demonstracoes-financeiras-encerradas-em-dezembro-de-2019","tag-adecave-divulga-relatorio-sobre-demonstracoes-contabeis-e-financeiras-encerradas-em-dezembro-de-2019","tag-adecave-veredinha","tag-contabilidade-adecave","tag-demonstracoes-financeiras-da-adecave","tag-relatorio-adecave","tag-relatorio-adecave-veredinha","tag-relatorio-contabil-adecave","tag-veredinha"],"_links":{"self":[{"href":"https:\/\/aconteceunovale.com.br\/portal\/index.php?rest_route=\/wp\/v2\/posts\/161727","targetHints":{"allow":["GET"]}}],"collection":[{"href":"https:\/\/aconteceunovale.com.br\/portal\/index.php?rest_route=\/wp\/v2\/posts"}],"about":[{"href":"https:\/\/aconteceunovale.com.br\/portal\/index.php?rest_route=\/wp\/v2\/types\/post"}],"author":[{"embeddable":true,"href":"https:\/\/aconteceunovale.com.br\/portal\/index.php?rest_route=\/wp\/v2\/users\/1"}],"replies":[{"embeddable":true,"href":"https:\/\/aconteceunovale.com.br\/portal\/index.php?rest_route=%2Fwp%2Fv2%2Fcomments&post=161727"}],"version-history":[{"count":1,"href":"https:\/\/aconteceunovale.com.br\/portal\/index.php?rest_route=\/wp\/v2\/posts\/161727\/revisions"}],"predecessor-version":[{"id":161734,"href":"https:\/\/aconteceunovale.com.br\/portal\/index.php?rest_route=\/wp\/v2\/posts\/161727\/revisions\/161734"}],"wp:featuredmedia":[{"embeddable":true,"href":"https:\/\/aconteceunovale.com.br\/portal\/index.php?rest_route=\/wp\/v2\/media\/161733"}],"wp:attachment":[{"href":"https:\/\/aconteceunovale.com.br\/portal\/index.php?rest_route=%2Fwp%2Fv2%2Fmedia&parent=161727"}],"wp:term":[{"taxonomy":"category","embeddable":true,"href":"https:\/\/aconteceunovale.com.br\/portal\/index.php?rest_route=%2Fwp%2Fv2%2Fcategories&post=161727"},{"taxonomy":"post_tag","embeddable":true,"href":"https:\/\/aconteceunovale.com.br\/portal\/index.php?rest_route=%2Fwp%2Fv2%2Ftags&post=161727"}],"curies":[{"name":"wp","href":"https:\/\/api.w.org\/{rel}","templated":true}]}}