{"id":161721,"date":"2020-04-28T10:57:41","date_gmt":"2020-04-28T13:57:41","guid":{"rendered":"http:\/\/aconteceunovale.com.br\/portal\/?p=161721"},"modified":"2020-04-28T10:59:52","modified_gmt":"2020-04-28T13:59:52","slug":"governo-de-minas-gerais-divulga-protocolos-sanitarios-para-retomada-de-atividades-economicas","status":"publish","type":"post","link":"https:\/\/aconteceunovale.com.br\/portal\/?p=161721","title":{"rendered":"Governo de Minas Gerais divulga protocolos sanit\u00e1rios para retomada de atividades econ\u00f4micas"},"content":{"rendered":"\n<p>A partir desta ter\u00e7a-feira (28\/04\/2020), prefeitos, empres\u00e1rios e a popula\u00e7\u00e3o mineira ter\u00e3o acesso aos protocolos sanit\u00e1rios criados pelo\u00a0Governo de Minas\u00a0para retomada consciente e segura das atividades econ\u00f4micas nos munic\u00edpios. A iniciativa faz do plano \u201cMinas Consciente \u2013 Retomando a economia do jeito certo\u201d, desenvolvido pelas secretarias de Estado de\u00a0Desenvolvimento Econ\u00f4mico (Sede)\u00a0e de\u00a0Sa\u00fade (SES), que aborda a retomada gradual, progressiva e regionalizada, embasada em crit\u00e9rios e dados epidemiol\u00f3gicos, a partir de um monitoramento constante da situa\u00e7\u00e3o pand\u00eamica.<\/p>\n\n\n\n<p>O governador Romeu Zema reafirma que a principal preocupa\u00e7\u00e3o continua sendo preservar a sa\u00fade da popula\u00e7\u00e3o. \u201cNosso compromisso \u00e9 com a vida dos mineiros. Todos os protocolos est\u00e3o detalhados de forma que possam assegurar o funcionamento respons\u00e1vel dos estabelecimentos\u201d, assegura.<\/p>\n\n\n\n<p>Para garantir a seguran\u00e7a da popula\u00e7\u00e3o, os protocolos sanit\u00e1rios, que devem ser seguidos por todos cidad\u00e3os, foram divididos de acordo com as especificidades dos setores econ\u00f4micos, sendo organizados em orienta\u00e7\u00f5es b\u00e1sicas, comuns a todos, e orienta\u00e7\u00f5es espec\u00edficas, destinadas aos empres\u00e1rios e consumidores. Esses protocolos ser\u00e3o disponibilizados de forma progressiva, conforme indicadores de capacidade assistencial e de propaga\u00e7\u00e3o da doen\u00e7a.<\/p>\n\n\n\n<p>Com base nesses indicadores, o Minas Consciente montou uma matriz de risco, que segmenta as atividades econ\u00f4micas em quatro \u201condas\u201d, sendo: onda verde \u2013 servi\u00e7os essenciais; onda branca \u2013 baixo risco; onda amarela \u2013 m\u00e9dio risco; onda vermelha \u2013 alto risco. Vale salientar que, de acordo com os dados e an\u00e1lise do cen\u00e1rio epidemiol\u00f3gico, os segmentos podem mudar de onda. Existe, ainda, uma lista de setores econ\u00f4micos que, devido a seu grande risco de propaga\u00e7\u00e3o da doen\u00e7a, comp\u00f5e um grupo \u00e0 parte, que devem ter suas atividades retomadas somente ap\u00f3s normaliza\u00e7\u00e3o da situa\u00e7\u00e3o pand\u00eamica no Brasil.<\/p>\n\n\n\n<p>Essas ondas, com seus respectivos protocolos, ser\u00e3o disponibilizados, gradualmente, a come\u00e7ar pela onda verde (servi\u00e7os essenciais), que estar\u00e1 dispon\u00edvel no\u00a0<a href=\"https:\/\/www.mg.gov.br\/minasconsciente\" target=\"_blank\" rel=\"noreferrer noopener\">www.saude.mg.gov.br\/minasconsciente<\/a>\u00a0e no aplicativo \u201cMG App Empresas\u201d. Os protocolos da onda branca (baixo risco) ser\u00e3o divulgados na quarta-feira (29\/4). Os demais, ao longo dos pr\u00f3ximos dias.<\/p>\n\n\n\n<p>O secret\u00e1rio de Sa\u00fade Carlos Eduardo Amaral enfatizou que o objetivo do plano \u00e9 dar uma coordena\u00e7\u00e3o e um direcionamento aos prefeitos de todos os munic\u00edpios mineiros, com objetivo de alinhar as a\u00e7\u00f5es em todo o estado e facilitar a governan\u00e7a no enfrentamento da Covid 19. &#8220;Ressalto ainda a import\u00e2ncia de seguir mantendo os cuidados e as medidas de seguran\u00e7a, pois, ainda n\u00e3o vencemos esta guerra&#8221;, afirma.<\/p>\n\n\n\n<p>O secret\u00e1rio de Desenvolvimento Econ\u00f4mico C\u00e1ssio Rocha Azevedo refor\u00e7a que o Minas Consciente est\u00e1 embasado em dados cient\u00edficos, informa\u00e7\u00f5es t\u00e9cnicas e equipe qualificada para melhor orientar os prefeitos e prefeitas. \u201cO programa \u00e9 uma ferramenta para que a tomada de decis\u00e3o, que \u00e9 de responsabilidade dos munic\u00edpios, seja de forma consciente e progressiva. Assim, conseguiremos reaquecer a economia de Minas Gerais de forma segura para todos\u201d, afirma.<\/p>\n\n\n\n<p>A partir dessa iniciativa, o Governo de Minas busca conduzir a atua\u00e7\u00e3o no estado de forma coordenada, trazendo mais controle e efetividade para o enfrentamento da situa\u00e7\u00e3o atual. A ado\u00e7\u00e3o das medidas e a retomada das atividades econ\u00f4micas ficar\u00e3o a crit\u00e9rio dos gestores municipais, a partir de informa\u00e7\u00f5es fornecidas pelo governo estadual. Tamb\u00e9m cabe aos dirigentes das cidades o acompanhamento cont\u00ednuo de qualquer medida de flexibiliza\u00e7\u00e3o, para monitorar seus efeitos sobre a curva de tend\u00eancia de contamina\u00e7\u00e3o, com possibilidade de regress\u00e3o em caso de cen\u00e1rios adversos.<\/p>\n\n\n\n<p class=\"has-background has-very-light-gray-background-color\">Quer saber as not\u00edcias do <strong>Aconteceu no Vale<\/strong> em primeira m\u00e3o? Siga-nos no Facebook <a rel=\"noreferrer noopener\" href=\"http:\/\/facebook.com\/aconteceunovale\" target=\"_blank\">@aconteceunovale<\/a>, Twitter <a rel=\"noreferrer noopener\" href=\"https:\/\/twitter.com\/noticiadosvales\" target=\"_blank\">@noticiadosvales<\/a> e Instagram <a rel=\"noreferrer noopener\" href=\"https:\/\/www.instagram.com\/aconteceunovale\" target=\"_blank\">@aconteceunovale<\/a>.<\/p>\n","protected":false},"excerpt":{"rendered":"<p>A partir desta ter\u00e7a-feira (28\/04\/2020), prefeitos, empres\u00e1rios e a popula\u00e7\u00e3o mineira ter\u00e3o acesso aos protocolos sanit\u00e1rios criados pelo\u00a0Governo de Minas\u00a0para retomada consciente e segura das atividades econ\u00f4micas nos munic\u00edpios. A iniciativa faz do plano \u201cMinas Consciente \u2013 Retomando a economia do jeito certo\u201d, desenvolvido pelas secretarias de Estado de\u00a0Desenvolvimento Econ\u00f4mico (Sede)\u00a0e de\u00a0Sa\u00fade (SES), que aborda [&hellip;]<\/p>\n","protected":false},"author":1,"featured_media":161722,"comment_status":"open","ping_status":"closed","sticky":false,"template":"","format":"standard","meta":{"amp_status":"","footnotes":""},"categories":[121,123,1236,120,122],"tags":[220462,206223,214884,217542,216498,217739,1018,219122,219965,220460,220880,220472,218912,220474,220473,219962,215653,218365,219964,219412,220476,220881,220464,220463,220475,220461,220459,52113],"class_list":["post-161721","post","type-post","status-publish","format-standard","has-post-thumbnail","hentry","category-leste","category-gerais","category-norte_de_minas","category-jequi","category-mucuri","tag-abertura-do-comercio-em-minas-gerais","tag-carlos-eduardo-amaral","tag-coronavirus","tag-coronavirus-em-minas-gerais","tag-covid-19","tag-covid-19-em-minas-gerais","tag-destaque","tag-distanciamento-social","tag-distanciamento-social-em-minas-gerais","tag-flexibilizacao-do-isolamento-em-minas-gerais","tag-governo-de-minas-gerais-divulga-protocolos-sanitarios-para-retomada-de-atividades-economicas","tag-governo-de-minas-gerais-lanca-protocolo-sanitario-para-retomada-da-economia","tag-marcelo-cabral","tag-minas-consciente","tag-minas-consciente-retomando-a-economia-do-jeito-certo","tag-nova-projecao-da-ses-mg-aponta-pico-da-covid-19-no-final-de-maio","tag-novo-coronavirus","tag-pandemia-do-coronavirus","tag-pico-da-covid-19-em-minas-gerais","tag-pico-do-coronavirus-em-minas-gerais","tag-protocolo-sanitario-de-minas-gerias","tag-protocolos-sanitarios-minas-gerais","tag-reabertura-do-comercio-em-minas-gerias","tag-retomada-da-economia-em-minas-gerais","tag-retomando-a-economia-do-jeito-certo","tag-romeu-zema-anuncia-plano-de-flexibilizacao-do-isolamento-em-minas-gerais","tag-secretaria-de-saude-revisa-pico-da-covid-19-em-minas-gerais-para-inicio-de-junho","tag-ses-mg"],"_links":{"self":[{"href":"https:\/\/aconteceunovale.com.br\/portal\/index.php?rest_route=\/wp\/v2\/posts\/161721","targetHints":{"allow":["GET"]}}],"collection":[{"href":"https:\/\/aconteceunovale.com.br\/portal\/index.php?rest_route=\/wp\/v2\/posts"}],"about":[{"href":"https:\/\/aconteceunovale.com.br\/portal\/index.php?rest_route=\/wp\/v2\/types\/post"}],"author":[{"embeddable":true,"href":"https:\/\/aconteceunovale.com.br\/portal\/index.php?rest_route=\/wp\/v2\/users\/1"}],"replies":[{"embeddable":true,"href":"https:\/\/aconteceunovale.com.br\/portal\/index.php?rest_route=%2Fwp%2Fv2%2Fcomments&post=161721"}],"version-history":[{"count":1,"href":"https:\/\/aconteceunovale.com.br\/portal\/index.php?rest_route=\/wp\/v2\/posts\/161721\/revisions"}],"predecessor-version":[{"id":161723,"href":"https:\/\/aconteceunovale.com.br\/portal\/index.php?rest_route=\/wp\/v2\/posts\/161721\/revisions\/161723"}],"wp:featuredmedia":[{"embeddable":true,"href":"https:\/\/aconteceunovale.com.br\/portal\/index.php?rest_route=\/wp\/v2\/media\/161722"}],"wp:attachment":[{"href":"https:\/\/aconteceunovale.com.br\/portal\/index.php?rest_route=%2Fwp%2Fv2%2Fmedia&parent=161721"}],"wp:term":[{"taxonomy":"category","embeddable":true,"href":"https:\/\/aconteceunovale.com.br\/portal\/index.php?rest_route=%2Fwp%2Fv2%2Fcategories&post=161721"},{"taxonomy":"post_tag","embeddable":true,"href":"https:\/\/aconteceunovale.com.br\/portal\/index.php?rest_route=%2Fwp%2Fv2%2Ftags&post=161721"}],"curies":[{"name":"wp","href":"https:\/\/api.w.org\/{rel}","templated":true}]}}