{"id":161717,"date":"2020-04-28T09:30:58","date_gmt":"2020-04-28T12:30:58","guid":{"rendered":"http:\/\/aconteceunovale.com.br\/portal\/?p=161717"},"modified":"2020-04-28T20:42:15","modified_gmt":"2020-04-28T23:42:15","slug":"filho-mata-pai-na-zona-rural-de-turmalina-no-vale-do-jequitinhonha","status":"publish","type":"post","link":"https:\/\/aconteceunovale.com.br\/portal\/?p=161717","title":{"rendered":"Filho mata pai na zona rural de Turmalina, no Vale do Jequitinhonha"},"content":{"rendered":"\n<p>Um homem de 78 anos foi assassinado na zona rural de Turmalina, no Vale do Jequitinhonha, na tarde dessa segunda-feira (27\/04\/2020). O principal suspeito do crime, segundo as informa\u00e7\u00f5es iniciais da Pol\u00edcia Militar (PM), \u00e9 um filho da v\u00edtima. O crime b\u00e1rbaro aconteceu na comunidade de Macuj\u00e9 e a motiva\u00e7\u00e3o seria um desentendimento por causa do dinheiro do aux\u00edlio emergencial do governo federal.<\/p>\n\n\n\n<p>Segundo o registro da PM, um dos filhos da v\u00edtima Otaviano Alecrim da Costa sacou os R$ 600 do benef\u00edcio e utilizou a quantia para comprar uma cesta b\u00e1sica e algumas contas. Ao chegar em casa, ele entregou a sobra de R$ 240 para o pai. O suspeito do homic\u00eddio, de 34 anos, exigiu o dinheiro e, diante da negativa, come\u00e7ou a discutir com o idoso.<\/p>\n\n\n\n<p>Ainda segundo a pol\u00edcia, o suspeito pegou uma foice durante a briga e golpeou Otaviano. O irm\u00e3o dele tentou evitar as agress\u00f5es, mas temendo ser morto, saiu do local e pediu socorro.<\/p>\n\n\n\n<p>O idoso n\u00e3o resistiu aos graves ferimentos e veio a \u00f3bito. A per\u00edcia da Pol\u00edcia Civil esteve no local e apreendeu duas foices, uma faca de cozinha e a quantia de R$ 240, que estava no bolso da v\u00edtima.<\/p>\n\n\n\n<p>O corpo de Otaviano foi encaminhado ao IML (Instituto M\u00e9dico Legal) de Capelinha. O suspeito do crime foi preso e conduzido \u00e0 Delegacia de Pol\u00edcia Civil local.<\/p>\n\n\n\n<p class=\"has-background has-very-light-gray-background-color\">Quer saber as not\u00edcias do <strong>Aconteceu no Vale<\/strong> em primeira m\u00e3o? Siga-nos no Facebook <a rel=\"noreferrer noopener\" href=\"http:\/\/facebook.com\/aconteceunovale\" target=\"_blank\">@aconteceunovale<\/a>, Twitter <a rel=\"noreferrer noopener\" href=\"https:\/\/twitter.com\/noticiadosvales\" target=\"_blank\">@noticiadosvales<\/a> e Instagram <a rel=\"noreferrer noopener\" href=\"https:\/\/www.instagram.com\/aconteceunovale\" target=\"_blank\">@aconteceunovale<\/a>.<\/p>\n","protected":false},"excerpt":{"rendered":"<p>Um homem de 78 anos foi assassinado na zona rural de Turmalina, no Vale do Jequitinhonha, na tarde dessa segunda-feira (27\/04\/2020). O principal suspeito do crime, segundo as informa\u00e7\u00f5es iniciais da Pol\u00edcia Militar (PM), \u00e9 um filho da v\u00edtima. O crime b\u00e1rbaro aconteceu na comunidade de Macuj\u00e9 e a motiva\u00e7\u00e3o seria um desentendimento por causa [&hellip;]<\/p>\n","protected":false},"author":1,"featured_media":151866,"comment_status":"open","ping_status":"closed","sticky":false,"template":"","format":"standard","meta":{"amp_status":"","footnotes":""},"categories":[120],"tags":[52760,33861,132,1018,220875,220878,52761,220877,52757,220876,220879,220874,178],"class_list":["post-161717","post","type-post","status-publish","format-standard","has-post-thumbnail","hentry","category-jequi","tag-assassinado-em-turmalina","tag-assassinato-em-turmalina","tag-capelinha","tag-destaque","tag-filho-mata-pai-na-zona-rural-de-turmalina","tag-homem-mata-pai-em-turmalina","tag-homicidio-em-turmalina","tag-idoso-morto-em-turmalina","tag-morte-em-turmalina","tag-morto-pelo-filho-em-turmalina","tag-otaviano-alecrim-da-costa","tag-pai-e-assassinado-por-filho-na-zona-rural-de-turmalina","tag-turmalina"],"_links":{"self":[{"href":"https:\/\/aconteceunovale.com.br\/portal\/index.php?rest_route=\/wp\/v2\/posts\/161717","targetHints":{"allow":["GET"]}}],"collection":[{"href":"https:\/\/aconteceunovale.com.br\/portal\/index.php?rest_route=\/wp\/v2\/posts"}],"about":[{"href":"https:\/\/aconteceunovale.com.br\/portal\/index.php?rest_route=\/wp\/v2\/types\/post"}],"author":[{"embeddable":true,"href":"https:\/\/aconteceunovale.com.br\/portal\/index.php?rest_route=\/wp\/v2\/users\/1"}],"replies":[{"embeddable":true,"href":"https:\/\/aconteceunovale.com.br\/portal\/index.php?rest_route=%2Fwp%2Fv2%2Fcomments&post=161717"}],"version-history":[{"count":3,"href":"https:\/\/aconteceunovale.com.br\/portal\/index.php?rest_route=\/wp\/v2\/posts\/161717\/revisions"}],"predecessor-version":[{"id":161773,"href":"https:\/\/aconteceunovale.com.br\/portal\/index.php?rest_route=\/wp\/v2\/posts\/161717\/revisions\/161773"}],"wp:featuredmedia":[{"embeddable":true,"href":"https:\/\/aconteceunovale.com.br\/portal\/index.php?rest_route=\/wp\/v2\/media\/151866"}],"wp:attachment":[{"href":"https:\/\/aconteceunovale.com.br\/portal\/index.php?rest_route=%2Fwp%2Fv2%2Fmedia&parent=161717"}],"wp:term":[{"taxonomy":"category","embeddable":true,"href":"https:\/\/aconteceunovale.com.br\/portal\/index.php?rest_route=%2Fwp%2Fv2%2Fcategories&post=161717"},{"taxonomy":"post_tag","embeddable":true,"href":"https:\/\/aconteceunovale.com.br\/portal\/index.php?rest_route=%2Fwp%2Fv2%2Ftags&post=161717"}],"curies":[{"name":"wp","href":"https:\/\/api.w.org\/{rel}","templated":true}]}}