{"id":161715,"date":"2020-04-28T00:27:58","date_gmt":"2020-04-28T03:27:58","guid":{"rendered":"http:\/\/aconteceunovale.com.br\/portal\/?p=161715"},"modified":"2020-04-28T00:28:54","modified_gmt":"2020-04-28T03:28:54","slug":"ministro-do-supremo-abre-inquerito-para-investigar-declaracoes-de-sergio-moro","status":"publish","type":"post","link":"https:\/\/aconteceunovale.com.br\/portal\/?p=161715","title":{"rendered":"Ministro do Supremo abre inqu\u00e9rito para investigar declara\u00e7\u00f5es de Sergio Moro"},"content":{"rendered":"\n<p>O ministro do Supremo Tribunal Federal (STF) Celso de Mello decidiu nesta segunda-feira (27\/04\/2020) abrir inqu\u00e9rito para investigar as declara\u00e7\u00f5es feitas pelo ex-ministro da Justi\u00e7a e Seguran\u00e7a P\u00fablica Sergio Moro, que\u00a0pediu demiss\u00e3o do cargo\u00a0e fez acusa\u00e7\u00f5es contra o presidente Jair Bolsonaro.\u00a0<\/p>\n\n\n\n<p>A decis\u00e3o do ministro atendeu a um pedido feito pelo procurador-geral da Rep\u00fablica, Augusto Aras, na semana passada. Com a abertura da investiga\u00e7\u00e3o, uma das primeiras medidas ser\u00e1 a convoca\u00e7\u00e3o de Moro para prestar depoimento e entregar eventuais provas de suposta interfer\u00eancia na Pol\u00edcia Federal (PF).&nbsp;<\/p>\n\n\n\n<p>Na sexta-feira (24), durante pronunciamento, Bolsonaro\u00a0negou que tenha pedido\u00a0para o ent\u00e3o ministro interferir em investiga\u00e7\u00f5es da PF.\u00a0\u00a0<\/p>\n\n\n\n<p class=\"has-background has-very-light-gray-background-color\">Quer saber as not\u00edcias do <strong>Aconteceu no Vale<\/strong> em primeira m\u00e3o? Siga-nos no Facebook <a rel=\"noreferrer noopener\" href=\"http:\/\/facebook.com\/aconteceunovale\" target=\"_blank\">@aconteceunovale<\/a>, Twitter <a rel=\"noreferrer noopener\" href=\"https:\/\/twitter.com\/noticiadosvales\" target=\"_blank\">@noticiadosvales<\/a> e Instagram <a rel=\"noreferrer noopener\" href=\"https:\/\/www.instagram.com\/aconteceunovale\" target=\"_blank\">@aconteceunovale<\/a>.<\/p>\n","protected":false},"excerpt":{"rendered":"<p>O ministro do Supremo Tribunal Federal (STF) Celso de Mello decidiu nesta segunda-feira (27\/04\/2020) abrir inqu\u00e9rito para investigar as declara\u00e7\u00f5es feitas pelo ex-ministro da Justi\u00e7a e Seguran\u00e7a P\u00fablica Sergio Moro, que\u00a0pediu demiss\u00e3o do cargo\u00a0e fez acusa\u00e7\u00f5es contra o presidente Jair Bolsonaro.\u00a0 A decis\u00e3o do ministro atendeu a um pedido feito pelo procurador-geral da Rep\u00fablica, Augusto [&hellip;]<\/p>\n","protected":false},"author":1,"featured_media":161503,"comment_status":"open","ping_status":"closed","sticky":false,"template":"","format":"standard","meta":{"amp_status":"","footnotes":""},"categories":[6,40240],"tags":[207806,220609,100375,220549,220553,80126,220554,220608,184405,220607,26436,19903,150851,220873,220552,220551,36446,35052,220550,28511,28510],"class_list":["post-161715","post","type-post","status-publish","format-standard","has-post-thumbnail","hentry","category-br","category-politica-2","tag-augusto-aras","tag-augusto-aras-pede-abertura-de-inquerito-para-apurar-declaracoes-de-moro","tag-bolsonaro","tag-demissao-de-moro","tag-demissao-de-sergio-moro","tag-demissao-do-ministro-da-justica","tag-demissao-do-ministro-da-justica-e-da-seguranca-publica","tag-falas-de-moro","tag-governo-bolsonaro","tag-inquerito-para-apurar-falas-de-moro","tag-jair-bolsonaro","tag-ministerio-da-justica","tag-ministerio-da-justica-e-seguranca-publica","tag-ministro-do-supremo-abre-inquerito-para-investigar-declaracoes-de-sergio-moro","tag-moro-pede-demissao","tag-moro-pede-demissao-do-governo-bolsonaro","tag-procurador-geral-da-republica","tag-sergio-moro","tag-sergio-moro-pede-demissao","tag-stf","tag-supremo-tribunal-federal"],"_links":{"self":[{"href":"https:\/\/aconteceunovale.com.br\/portal\/index.php?rest_route=\/wp\/v2\/posts\/161715","targetHints":{"allow":["GET"]}}],"collection":[{"href":"https:\/\/aconteceunovale.com.br\/portal\/index.php?rest_route=\/wp\/v2\/posts"}],"about":[{"href":"https:\/\/aconteceunovale.com.br\/portal\/index.php?rest_route=\/wp\/v2\/types\/post"}],"author":[{"embeddable":true,"href":"https:\/\/aconteceunovale.com.br\/portal\/index.php?rest_route=\/wp\/v2\/users\/1"}],"replies":[{"embeddable":true,"href":"https:\/\/aconteceunovale.com.br\/portal\/index.php?rest_route=%2Fwp%2Fv2%2Fcomments&post=161715"}],"version-history":[{"count":1,"href":"https:\/\/aconteceunovale.com.br\/portal\/index.php?rest_route=\/wp\/v2\/posts\/161715\/revisions"}],"predecessor-version":[{"id":161716,"href":"https:\/\/aconteceunovale.com.br\/portal\/index.php?rest_route=\/wp\/v2\/posts\/161715\/revisions\/161716"}],"wp:featuredmedia":[{"embeddable":true,"href":"https:\/\/aconteceunovale.com.br\/portal\/index.php?rest_route=\/wp\/v2\/media\/161503"}],"wp:attachment":[{"href":"https:\/\/aconteceunovale.com.br\/portal\/index.php?rest_route=%2Fwp%2Fv2%2Fmedia&parent=161715"}],"wp:term":[{"taxonomy":"category","embeddable":true,"href":"https:\/\/aconteceunovale.com.br\/portal\/index.php?rest_route=%2Fwp%2Fv2%2Fcategories&post=161715"},{"taxonomy":"post_tag","embeddable":true,"href":"https:\/\/aconteceunovale.com.br\/portal\/index.php?rest_route=%2Fwp%2Fv2%2Ftags&post=161715"}],"curies":[{"name":"wp","href":"https:\/\/api.w.org\/{rel}","templated":true}]}}