{"id":161710,"date":"2020-04-27T23:36:07","date_gmt":"2020-04-28T02:36:07","guid":{"rendered":"http:\/\/aconteceunovale.com.br\/portal\/?p=161710"},"modified":"2020-04-27T23:36:45","modified_gmt":"2020-04-28T02:36:45","slug":"romeu-zema-anuncia-compra-de-747-ventiladores-pulmonares","status":"publish","type":"post","link":"https:\/\/aconteceunovale.com.br\/portal\/?p=161710","title":{"rendered":"Romeu Zema anuncia compra de 747 ventiladores pulmonares"},"content":{"rendered":"\n<p>O governador Romeu Zema anunciou, nesta segunda-feira (27\/04\/2020), a compra de 747 ventiladores pulmonares. O\u00a0Governo de Minas Gerais,\u00a0por meio da\u00a0Advocacia-Geral do Estado (AGE-MG), em uma atua\u00e7\u00e3o conjunta com o Minist\u00e9rio P\u00fablico e com a\u00a0Secretaria de Planejamento e Gest\u00e3o (Seplag), conseguiu autoriza\u00e7\u00e3o da Justi\u00e7a Federal para adquirir os equipamentos que ser\u00e3o utilizados no combate ao coronav\u00edrus (Covid-19).<\/p>\n\n\n\n<p>O recurso vem de parte da quantia depositada em ju\u00edzo pela Samarco, a t\u00edtulo de garantia do desastre socioambiental causado pelo rompimento de uma barragem da mineradora, em novembro de 2015, em Mariana.<\/p>\n\n\n\n<p>\u201cEm Minas Gerais, trabalhamos dia e noite para combater o coronav\u00edrus. Nossa atua\u00e7\u00e3o r\u00e1pida tem surtido resultados. Temos hoje 3% dos leitos de UTI com pacientes com suspeita ou confirma\u00e7\u00e3o da doen\u00e7a. Esses respiradores ajudar\u00e3o muito na continuidade das a\u00e7\u00f5es no estado\u201d, afirmou Zema.<\/p>\n\n\n\n<p>&#8220;A AGE-MG se empenhou, por determina\u00e7\u00e3o do governador Romeu Zema, na libera\u00e7\u00e3o do recurso, via homologa\u00e7\u00e3o judicial, para a preven\u00e7\u00e3o, o controle e a conten\u00e7\u00e3o da Covid-19&#8221;, disse o advogado-geral do Estado, S\u00e9rgio Pessoa.<\/p>\n\n\n\n<p>O valor da compra ser\u00e1 de R$ 43.965.000. Ser\u00e3o dois tipos de equipamentos:<\/p>\n\n\n\n<ul class=\"wp-block-list\"><li>562 servoventiladores para pacientes adultos\/pedi\u00e1tricos (modelo Carmel, marca KTK), tendo os seguintes acess\u00f3rios: um circuito adulto, sensor de fluxo, umidificador, bra\u00e7o articulado, mangueira de O2 e ar. Cada unidade sair\u00e1 a R$ 70.000;<\/li><\/ul>\n\n\n\n<ul class=\"wp-block-list\"><li>185 ventiladores de transporte para pacientes adultos, pedi\u00e1tricos e neonatais (modelo Microtak Total, marca KTK), tendo como acess\u00f3rios um circuito adulto, mangueira de O2 e suporte para ambul\u00e2ncia\/maca. Cada unidade sair\u00e1 a R$ 25.000.<\/li><\/ul>\n\n\n\n<figure class=\"wp-block-gallery columns-1 is-cropped wp-block-gallery-1 is-layout-flex wp-block-gallery-is-layout-flex\"><ul class=\"blocks-gallery-grid\"><li class=\"blocks-gallery-item\"><figure><img loading=\"lazy\" decoding=\"async\" width=\"664\" height=\"450\" src=\"http:\/\/aconteceunovale.com.br\/portal\/wp-content\/uploads\/2020\/04\/respirador_mg.jpg\" alt=\"\" data-id=\"161711\" data-full-url=\"http:\/\/aconteceunovale.com.br\/portal\/wp-content\/uploads\/2020\/04\/respirador_mg.jpg\" data-link=\"http:\/\/aconteceunovale.com.br\/portal\/?attachment_id=161711\" class=\"wp-image-161711\" srcset=\"https:\/\/aconteceunovale.com.br\/portal\/wp-content\/uploads\/2020\/04\/respirador_mg.jpg 664w, https:\/\/aconteceunovale.com.br\/portal\/wp-content\/uploads\/2020\/04\/respirador_mg-300x203.jpg 300w, https:\/\/aconteceunovale.com.br\/portal\/wp-content\/uploads\/2020\/04\/respirador_mg-620x420.jpg 620w\" sizes=\"auto, (max-width: 664px) 100vw, 664px\" \/><figcaption class=\"blocks-gallery-item__caption\"><em>Foto: Gil Leonardi \/ Imprensa MG<\/em><\/figcaption><\/figure><\/li><\/ul><\/figure>\n\n\n\n<p>A fornecedora ser\u00e1 a KTK Ind. Imp. Exp. Com. de Equipamentos Hospitalares, com sede em S\u00e3o Paulo, e o acordo foi homologado pelo juiz M\u00e1rio de Paula Franco J\u00fanior, da 12\u00aa Vara Federal em Belo Horizonte.<\/p>\n\n\n\n<p>Os respiradores que ser\u00e3o fornecidos pela empresa foram aprovados pela\u00a0Secretaria de Estado de Sa\u00fade (SES-MG)\u00a0e, segundo a proposta comercial, a programa\u00e7\u00e3o para a entrega ocorrer\u00e1 nos meses de junho, julho e agosto. Metade dos R$ 43.965.000\u00a0ser\u00e1 paga \u00e0 vista.<\/p>\n\n\n\n<p>Al\u00e9m da compra dos equipamentos num momento em que governos de todo o planeta disputam ventiladores pulmonares, o Estado de Minas Gerais conseguiu uma economia importante, levado em conta o pre\u00e7o m\u00e9dio praticado no mercado internacional.<\/p>\n\n\n\n<p>Na decis\u00e3o que deferiu a homologa\u00e7\u00e3o do acordo, o juiz federal concluiu que &#8220;o pre\u00e7o de R$ 70 mil para cada ventilador destinado a uso em CTI, n\u00e3o obstante encontrar-se em patamar acima do que era praticado antes da pandemia mundial da Covid-19, encontra-se muito aqu\u00e9m dos pre\u00e7os or\u00e7ados na China, praticados na m\u00e9dia de R$ 350 mil para cada respirador, sem contabilizar os custos de importa\u00e7\u00e3o, frete e o risco de transa\u00e7\u00f5es internacionais fechadas apenas por WhatsApp&#8221;.<\/p>\n\n\n\n<p class=\"has-background has-very-light-gray-background-color\">Quer saber as not\u00edcias do <strong>Aconteceu no Vale<\/strong> em primeira m\u00e3o? Siga-nos no Facebook <a rel=\"noreferrer noopener\" href=\"http:\/\/facebook.com\/aconteceunovale\" target=\"_blank\">@aconteceunovale<\/a>, Twitter <a rel=\"noreferrer noopener\" href=\"https:\/\/twitter.com\/noticiadosvales\" target=\"_blank\">@noticiadosvales<\/a> e Instagram <a rel=\"noreferrer noopener\" href=\"https:\/\/www.instagram.com\/aconteceunovale\" target=\"_blank\">@aconteceunovale<\/a>.<\/p>\n","protected":false},"excerpt":{"rendered":"<p>O governador Romeu Zema anunciou, nesta segunda-feira (27\/04\/2020), a compra de 747 ventiladores pulmonares. O\u00a0Governo de Minas Gerais,\u00a0por meio da\u00a0Advocacia-Geral do Estado (AGE-MG), em uma atua\u00e7\u00e3o conjunta com o Minist\u00e9rio P\u00fablico e com a\u00a0Secretaria de Planejamento e Gest\u00e3o (Seplag), conseguiu autoriza\u00e7\u00e3o da Justi\u00e7a Federal para adquirir os equipamentos que ser\u00e3o utilizados no combate ao coronav\u00edrus [&hellip;]<\/p>\n","protected":false},"author":1,"featured_media":161711,"comment_status":"open","ping_status":"closed","sticky":false,"template":"","format":"standard","meta":{"amp_status":"","footnotes":""},"categories":[123,40242],"tags":[58818,214884,216498,184213,51191,220867,220868,7363,220869,65266,218365,178207,220866,32642,52113,2910,181383],"class_list":["post-161710","post","type-post","status-publish","format-standard","has-post-thumbnail","hentry","category-gerais","category-saude-2","tag-age-mg","tag-coronavirus","tag-covid-19","tag-governador-romeu-zema","tag-governo-de-minas-gerais","tag-ktk","tag-ktk-ind-imp-exp-com-de-equipamentos-hospitalares","tag-mariana","tag-mario-de-paula-franco-junior","tag-mineradora-samarco","tag-pandemia-do-coronavirus","tag-romeu-zema","tag-romeu-zema-anuncia-compra-de-747-ventiladores-pulmonares","tag-samarco","tag-ses-mg","tag-vale","tag-zema"],"_links":{"self":[{"href":"https:\/\/aconteceunovale.com.br\/portal\/index.php?rest_route=\/wp\/v2\/posts\/161710","targetHints":{"allow":["GET"]}}],"collection":[{"href":"https:\/\/aconteceunovale.com.br\/portal\/index.php?rest_route=\/wp\/v2\/posts"}],"about":[{"href":"https:\/\/aconteceunovale.com.br\/portal\/index.php?rest_route=\/wp\/v2\/types\/post"}],"author":[{"embeddable":true,"href":"https:\/\/aconteceunovale.com.br\/portal\/index.php?rest_route=\/wp\/v2\/users\/1"}],"replies":[{"embeddable":true,"href":"https:\/\/aconteceunovale.com.br\/portal\/index.php?rest_route=%2Fwp%2Fv2%2Fcomments&post=161710"}],"version-history":[{"count":1,"href":"https:\/\/aconteceunovale.com.br\/portal\/index.php?rest_route=\/wp\/v2\/posts\/161710\/revisions"}],"predecessor-version":[{"id":161712,"href":"https:\/\/aconteceunovale.com.br\/portal\/index.php?rest_route=\/wp\/v2\/posts\/161710\/revisions\/161712"}],"wp:featuredmedia":[{"embeddable":true,"href":"https:\/\/aconteceunovale.com.br\/portal\/index.php?rest_route=\/wp\/v2\/media\/161711"}],"wp:attachment":[{"href":"https:\/\/aconteceunovale.com.br\/portal\/index.php?rest_route=%2Fwp%2Fv2%2Fmedia&parent=161710"}],"wp:term":[{"taxonomy":"category","embeddable":true,"href":"https:\/\/aconteceunovale.com.br\/portal\/index.php?rest_route=%2Fwp%2Fv2%2Fcategories&post=161710"},{"taxonomy":"post_tag","embeddable":true,"href":"https:\/\/aconteceunovale.com.br\/portal\/index.php?rest_route=%2Fwp%2Fv2%2Ftags&post=161710"}],"curies":[{"name":"wp","href":"https:\/\/api.w.org\/{rel}","templated":true}]}}