{"id":161702,"date":"2020-04-27T22:53:52","date_gmt":"2020-04-28T01:53:52","guid":{"rendered":"http:\/\/aconteceunovale.com.br\/portal\/?p=161702"},"modified":"2020-04-27T23:02:46","modified_gmt":"2020-04-28T02:02:46","slug":"mulher-que-agrediu-filha-em-montes-claros-e-indiciada-por-tortura","status":"publish","type":"post","link":"https:\/\/aconteceunovale.com.br\/portal\/?p=161702","title":{"rendered":"Mulher que agrediu filha em Montes Claros \u00e9 indiciada por tortura"},"content":{"rendered":"\n<p>A Pol\u00edcia Civil de Minas Gerais (PCMG) em Montes Claros, no Norte do Estado, concluiu nesta segunda-feira (27\/04\/2020) inqu\u00e9rito que apurou crime de tortura cometido por uma m\u00e3e. Segundo as investiga\u00e7\u00f5es, ela agrediu uma filha de sete anos com requintes de crueldade. O ex-companheiro da suspeita foi indiciado por extors\u00e3o.<\/p>\n\n\n\n<p><strong>O crime<\/strong><\/p>\n\n\n\n<p>Depois de ser filmada pelo ex-companheiro quando agredia a filha, a mulher foi presa em Montes Claros. Pelos registros, ela teria usado um fio de extens\u00e3o para agredir a crian\u00e7a, desferindo tapas no rosto e socos na cabe\u00e7a da v\u00edtima, que sofreu les\u00f5es na boca, no t\u00f3rax e nas pernas.<\/p>\n\n\n\n<p>Com as imagens, a Pol\u00edcia Civil ratificou a pris\u00e3o em flagrante da mulher, de 25 anos, por tortura. O ex-companheiro dela tamb\u00e9m foi preso, j\u00e1 que usou o v\u00eddeo para for\u00e7ar uma reconcilia\u00e7\u00e3o e deixou de socorrer a crian\u00e7a. Ele foi autuado por extors\u00e3o e tortura.<\/p>\n\n\n\n<figure class=\"wp-block-gallery columns-1 is-cropped wp-block-gallery-1 is-layout-flex wp-block-gallery-is-layout-flex\"><ul class=\"blocks-gallery-grid\"><li class=\"blocks-gallery-item\"><figure><img loading=\"lazy\" decoding=\"async\" width=\"820\" height=\"492\" src=\"http:\/\/aconteceunovale.com.br\/portal\/wp-content\/uploads\/2020\/04\/agressao_moc.jpg\" alt=\"\" data-id=\"161703\" data-full-url=\"http:\/\/aconteceunovale.com.br\/portal\/wp-content\/uploads\/2020\/04\/agressao_moc.jpg\" data-link=\"http:\/\/aconteceunovale.com.br\/portal\/?attachment_id=161703\" class=\"wp-image-161703\" srcset=\"https:\/\/aconteceunovale.com.br\/portal\/wp-content\/uploads\/2020\/04\/agressao_moc.jpg 820w, https:\/\/aconteceunovale.com.br\/portal\/wp-content\/uploads\/2020\/04\/agressao_moc-300x180.jpg 300w, https:\/\/aconteceunovale.com.br\/portal\/wp-content\/uploads\/2020\/04\/agressao_moc-768x461.jpg 768w, https:\/\/aconteceunovale.com.br\/portal\/wp-content\/uploads\/2020\/04\/agressao_moc-696x418.jpg 696w, https:\/\/aconteceunovale.com.br\/portal\/wp-content\/uploads\/2020\/04\/agressao_moc-700x420.jpg 700w\" sizes=\"auto, (max-width: 820px) 100vw, 820px\" \/><figcaption class=\"blocks-gallery-item__caption\"><em>Menina foi agredida com fios de uma extens\u00e3o &#8211; Foto: Divulga\u00e7\u00e3o<\/em><\/figcaption><\/figure><\/li><\/ul><\/figure>\n\n\n\n<p><strong>A investiga\u00e7\u00e3o<\/strong><\/p>\n\n\n\n<p>O levantamento da Pol\u00edcia Civil revela que o casal estava separado h\u00e1 cerca de um ano e havia medida protetiva para a m\u00e3e, entretanto, no dia 13 de abril, o suspeito confessou em depoimento que foi at\u00e9 \u00e0 casa da suspeita para levar leite para os dois filhos deles, quando presenciou as agress\u00f5es e filmou. Alegou, ainda, que a crian\u00e7a pegou preservativos da m\u00e3e para brincar, por isso, ela agrediu a filha. Relatou ainda que pediu para a m\u00e3e parar, mas n\u00e3o socorreu a v\u00edtima porque a menina n\u00e3o \u00e9 filha dele.<\/p>\n\n\n\n<p>Em suas declara\u00e7\u00f5es, a mulher disse que apenas corrigiu a filha, j\u00e1 que ela tinha pegado dinheiro escondido, afirmando que foi a primeira vez que bateu na crian\u00e7a, com quem tem rela\u00e7\u00e3o de afeto. A Pol\u00edcia Civil investigou a vida pregressa do ex-casal. Contra a mulher nada foi encontrado, j\u00e1 em desfavor do homem h\u00e1 registros anteriores, amea\u00e7as e crime de tr\u00e2nsito.<\/p>\n\n\n\n<p>O fio de extens\u00e3o, usado nas agress\u00f5es, foi apreendido pela PCMG, e os suspeitos foram autuados em flagrante. A Delegada M\u00f4nica Brandi disse que os elementos de comprova\u00e7\u00e3o de autoria e materialidade s\u00e3o inquestion\u00e1veis, sendo assim, concluiu pelo indiciamento dos suspeitos: a m\u00e3e pelo crime de tortura, previsto no Artigo 1\u00ba, II da Lei 9455\/97, e o suspeito por infringir o disposto no artigo 158 do C\u00f3digo Penal.<\/p>\n\n\n\n<p>A crian\u00e7a passou por avalia\u00e7\u00e3o psicol\u00f3gica e psiquiatra e encontra-se sob os cuidados de uma tia materna, sendo acompanhada pelo Conselho Tutelar. &#8220;A Pol\u00edcia Civil refor\u00e7a a import\u00e2ncia da popula\u00e7\u00e3o em denunciar crimes praticados contra crian\u00e7as no seio familiar. Os pais t\u00eam o dever de zelar pelo bem-estar dos filhos, excessos devem ser denunciados e investigados pelos \u00f3rg\u00e3os competentes&#8221;, finalizou a Delegada.<\/p>\n\n\n\n<p class=\"has-background has-very-light-gray-background-color\">Quer saber as not\u00edcias do <strong>Aconteceu no Vale<\/strong> em primeira m\u00e3o? Siga-nos no Facebook <a rel=\"noreferrer noopener\" href=\"http:\/\/facebook.com\/aconteceunovale\" target=\"_blank\">@aconteceunovale<\/a>, Twitter <a rel=\"noreferrer noopener\" href=\"https:\/\/twitter.com\/noticiadosvales\" target=\"_blank\">@noticiadosvales<\/a> e Instagram <a rel=\"noreferrer noopener\" href=\"https:\/\/www.instagram.com\/aconteceunovale\" target=\"_blank\">@aconteceunovale<\/a>.<\/p>\n","protected":false},"excerpt":{"rendered":"<p>A Pol\u00edcia Civil de Minas Gerais (PCMG) em Montes Claros, no Norte do Estado, concluiu nesta segunda-feira (27\/04\/2020) inqu\u00e9rito que apurou crime de tortura cometido por uma m\u00e3e. Segundo as investiga\u00e7\u00f5es, ela agrediu uma filha de sete anos com requintes de crueldade. O ex-companheiro da suspeita foi indiciado por extors\u00e3o. O crime Depois de ser [&hellip;]<\/p>\n","protected":false},"author":1,"featured_media":161703,"comment_status":"open","ping_status":"closed","sticky":false,"template":"","format":"standard","meta":{"amp_status":"","footnotes":""},"categories":[1236],"tags":[220858,157105,68567,220859,220617,204383,86200,210,165013,109589,219673,220857,604,219671,220618,44644,219672],"class_list":{"0":"post-161702","1":"post","2":"type-post","3":"status-publish","4":"format-standard","5":"has-post-thumbnail","6":"hentry","7":"category-norte_de_minas","8":"tag-agressao-contra-crianca-em-montes-claros","9":"tag-assassinato-de-crianca-em-montes-claros","10":"tag-bruno-rezende","13":"tag-crime-barbaro-em-montes-claros","14":"tag-delegado-bruno-rezende","15":"tag-montes-claros","16":"tag-morte-de-crianca-em-montes-claros","17":"tag-mulher-presa-em-montes-claros","18":"tag-mulher-presa-por-mata-crianca-em-montes-claros","19":"tag-mulher-que-agrediu-filha-em-montes-claros-e-indiciada-por-tortura","20":"tag-pcmg","21":"tag-policia-civil-apura-morte-de-crianca-em-montes-claros-e-prende-a-mae-da-vitima","22":"tag-policia-civil-conclui-inquerito-sobre-morte-de-crianca-em-montes-claros","23":"tag-policia-civil-de-minas-gerais","24":"tag-prisao-de-mulher-em-montes-claros"},"_links":{"self":[{"href":"https:\/\/aconteceunovale.com.br\/portal\/index.php?rest_route=\/wp\/v2\/posts\/161702","targetHints":{"allow":["GET"]}}],"collection":[{"href":"https:\/\/aconteceunovale.com.br\/portal\/index.php?rest_route=\/wp\/v2\/posts"}],"about":[{"href":"https:\/\/aconteceunovale.com.br\/portal\/index.php?rest_route=\/wp\/v2\/types\/post"}],"author":[{"embeddable":true,"href":"https:\/\/aconteceunovale.com.br\/portal\/index.php?rest_route=\/wp\/v2\/users\/1"}],"replies":[{"embeddable":true,"href":"https:\/\/aconteceunovale.com.br\/portal\/index.php?rest_route=%2Fwp%2Fv2%2Fcomments&post=161702"}],"version-history":[{"count":3,"href":"https:\/\/aconteceunovale.com.br\/portal\/index.php?rest_route=\/wp\/v2\/posts\/161702\/revisions"}],"predecessor-version":[{"id":161706,"href":"https:\/\/aconteceunovale.com.br\/portal\/index.php?rest_route=\/wp\/v2\/posts\/161702\/revisions\/161706"}],"wp:featuredmedia":[{"embeddable":true,"href":"https:\/\/aconteceunovale.com.br\/portal\/index.php?rest_route=\/wp\/v2\/media\/161703"}],"wp:attachment":[{"href":"https:\/\/aconteceunovale.com.br\/portal\/index.php?rest_route=%2Fwp%2Fv2%2Fmedia&parent=161702"}],"wp:term":[{"taxonomy":"category","embeddable":true,"href":"https:\/\/aconteceunovale.com.br\/portal\/index.php?rest_route=%2Fwp%2Fv2%2Fcategories&post=161702"},{"taxonomy":"post_tag","embeddable":true,"href":"https:\/\/aconteceunovale.com.br\/portal\/index.php?rest_route=%2Fwp%2Fv2%2Ftags&post=161702"}],"curies":[{"name":"wp","href":"https:\/\/api.w.org\/{rel}","templated":true}]}}