{"id":161694,"date":"2020-04-27T21:57:10","date_gmt":"2020-04-28T00:57:10","guid":{"rendered":"http:\/\/aconteceunovale.com.br\/portal\/?p=161694"},"modified":"2020-04-27T22:04:28","modified_gmt":"2020-04-28T01:04:28","slug":"policia-civil-ratifica-prisao-de-suspeito-de-homicidio-em-turmalina","status":"publish","type":"post","link":"https:\/\/aconteceunovale.com.br\/portal\/?p=161694","title":{"rendered":"Pol\u00edcia Civil ratifica pris\u00e3o de suspeito de homic\u00eddio em Turmalina"},"content":{"rendered":"\n<p>Um homem de 46 anos foi preso em flagrante na noite de sexta-feira (24\/04\/2020), na Zona Rural de Turmalina, pelas Pol\u00edcias Civil e Militar. Ele \u00e9 suspeito de matar o irm\u00e3o, de 43, ap\u00f3s uma discuss\u00e3o nesse mesmo dia, no povoado Olhos d\u2019\u00c1gua.<\/p>\n\n\n\n<p>De acordo com o Delegado Felipe Pontual Meira Rosa, o desentendimento culminou no homic\u00eddio a golpes de foice. \u201cO suspeito fugiu do local e se escondeu na mata, mas equipes da PCMG e PM continuaram no local, at\u00e9 o t\u00e9rmino do trabalho da per\u00edcia, quando o suspeito do crime voltou e foi preso em flagrante\u201d, contou.<\/p>\n\n\n\n<p>Segundo relatos de familiares \u00e0 pol\u00edcia, suspeito e v\u00edtima bebiam muito e nunca tiveram uma boa rela\u00e7\u00e3o. O homem disse aos policiais que a v\u00edtima, que \u00e9 seu irm\u00e3o, o acusou de subtrair a carteira dele com documentos e dinheiro. Contou, ainda, que descontrolada, a v\u00edtima o agrediu e tentou mat\u00e1-lo com uma faca.<\/p>\n\n\n\n<p>Para se defender, segundo a PCMG, o suspeito disse ter se apropriado de uma foice e desferiu golpes, ocasionando a morte do irm\u00e3o. Ele foi conduzido para a Delegacia de Plant\u00e3o de Capelinha, onde foi ratificado o flagrante por crime de homic\u00eddio. Depois, o homem foi levado para o Sistema Prisional e ficar\u00e1 \u00e0 disposi\u00e7\u00e3o da Justi\u00e7a.<\/p>\n\n\n\n<figure class=\"wp-block-gallery columns-1 is-cropped wp-block-gallery-1 is-layout-flex wp-block-gallery-is-layout-flex\"><ul class=\"blocks-gallery-grid\"><li class=\"blocks-gallery-item\"><figure><img loading=\"lazy\" decoding=\"async\" width=\"649\" height=\"450\" src=\"http:\/\/aconteceunovale.com.br\/portal\/wp-content\/uploads\/2020\/04\/homicidio_turmalina2.jpeg\" alt=\"\" data-id=\"161697\" data-full-url=\"http:\/\/aconteceunovale.com.br\/portal\/wp-content\/uploads\/2020\/04\/homicidio_turmalina2.jpeg\" data-link=\"http:\/\/aconteceunovale.com.br\/portal\/?attachment_id=161697\" class=\"wp-image-161697\" srcset=\"https:\/\/aconteceunovale.com.br\/portal\/wp-content\/uploads\/2020\/04\/homicidio_turmalina2.jpeg 649w, https:\/\/aconteceunovale.com.br\/portal\/wp-content\/uploads\/2020\/04\/homicidio_turmalina2-300x208.jpeg 300w, https:\/\/aconteceunovale.com.br\/portal\/wp-content\/uploads\/2020\/04\/homicidio_turmalina2-100x70.jpeg 100w, https:\/\/aconteceunovale.com.br\/portal\/wp-content\/uploads\/2020\/04\/homicidio_turmalina2-218x150.jpeg 218w, https:\/\/aconteceunovale.com.br\/portal\/wp-content\/uploads\/2020\/04\/homicidio_turmalina2-606x420.jpeg 606w\" sizes=\"auto, (max-width: 649px) 100vw, 649px\" \/><figcaption class=\"blocks-gallery-item__caption\"><em>Foto: Divulga\u00e7\u00e3o \/ PCMG<\/em><\/figcaption><\/figure><\/li><\/ul><\/figure>\n\n\n\n<p class=\"has-background has-very-light-gray-background-color\">Quer saber as not\u00edcias do <strong>Aconteceu no Vale<\/strong> em primeira m\u00e3o? Siga-nos no Facebook <a rel=\"noreferrer noopener\" href=\"http:\/\/facebook.com\/aconteceunovale\" target=\"_blank\">@aconteceunovale<\/a>, Twitter <a rel=\"noreferrer noopener\" href=\"https:\/\/twitter.com\/noticiadosvales\" target=\"_blank\">@noticiadosvales<\/a> e Instagram <a rel=\"noreferrer noopener\" href=\"https:\/\/www.instagram.com\/aconteceunovale\" target=\"_blank\">@aconteceunovale<\/a>.<\/p>\n","protected":false},"excerpt":{"rendered":"<p>Um homem de 46 anos foi preso em flagrante na noite de sexta-feira (24\/04\/2020), na Zona Rural de Turmalina, pelas Pol\u00edcias Civil e Militar. Ele \u00e9 suspeito de matar o irm\u00e3o, de 43, ap\u00f3s uma discuss\u00e3o nesse mesmo dia, no povoado Olhos d\u2019\u00c1gua. De acordo com o Delegado Felipe Pontual Meira Rosa, o desentendimento culminou [&hellip;]<\/p>\n","protected":false},"author":1,"featured_media":161697,"comment_status":"open","ping_status":"closed","sticky":false,"template":"","format":"standard","meta":{"amp_status":"","footnotes":""},"categories":[120],"tags":[220644,216729,220650,220649,220645,220646,52761,220648,220647,220856,220643,178],"class_list":["post-161694","post","type-post","status-publish","format-standard","has-post-thumbnail","hentry","category-jequi","tag-briga-entre-irmaos-em-turmalina","tag-delegado-felipe-pontual-meira-rosa","tag-dilson-jose-alves-da-silva","tag-fratricidio-e-registrado-no-municipio-de-turmalina","tag-fratricidio-em-turmalina","tag-homem-mata-o-irmao-em-turmalina","tag-homicidio-em-turmalina","tag-morto-a-golpes-de-foice-em-turmalina","tag-morto-pelo-irmao-em-turmalina","tag-policia-civil-ratifica-prisao-de-suspeito-de-homicidio-em-turmalina","tag-preso-apos-matar-o-irmao-em-turmalina","tag-turmalina"],"_links":{"self":[{"href":"https:\/\/aconteceunovale.com.br\/portal\/index.php?rest_route=\/wp\/v2\/posts\/161694","targetHints":{"allow":["GET"]}}],"collection":[{"href":"https:\/\/aconteceunovale.com.br\/portal\/index.php?rest_route=\/wp\/v2\/posts"}],"about":[{"href":"https:\/\/aconteceunovale.com.br\/portal\/index.php?rest_route=\/wp\/v2\/types\/post"}],"author":[{"embeddable":true,"href":"https:\/\/aconteceunovale.com.br\/portal\/index.php?rest_route=\/wp\/v2\/users\/1"}],"replies":[{"embeddable":true,"href":"https:\/\/aconteceunovale.com.br\/portal\/index.php?rest_route=%2Fwp%2Fv2%2Fcomments&post=161694"}],"version-history":[{"count":1,"href":"https:\/\/aconteceunovale.com.br\/portal\/index.php?rest_route=\/wp\/v2\/posts\/161694\/revisions"}],"predecessor-version":[{"id":161698,"href":"https:\/\/aconteceunovale.com.br\/portal\/index.php?rest_route=\/wp\/v2\/posts\/161694\/revisions\/161698"}],"wp:featuredmedia":[{"embeddable":true,"href":"https:\/\/aconteceunovale.com.br\/portal\/index.php?rest_route=\/wp\/v2\/media\/161697"}],"wp:attachment":[{"href":"https:\/\/aconteceunovale.com.br\/portal\/index.php?rest_route=%2Fwp%2Fv2%2Fmedia&parent=161694"}],"wp:term":[{"taxonomy":"category","embeddable":true,"href":"https:\/\/aconteceunovale.com.br\/portal\/index.php?rest_route=%2Fwp%2Fv2%2Fcategories&post=161694"},{"taxonomy":"post_tag","embeddable":true,"href":"https:\/\/aconteceunovale.com.br\/portal\/index.php?rest_route=%2Fwp%2Fv2%2Ftags&post=161694"}],"curies":[{"name":"wp","href":"https:\/\/api.w.org\/{rel}","templated":true}]}}