{"id":161690,"date":"2020-04-27T21:32:12","date_gmt":"2020-04-28T00:32:12","guid":{"rendered":"http:\/\/aconteceunovale.com.br\/portal\/?p=161690"},"modified":"2020-04-27T21:33:11","modified_gmt":"2020-04-28T00:33:11","slug":"policia-civil-conclui-inquerito-sobre-morte-de-motorista-de-aplicativo-no-vale-do-aco","status":"publish","type":"post","link":"https:\/\/aconteceunovale.com.br\/portal\/?p=161690","title":{"rendered":"Pol\u00edcia Civil conclui inqu\u00e9rito sobre morte de motorista de aplicativo no Vale do A\u00e7o"},"content":{"rendered":"\n<p>A Pol\u00edcia Civil de Minas Gerais (PCMG), em Coronel Fabriciano, concluiu nesta segunda-feira (27\/04\/2020) as investiga\u00e7\u00f5es da morte de um motorista de aplicativos Marcelo Andrez Ribeiro Cardoso, de 29 anos, ocorrida no dia 2 de fevereiro deste ano. Durante as investiga\u00e7\u00f5es, quatro indiv\u00edduos, com idades entre 18 e 31 anos, foram apontados como os suspeitos do crime.<\/p>\n\n\n\n<p>Os suspeitos de 18 e 31 anos j\u00e1 se encontram presos preventivamente, e os outros dois, de 22 anos, est\u00e3o foragidos.<\/p>\n\n\n\n<p>De acordo com a apura\u00e7\u00e3o, os suspeitos acionaram a v\u00edtima atrav\u00e9s de um aplicativo de transportes no bairro Morada do Vale, em Coronel Fabriciano, com destino ao bairro Cachoeira do Vale, em Tim\u00f3teo. Ao chegarem ao destino, os indiv\u00edduos anunciaram o assalto e, primeiro, levaram o motorista at\u00e9 ao bairro Petr\u00f3polis, tamb\u00e9m em Tim\u00f3teo.<\/p>\n\n\n\n<p>Entretanto, ap\u00f3s os acontecimentos, a v\u00edtima foi levada pelos criminosos at\u00e9 a regi\u00e3o conhecida como \u201cHorto Baratinha\u201d, pr\u00f3ximo \u00e0 empresa Bemisa, na regi\u00e3o de Ant\u00f4nio Dias. Nesse local, os indiv\u00edduos assassinaram o motorista com quatro disparos de arma de fogo calibre 38, na regi\u00e3o da cabe\u00e7a, sem oferecer chance de defesa, com o prop\u00f3sito de roubar o ve\u00edculo da v\u00edtima. Ap\u00f3s a execu\u00e7\u00e3o, os suspeitos se apoderaram do autom\u00f3vel, mas em seguida o abandonam em um matagal, por acreditarem que o ve\u00edculo era equipado com rastreador.<\/p>\n\n\n\n<p>\u201cNo decorrer das investiga\u00e7\u00f5es, ficou apurado que o desejo dos criminosos era exclusivamente matar o motorista para subtra\u00edrem o ve\u00edculo deste. Inclusive, um dos investigados confessou o crime, fornecendo os detalhes da execu\u00e7\u00e3o\u201d, afirmou o Delegado respons\u00e1vel pelo caso, Washington Alves Moreira Izaias.<\/p>\n\n\n\n<p>O inqu\u00e9rito foi encaminhado \u00e0 Justi\u00e7a em Coronel Fabriciano. Os dois foragidos s\u00e3o procurados pela Pol\u00edcia Civil.<\/p>\n\n\n\n<figure class=\"wp-block-gallery columns-1 is-cropped wp-block-gallery-1 is-layout-flex wp-block-gallery-is-layout-flex\"><ul class=\"blocks-gallery-grid\"><li class=\"blocks-gallery-item\"><figure><img loading=\"lazy\" decoding=\"async\" width=\"662\" height=\"450\" src=\"http:\/\/aconteceunovale.com.br\/portal\/wp-content\/uploads\/2020\/02\/marcelo_chileno_vitima.jpg\" alt=\"\" data-id=\"158513\" class=\"wp-image-158513\" srcset=\"https:\/\/aconteceunovale.com.br\/portal\/wp-content\/uploads\/2020\/02\/marcelo_chileno_vitima.jpg 662w, https:\/\/aconteceunovale.com.br\/portal\/wp-content\/uploads\/2020\/02\/marcelo_chileno_vitima-300x204.jpg 300w, https:\/\/aconteceunovale.com.br\/portal\/wp-content\/uploads\/2020\/02\/marcelo_chileno_vitima-618x420.jpg 618w\" sizes=\"auto, (max-width: 662px) 100vw, 662px\" \/><figcaption class=\"blocks-gallery-item__caption\"><em>A v\u00edtima Marcelo Andrez Ribeiro Cardoso tinha 29 anos &#8211; Fotos: Reprodu\u00e7\u00e3o<\/em><\/figcaption><\/figure><\/li><\/ul><\/figure>\n\n\n\n<p class=\"has-background has-very-light-gray-background-color\">Quer saber as not\u00edcias do <strong>Aconteceu no Vale<\/strong> em primeira m\u00e3o? Siga-nos no Facebook <a rel=\"noreferrer noopener\" href=\"http:\/\/facebook.com\/aconteceunovale\" target=\"_blank\">@aconteceunovale<\/a>, Twitter <a rel=\"noreferrer noopener\" href=\"https:\/\/twitter.com\/noticiadosvales\" target=\"_blank\">@noticiadosvales<\/a> e Instagram <a rel=\"noreferrer noopener\" href=\"https:\/\/www.instagram.com\/aconteceunovale\" target=\"_blank\">@aconteceunovale<\/a>.<\/p>\n","protected":false},"excerpt":{"rendered":"<p>A Pol\u00edcia Civil de Minas Gerais (PCMG), em Coronel Fabriciano, concluiu nesta segunda-feira (27\/04\/2020) as investiga\u00e7\u00f5es da morte de um motorista de aplicativos Marcelo Andrez Ribeiro Cardoso, de 29 anos, ocorrida no dia 2 de fevereiro deste ano. Durante as investiga\u00e7\u00f5es, quatro indiv\u00edduos, com idades entre 18 e 31 anos, foram apontados como os suspeitos [&hellip;]<\/p>\n","protected":false},"author":1,"featured_media":161692,"comment_status":"open","ping_status":"closed","sticky":false,"template":"","format":"standard","meta":{"amp_status":"","footnotes":""},"categories":[121,120],"tags":[1740,132,207615,1018,215952,215957,215958,215959,119588,201,215956,215954,215955,137996,215953,215948,215946,215949,215947,215950,604,220855,59838,1105,215951,207616],"class_list":{"0":"post-161690","1":"post","2":"type-post","3":"status-publish","4":"format-standard","5":"has-post-thumbnail","6":"hentry","7":"category-leste","8":"category-jequi","9":"tag-antonio-dias","10":"tag-capelinha","11":"tag-delegado-washington-alves-moreira-izaias","12":"tag-destaque","13":"tag-estudante-de-direito-morto-em-antonio-dias","14":"tag-filho-da-ana-cardoso","15":"tag-filho-da-ana-chilena","17":"tag-homicidio-em-antonio-dias","18":"tag-ipatinga","19":"tag-marcelo-andrez","20":"tag-marcelo-andrez-ribeiro-cardoso","21":"tag-marcelo-chileno","22":"tag-morto-em-antonio-dias","23":"tag-motorista-de-aplicativo-assassinado-em-antonio-dias","24":"tag-motorista-de-aplicativo-e-assassinado-em-antonio-dias","25":"tag-motorista-de-aplicativo-e-assassinado-na-zona-rural-de-antonio-dias","26":"tag-motorista-de-aplicativo-e-assassinado-no-municipio-de-antonio-dias","27":"tag-motorista-de-aplicativo-e-assassinado-no-vale-do-aco","28":"tag-motorista-de-aplicativo-morto-em-antonio-dias","29":"tag-pcmg","30":"tag-policia-civil-conclui-inquerito-sobre-morte-de-motorista-de-aplicativo-no-vale-do-aco","31":"tag-santiago","32":"tag-timoteo","33":"tag-universitario-assassinado-em-antonio-dias","34":"tag-washington-alves-moreira-izaias"},"_links":{"self":[{"href":"https:\/\/aconteceunovale.com.br\/portal\/index.php?rest_route=\/wp\/v2\/posts\/161690","targetHints":{"allow":["GET"]}}],"collection":[{"href":"https:\/\/aconteceunovale.com.br\/portal\/index.php?rest_route=\/wp\/v2\/posts"}],"about":[{"href":"https:\/\/aconteceunovale.com.br\/portal\/index.php?rest_route=\/wp\/v2\/types\/post"}],"author":[{"embeddable":true,"href":"https:\/\/aconteceunovale.com.br\/portal\/index.php?rest_route=\/wp\/v2\/users\/1"}],"replies":[{"embeddable":true,"href":"https:\/\/aconteceunovale.com.br\/portal\/index.php?rest_route=%2Fwp%2Fv2%2Fcomments&post=161690"}],"version-history":[{"count":1,"href":"https:\/\/aconteceunovale.com.br\/portal\/index.php?rest_route=\/wp\/v2\/posts\/161690\/revisions"}],"predecessor-version":[{"id":161693,"href":"https:\/\/aconteceunovale.com.br\/portal\/index.php?rest_route=\/wp\/v2\/posts\/161690\/revisions\/161693"}],"wp:featuredmedia":[{"embeddable":true,"href":"https:\/\/aconteceunovale.com.br\/portal\/index.php?rest_route=\/wp\/v2\/media\/161692"}],"wp:attachment":[{"href":"https:\/\/aconteceunovale.com.br\/portal\/index.php?rest_route=%2Fwp%2Fv2%2Fmedia&parent=161690"}],"wp:term":[{"taxonomy":"category","embeddable":true,"href":"https:\/\/aconteceunovale.com.br\/portal\/index.php?rest_route=%2Fwp%2Fv2%2Fcategories&post=161690"},{"taxonomy":"post_tag","embeddable":true,"href":"https:\/\/aconteceunovale.com.br\/portal\/index.php?rest_route=%2Fwp%2Fv2%2Ftags&post=161690"}],"curies":[{"name":"wp","href":"https:\/\/api.w.org\/{rel}","templated":true}]}}